{"id":40868,"date":"2024-01-29T15:16:16","date_gmt":"2024-01-29T15:16:16","guid":{"rendered":"https:\/\/www.achimbrueckner.de\/dxradio\/php\/wordpress\/?p=40868"},"modified":"2024-01-29T15:16:16","modified_gmt":"2024-01-29T15:16:16","slug":"risiko-cloudabschaltung-wenn-einwandfreie-hardware-plotzlich-nutzlos-wird","status":"publish","type":"post","link":"https:\/\/www.achimbrueckner.de\/dxradio\/php\/wordpress\/?p=40868","title":{"rendered":"Risiko Cloudabschaltung: Wenn einwandfreie Hardware pl\u00f6tzlich nutzlos wird"},"content":{"rendered":"<p><a href=\"https:\/\/www.heise.de\/ratgeber\/Risiko-Cloudabschaltung-Wenn-einwandfreie-Hardware-ploetzlich-nutzlos-wird-9590403.html\" rel=\"noopener\" target=\"_blank\">https:\/\/www.heise.de\/ratgeber\/Risiko-Cloudabschaltung-Wenn-einwandfreie-Hardware-ploetzlich-nutzlos-wird-9590403.html<\/a><\/p>\n","protected":false},"excerpt":{"rendered":"<p>https:\/\/www.heise.de\/ratgeber\/Risiko-Cloudabschaltung-Wenn-einwandfreie-Hardware-ploetzlich-nutzlos-wird-9590403.html<\/p>\n","protected":false},"author":1,"featured_media":0,"comment_status":"closed","ping_status":"open","sticky":false,"template":"","format":"standard","meta":{"_jetpack_memberships_contains_paid_content":false,"footnotes":"","jetpack_publicize_message":"","jetpack_publicize_feature_enabled":true,"jetpack_social_post_already_shared":true,"jetpack_social_options":{"image_generator_settings":{"template":"highway","default_image_id":0,"font":"","enabled":false},"version":2}},"categories":[1],"tags":[],"class_list":["post-40868","post","type-post","status-publish","format-standard","hentry","category-deutsch"],"jetpack_publicize_connections":[],"jetpack_featured_media_url":"","jetpack_sharing_enabled":true,"jetpack_shortlink":"https:\/\/wp.me\/p5CDmr-aDa","jetpack-related-posts":[{"id":32851,"url":"https:\/\/www.achimbrueckner.de\/dxradio\/php\/wordpress\/?p=32851","url_meta":{"origin":40868,"position":0},"title":"Sonos Radio HD: Teuer und nutzlos","author":"Administrator","date":"June 10, 2021","format":false,"excerpt":"https:\/\/www.smartphonefan.de\/2021\/06\/10\/sonos-radio-hd-teuer-und-nutzlos\/","rel":"","context":"In &quot;Deutsch&quot;","block_context":{"text":"Deutsch","link":"https:\/\/www.achimbrueckner.de\/dxradio\/php\/wordpress\/?cat=1"},"img":{"alt_text":"","src":"","width":0,"height":0},"classes":[]},{"id":30683,"url":"https:\/\/www.achimbrueckner.de\/dxradio\/php\/wordpress\/?p=30683","url_meta":{"origin":40868,"position":1},"title":"Reciva streicht die Segel: WLAN-Radios bald nutzlos","author":"Administrator","date":"November 5, 2020","format":false,"excerpt":"https:\/\/www.smartphonefan.de\/2020\/11\/05\/reciva-streicht-die-segel-wlan-radios-bald-nutzlos\/","rel":"","context":"In &quot;Deutsch&quot;","block_context":{"text":"Deutsch","link":"https:\/\/www.achimbrueckner.de\/dxradio\/php\/wordpress\/?cat=1"},"img":{"alt_text":"","src":"","width":0,"height":0},"classes":[]},{"id":8670,"url":"https:\/\/www.achimbrueckner.de\/dxradio\/php\/wordpress\/?p=8670","url_meta":{"origin":40868,"position":2},"title":"Die Digitalisierung der Medien \u2013 Chance nicht Risiko","author":"Administrator","date":"June 30, 2016","format":false,"excerpt":"http:\/\/knows-magazin.de\/die-digitalisierung-der-medien-chance-nicht-risiko\/","rel":"","context":"In &quot;Deutsch&quot;","block_context":{"text":"Deutsch","link":"https:\/\/www.achimbrueckner.de\/dxradio\/php\/wordpress\/?cat=1"},"img":{"alt_text":"","src":"","width":0,"height":0},"classes":[]},{"id":9018,"url":"https:\/\/www.achimbrueckner.de\/dxradio\/php\/wordpress\/?p=9018","url_meta":{"origin":40868,"position":3},"title":"&#8220;Maximales Risiko&#8221; bei \u00d63, Grasl will FM4 j\u00fcnger positionieren","author":"Administrator","date":"August 2, 2016","format":false,"excerpt":"http:\/\/derstandard.at\/2000042103508\/Maximales-Risiko-bei-Oe3-Grasl-will-FM4-juenger-positionieren","rel":"","context":"In &quot;Deutsch&quot;","block_context":{"text":"Deutsch","link":"https:\/\/www.achimbrueckner.de\/dxradio\/php\/wordpress\/?cat=1"},"img":{"alt_text":"","src":"","width":0,"height":0},"classes":[]},{"id":29581,"url":"https:\/\/www.achimbrueckner.de\/dxradio\/php\/wordpress\/?p=29581","url_meta":{"origin":40868,"position":4},"title":"\u201eDas gr\u00f6\u00dfte Risiko ist regionales UKW-Radio\u201c","author":"Administrator","date":"July 28, 2020","format":false,"excerpt":"https:\/\/www.medienpolitik.net\/2020\/07\/das-groesste-risiko-ist-regionales-ukw-radio\/","rel":"","context":"In &quot;Deutsch&quot;","block_context":{"text":"Deutsch","link":"https:\/\/www.achimbrueckner.de\/dxradio\/php\/wordpress\/?cat=1"},"img":{"alt_text":"","src":"","width":0,"height":0},"classes":[]},{"id":25211,"url":"https:\/\/www.achimbrueckner.de\/dxradio\/php\/wordpress\/?p=25211","url_meta":{"origin":40868,"position":5},"title":"Sicherheit von 5G-Netzen: EU-Staaten halten Staats-Hacking f\u00fcr gr\u00f6\u00dftes Risiko","author":"Administrator","date":"October 9, 2019","format":false,"excerpt":"https:\/\/netzpolitik.org\/2019\/sicherheit-von-5g-netzen-eu-staaten-halten-staats-hacking-fuer-groesstes-risiko\/","rel":"","context":"In &quot;Deutsch&quot;","block_context":{"text":"Deutsch","link":"https:\/\/www.achimbrueckner.de\/dxradio\/php\/wordpress\/?cat=1"},"img":{"alt_text":"","src":"","width":0,"height":0},"classes":[]}],"_links":{"self":[{"href":"https:\/\/www.achimbrueckner.de\/dxradio\/php\/wordpress\/index.php?rest_route=\/wp\/v2\/posts\/40868","targetHints":{"allow":["GET"]}}],"collection":[{"href":"https:\/\/www.achimbrueckner.de\/dxradio\/php\/wordpress\/index.php?rest_route=\/wp\/v2\/posts"}],"about":[{"href":"https:\/\/www.achimbrueckner.de\/dxradio\/php\/wordpress\/index.php?rest_route=\/wp\/v2\/types\/post"}],"author":[{"embeddable":true,"href":"https:\/\/www.achimbrueckner.de\/dxradio\/php\/wordpress\/index.php?rest_route=\/wp\/v2\/users\/1"}],"replies":[{"embeddable":true,"href":"https:\/\/www.achimbrueckner.de\/dxradio\/php\/wordpress\/index.php?rest_route=%2Fwp%2Fv2%2Fcomments&post=40868"}],"version-history":[{"count":0,"href":"https:\/\/www.achimbrueckner.de\/dxradio\/php\/wordpress\/index.php?rest_route=\/wp\/v2\/posts\/40868\/revisions"}],"wp:attachment":[{"href":"https:\/\/www.achimbrueckner.de\/dxradio\/php\/wordpress\/index.php?rest_route=%2Fwp%2Fv2%2Fmedia&parent=40868"}],"wp:term":[{"taxonomy":"category","embeddable":true,"href":"https:\/\/www.achimbrueckner.de\/dxradio\/php\/wordpress\/index.php?rest_route=%2Fwp%2Fv2%2Fcategories&post=40868"},{"taxonomy":"post_tag","embeddable":true,"href":"https:\/\/www.achimbrueckner.de\/dxradio\/php\/wordpress\/index.php?rest_route=%2Fwp%2Fv2%2Ftags&post=40868"}],"curies":[{"name":"wp","href":"https:\/\/api.w.org\/{rel}","templated":true}]}}