{"id":4106,"date":"2015-02-14T18:34:50","date_gmt":"2015-02-14T18:34:50","guid":{"rendered":"https:\/\/www.achimbrueckner.de\/dxradio\/php\/wordpress\/?p=4106"},"modified":"2015-02-14T18:34:50","modified_gmt":"2015-02-14T18:34:50","slug":"heiligenstadter-will-die-jugend-fur-radio-technik-begeistern","status":"publish","type":"post","link":"https:\/\/www.achimbrueckner.de\/dxradio\/php\/wordpress\/?p=4106","title":{"rendered":"Heiligenst\u00e4dter will die Jugend f\u00fcr Radio-Technik begeistern"},"content":{"rendered":"<p><a href=\"http:\/\/eichsfeld.thueringer-allgemeine.de\/web\/lokal\/leben\/detail\/-\/specific\/Heiligenstaedter-will-die-Jugend-fuer-Radio-Technik-begeistern-2074973354\" target=\"_blank\">http:\/\/eichsfeld.thueringer-allgemeine.de\/web\/lokal\/leben\/detail\/-\/specific\/Heiligenstaedter-will-die-Jugend-fuer-Radio-Technik-begeistern-2074973354<\/a><\/p>\n","protected":false},"excerpt":{"rendered":"<p>http:\/\/eichsfeld.thueringer-allgemeine.de\/web\/lokal\/leben\/detail\/-\/specific\/Heiligenstaedter-will-die-Jugend-fuer-Radio-Technik-begeistern-2074973354<\/p>\n","protected":false},"author":1,"featured_media":0,"comment_status":"open","ping_status":"open","sticky":false,"template":"","format":"standard","meta":{"_jetpack_memberships_contains_paid_content":false,"footnotes":"","jetpack_publicize_message":"","jetpack_publicize_feature_enabled":true,"jetpack_social_post_already_shared":true,"jetpack_social_options":{"image_generator_settings":{"template":"highway","default_image_id":0,"font":"","enabled":false},"version":2}},"categories":[1],"tags":[],"class_list":["post-4106","post","type-post","status-publish","format-standard","hentry","category-deutsch"],"jetpack_publicize_connections":[],"jetpack_featured_media_url":"","jetpack_sharing_enabled":true,"jetpack_shortlink":"https:\/\/wp.me\/p5CDmr-14e","jetpack-related-posts":[{"id":31017,"url":"https:\/\/www.achimbrueckner.de\/dxradio\/php\/wordpress\/?p=31017","url_meta":{"origin":4106,"position":0},"title":"Medien m\u00fcssen Junge begeistern k\u00f6nnen, sonst verlieren sie die Zukunftsf\u00e4higkeit","author":"Administrator","date":"December 5, 2020","format":false,"excerpt":"https:\/\/www.horizont.net\/schweiz\/kommentare\/medienkonsum-der-jugend-medien-muessen-junge-begeistern-koennen-sonst-verlieren-sie-die-zukunftsfaehigkeit-187213","rel":"","context":"In &quot;Deutsch&quot;","block_context":{"text":"Deutsch","link":"https:\/\/www.achimbrueckner.de\/dxradio\/php\/wordpress\/?cat=1"},"img":{"alt_text":"","src":"","width":0,"height":0},"classes":[]},{"id":23876,"url":"https:\/\/www.achimbrueckner.de\/dxradio\/php\/wordpress\/?p=23876","url_meta":{"origin":4106,"position":1},"title":"\u201eJugend h\u00f6rt\u201c: Radio ist keine Frage des Alters","author":"Administrator","date":"July 18, 2019","format":false,"excerpt":"https:\/\/www.infosat.de\/radio\/jugend-h-rt-radio-ist-keine-frage-des-alters","rel":"","context":"In &quot;Deutsch&quot;","block_context":{"text":"Deutsch","link":"https:\/\/www.achimbrueckner.de\/dxradio\/php\/wordpress\/?cat=1"},"img":{"alt_text":"","src":"","width":0,"height":0},"classes":[]},{"id":12973,"url":"https:\/\/www.achimbrueckner.de\/dxradio\/php\/wordpress\/?p=12973","url_meta":{"origin":4106,"position":2},"title":"Kulturrucksack l\u00e4dt Jugend ins Radio ein","author":"Administrator","date":"April 25, 2017","format":false,"excerpt":"http:\/\/www.wp.de\/staedte\/meschede-und-umland\/kulturrucksack-laedt-jugend-ins-radio-ein-id210356041.html","rel":"","context":"In &quot;Deutsch&quot;","block_context":{"text":"Deutsch","link":"https:\/\/www.achimbrueckner.de\/dxradio\/php\/wordpress\/?cat=1"},"img":{"alt_text":"","src":"","width":0,"height":0},"classes":[]},{"id":30565,"url":"https:\/\/www.achimbrueckner.de\/dxradio\/php\/wordpress\/?p=30565","url_meta":{"origin":4106,"position":3},"title":"Mediennutzung: Die Jugend h\u00f6rt","author":"Administrator","date":"October 24, 2020","format":false,"excerpt":"https:\/\/www.buchreport.de\/news\/die-jugend-hoert\/","rel":"","context":"In &quot;Deutsch&quot;","block_context":{"text":"Deutsch","link":"https:\/\/www.achimbrueckner.de\/dxradio\/php\/wordpress\/?cat=1"},"img":{"alt_text":"","src":"","width":0,"height":0},"classes":[]},{"id":13106,"url":"https:\/\/www.achimbrueckner.de\/dxradio\/php\/wordpress\/?p=13106","url_meta":{"origin":4106,"position":4},"title":"Denken Sie nicht immer nur an Monetarisierung, begeistern Sie lieber Ihre H\u00f6rer!","author":"Administrator","date":"May 9, 2017","format":false,"excerpt":"http:\/\/www.radioszene.de\/104318\/radio-monetarisierung.html","rel":"","context":"In &quot;Deutsch&quot;","block_context":{"text":"Deutsch","link":"https:\/\/www.achimbrueckner.de\/dxradio\/php\/wordpress\/?cat=1"},"img":{"alt_text":"","src":"","width":0,"height":0},"classes":[]},{"id":16979,"url":"https:\/\/www.achimbrueckner.de\/dxradio\/php\/wordpress\/?p=16979","url_meta":{"origin":4106,"position":5},"title":"Funksignale begeistern Fans auch im Handy-Zeitalter","author":"Administrator","date":"March 20, 2018","format":false,"excerpt":"https:\/\/www.waz.de\/staedte\/essen\/funksignale-begeistern-fans-auch-im-handy-zeitalter-id213755287.html","rel":"","context":"In &quot;Deutsch&quot;","block_context":{"text":"Deutsch","link":"https:\/\/www.achimbrueckner.de\/dxradio\/php\/wordpress\/?cat=1"},"img":{"alt_text":"","src":"","width":0,"height":0},"classes":[]}],"_links":{"self":[{"href":"https:\/\/www.achimbrueckner.de\/dxradio\/php\/wordpress\/index.php?rest_route=\/wp\/v2\/posts\/4106","targetHints":{"allow":["GET"]}}],"collection":[{"href":"https:\/\/www.achimbrueckner.de\/dxradio\/php\/wordpress\/index.php?rest_route=\/wp\/v2\/posts"}],"about":[{"href":"https:\/\/www.achimbrueckner.de\/dxradio\/php\/wordpress\/index.php?rest_route=\/wp\/v2\/types\/post"}],"author":[{"embeddable":true,"href":"https:\/\/www.achimbrueckner.de\/dxradio\/php\/wordpress\/index.php?rest_route=\/wp\/v2\/users\/1"}],"replies":[{"embeddable":true,"href":"https:\/\/www.achimbrueckner.de\/dxradio\/php\/wordpress\/index.php?rest_route=%2Fwp%2Fv2%2Fcomments&post=4106"}],"version-history":[{"count":0,"href":"https:\/\/www.achimbrueckner.de\/dxradio\/php\/wordpress\/index.php?rest_route=\/wp\/v2\/posts\/4106\/revisions"}],"wp:attachment":[{"href":"https:\/\/www.achimbrueckner.de\/dxradio\/php\/wordpress\/index.php?rest_route=%2Fwp%2Fv2%2Fmedia&parent=4106"}],"wp:term":[{"taxonomy":"category","embeddable":true,"href":"https:\/\/www.achimbrueckner.de\/dxradio\/php\/wordpress\/index.php?rest_route=%2Fwp%2Fv2%2Fcategories&post=4106"},{"taxonomy":"post_tag","embeddable":true,"href":"https:\/\/www.achimbrueckner.de\/dxradio\/php\/wordpress\/index.php?rest_route=%2Fwp%2Fv2%2Ftags&post=4106"}],"curies":[{"name":"wp","href":"https:\/\/api.w.org\/{rel}","templated":true}]}}