{"id":4107,"date":"2015-02-15T07:43:06","date_gmt":"2015-02-15T07:43:06","guid":{"rendered":"https:\/\/www.achimbrueckner.de\/dxradio\/php\/wordpress\/?p=4107"},"modified":"2015-02-15T07:43:06","modified_gmt":"2015-02-15T07:43:06","slug":"das-lange-sterben-auf-den-kurzen-wellen","status":"publish","type":"post","link":"https:\/\/www.achimbrueckner.de\/dxradio\/php\/wordpress\/?p=4107","title":{"rendered":"Das lange Sterben auf den kurzen Wellen"},"content":{"rendered":"<p><a href=\"http:\/\/www.mittelbayerische.de\/nachrichten\/oberpfalz-bayern\/artikel\/das-lange-sterben-auf-den-kurzen-wellen\/1191565\/das-lange-sterben-auf-den-kurzen-wellen.html#1191565\" target=\"_blank\">http:\/\/www.mittelbayerische.de\/nachrichten\/oberpfalz-bayern\/artikel\/das-lange-sterben-auf-den-kurzen-wellen\/1191565\/das-lange-sterben-auf-den-kurzen-wellen.html#1191565<\/a><\/p>\n","protected":false},"excerpt":{"rendered":"<p>http:\/\/www.mittelbayerische.de\/nachrichten\/oberpfalz-bayern\/artikel\/das-lange-sterben-auf-den-kurzen-wellen\/1191565\/das-lange-sterben-auf-den-kurzen-wellen.html#1191565<\/p>\n","protected":false},"author":1,"featured_media":0,"comment_status":"open","ping_status":"open","sticky":false,"template":"","format":"standard","meta":{"_jetpack_memberships_contains_paid_content":false,"footnotes":"","jetpack_publicize_message":"","jetpack_publicize_feature_enabled":true,"jetpack_social_post_already_shared":true,"jetpack_social_options":{"image_generator_settings":{"template":"highway","default_image_id":0,"font":"","enabled":false},"version":2}},"categories":[1],"tags":[],"class_list":["post-4107","post","type-post","status-publish","format-standard","hentry","category-deutsch"],"jetpack_publicize_connections":[],"jetpack_featured_media_url":"","jetpack_sharing_enabled":true,"jetpack_shortlink":"https:\/\/wp.me\/p5CDmr-14f","jetpack-related-posts":[{"id":36,"url":"https:\/\/www.achimbrueckner.de\/dxradio\/php\/wordpress\/?p=36","url_meta":{"origin":4107,"position":0},"title":"Sendepl\u00e4ne A06","author":"Administrator","date":"April 25, 2006","format":false,"excerpt":"Die Sendepl\u00e4ne f\u00fcr die Sendeperiode A06 auf Kurzwelle sind nun im web erh\u00e4ltlich. Der A06-Plan der offiziellen Organisation HFCC erh\u00e4lt man unter HFCC. Der ausgezeichnete Plan von Eike Bierwirth ist unter Eike Bierwirth erh\u00e4ltlich. Zusammen mit den H\u00f6rfahrpl\u00e4nen der ADDX unter ADDX-H\u00f6rfahrpl\u00e4ne ergibt dies ein recht vollst\u00e4ndiges Bild, was sich\u2026","rel":"","context":"In &quot;Deutsch&quot;","block_context":{"text":"Deutsch","link":"https:\/\/www.achimbrueckner.de\/dxradio\/php\/wordpress\/?cat=1"},"img":{"alt_text":"","src":"","width":0,"height":0},"classes":[]},{"id":20913,"url":"https:\/\/www.achimbrueckner.de\/dxradio\/php\/wordpress\/?p=20913","url_meta":{"origin":4107,"position":1},"title":"Das lange Ende der kurzen Welle","author":"Administrator","date":"January 13, 2019","format":false,"excerpt":"https:\/\/www.freiepresse.de\/nachrichten\/sachsen\/das-lange-ende-der-kurzen-welle-artikel10416513?utm_medium=Social&utm_source=Facebook","rel":"","context":"In &quot;Deutsch&quot;","block_context":{"text":"Deutsch","link":"https:\/\/www.achimbrueckner.de\/dxradio\/php\/wordpress\/?cat=1"},"img":{"alt_text":"","src":"","width":0,"height":0},"classes":[]},{"id":15606,"url":"https:\/\/www.achimbrueckner.de\/dxradio\/php\/wordpress\/?p=15606","url_meta":{"origin":4107,"position":2},"title":"10 Jahre Krekelwellen und andere Sondersendungen","author":"Administrator","date":"November 21, 2017","format":false,"excerpt":"So, liebe Freunde der kurzen Wellen, hier nun die Sendezeiten der SWS-Geburtstagssendung und anderen Schmankerln die n\u00e4chsten Tage: Am Mittwoch, 22.11.2017 zwischen 19-21 UTC auf 5845 kHz startet IBC Italy mit italienisch-englischem Programm. Der Samstag, 25.11.2017 steht im Zeichen der Krekel'schen Live-Geburtstagssendung von 15-18 Uhr UTC. Frequenzen: 5845 kHz f\u00fcr\u2026","rel":"","context":"In &quot;Deutsch&quot;","block_context":{"text":"Deutsch","link":"https:\/\/www.achimbrueckner.de\/dxradio\/php\/wordpress\/?cat=1"},"img":{"alt_text":"","src":"","width":0,"height":0},"classes":[]},{"id":42018,"url":"https:\/\/www.achimbrueckner.de\/dxradio\/php\/wordpress\/?p=42018","url_meta":{"origin":4107,"position":3},"title":"Abschiedssendung des Kurzwellensenders Moosbrunn 31.12.2024","author":"Administrator","date":"December 4, 2024","format":false,"excerpt":"Mit gro\u00dfer Freude darf ich euch hier in unserer A-DX Gruppe berichten, dass es eine Abschiedssendung des Kurzwellensenders Moosbrunn bei Wien geben wird: Als Abschiedssendung am 31.12.2024, 9 - 12 Uhr UTC, ist auf 6055 kHz mit 100 kW Sendeleistung ist folgendes Programm geplant: \u2022 Kurzwellen-Panorama von Herbert Richard Leutgeb\u2026","rel":"","context":"In &quot;Deutsch&quot;","block_context":{"text":"Deutsch","link":"https:\/\/www.achimbrueckner.de\/dxradio\/php\/wordpress\/?cat=1"},"img":{"alt_text":"","src":"","width":0,"height":0},"classes":[]},{"id":3031,"url":"https:\/\/www.achimbrueckner.de\/dxradio\/php\/wordpress\/?p=3031","url_meta":{"origin":4107,"position":4},"title":"Von langen und kurzen Wellen","author":"Administrator","date":"March 29, 2014","format":false,"excerpt":"http:\/\/www.ndr.de\/unternehmen\/organisation\/ndr_geschichten\/chronik\/radiowellen101.html","rel":"","context":"In &quot;Deutsch&quot;","block_context":{"text":"Deutsch","link":"https:\/\/www.achimbrueckner.de\/dxradio\/php\/wordpress\/?cat=1"},"img":{"alt_text":"","src":"","width":0,"height":0},"classes":[]},{"id":24605,"url":"https:\/\/www.achimbrueckner.de\/dxradio\/php\/wordpress\/?p=24605","url_meta":{"origin":4107,"position":5},"title":"Arbeiter sollten Sender warten  Drei Menschen sterben bei Gondelabsturz auf dem Mei\u00dfner","author":"Administrator","date":"September 3, 2019","format":false,"excerpt":"https:\/\/www.hna.de\/lokales\/witzenhausen\/meissner-ort691267\/drei-menschen-sterben-bei-gondelabsturz-auf-meissner-12968346.html","rel":"","context":"In &quot;Deutsch&quot;","block_context":{"text":"Deutsch","link":"https:\/\/www.achimbrueckner.de\/dxradio\/php\/wordpress\/?cat=1"},"img":{"alt_text":"","src":"","width":0,"height":0},"classes":[]}],"_links":{"self":[{"href":"https:\/\/www.achimbrueckner.de\/dxradio\/php\/wordpress\/index.php?rest_route=\/wp\/v2\/posts\/4107","targetHints":{"allow":["GET"]}}],"collection":[{"href":"https:\/\/www.achimbrueckner.de\/dxradio\/php\/wordpress\/index.php?rest_route=\/wp\/v2\/posts"}],"about":[{"href":"https:\/\/www.achimbrueckner.de\/dxradio\/php\/wordpress\/index.php?rest_route=\/wp\/v2\/types\/post"}],"author":[{"embeddable":true,"href":"https:\/\/www.achimbrueckner.de\/dxradio\/php\/wordpress\/index.php?rest_route=\/wp\/v2\/users\/1"}],"replies":[{"embeddable":true,"href":"https:\/\/www.achimbrueckner.de\/dxradio\/php\/wordpress\/index.php?rest_route=%2Fwp%2Fv2%2Fcomments&post=4107"}],"version-history":[{"count":0,"href":"https:\/\/www.achimbrueckner.de\/dxradio\/php\/wordpress\/index.php?rest_route=\/wp\/v2\/posts\/4107\/revisions"}],"wp:attachment":[{"href":"https:\/\/www.achimbrueckner.de\/dxradio\/php\/wordpress\/index.php?rest_route=%2Fwp%2Fv2%2Fmedia&parent=4107"}],"wp:term":[{"taxonomy":"category","embeddable":true,"href":"https:\/\/www.achimbrueckner.de\/dxradio\/php\/wordpress\/index.php?rest_route=%2Fwp%2Fv2%2Fcategories&post=4107"},{"taxonomy":"post_tag","embeddable":true,"href":"https:\/\/www.achimbrueckner.de\/dxradio\/php\/wordpress\/index.php?rest_route=%2Fwp%2Fv2%2Ftags&post=4107"}],"curies":[{"name":"wp","href":"https:\/\/api.w.org\/{rel}","templated":true}]}}