{"id":4110,"date":"2015-02-16T21:07:07","date_gmt":"2015-02-16T21:07:07","guid":{"rendered":"https:\/\/www.achimbrueckner.de\/dxradio\/php\/wordpress\/?p=4110"},"modified":"2015-02-16T21:07:07","modified_gmt":"2015-02-16T21:07:07","slug":"b5-aktuell-sendung-uber-amateurfunk-160215","status":"publish","type":"post","link":"https:\/\/www.achimbrueckner.de\/dxradio\/php\/wordpress\/?p=4110","title":{"rendered":"B5 Aktuell Sendung \u00dcber Amateurfunk 160215"},"content":{"rendered":"<p><a href=\"https:\/\/soundcloud.com\/dg1ngo\/b5-aktuell-sendung-uber-amateurfunk-160215\" target=\"_blank\">https:\/\/soundcloud.com\/dg1ngo\/b5-aktuell-sendung-uber-amateurfunk-160215<\/a><\/p>\n<p>Info via <a href=\"http:\/\/www.ratzer.at\" target=\"_blank\">A-DX<\/a><\/p>\n","protected":false},"excerpt":{"rendered":"<p>https:\/\/soundcloud.com\/dg1ngo\/b5-aktuell-sendung-uber-amateurfunk-160215 Info via A-DX<\/p>\n","protected":false},"author":1,"featured_media":0,"comment_status":"open","ping_status":"open","sticky":false,"template":"","format":"standard","meta":{"_jetpack_memberships_contains_paid_content":false,"footnotes":"","jetpack_publicize_message":"","jetpack_publicize_feature_enabled":true,"jetpack_social_post_already_shared":true,"jetpack_social_options":{"image_generator_settings":{"template":"highway","default_image_id":0,"font":"","enabled":false},"version":2}},"categories":[1,14],"tags":[24,40],"class_list":["post-4110","post","type-post","status-publish","format-standard","hentry","category-deutsch","category-dx","tag-am","tag-dx"],"jetpack_publicize_connections":[],"jetpack_featured_media_url":"","jetpack_sharing_enabled":true,"jetpack_shortlink":"https:\/\/wp.me\/p5CDmr-14i","jetpack-related-posts":[{"id":20403,"url":"https:\/\/www.achimbrueckner.de\/dxradio\/php\/wordpress\/?p=20403","url_meta":{"origin":4110,"position":0},"title":"RADIO DARC sendet seine 200. Sendung","author":"Administrator","date":"December 14, 2018","format":false,"excerpt":"Radiostimme des DARC e.V. RADIO DARC sendet seine 200. Sendung \"Die Sendung am kommenden Sonntag den 16.12.18 ist unser Jubil\u00e4um, es ist genau das 200. Programm\" so Chefredakteur Rainer Englert DF2NU. Gestartet am 22. M\u00e4rz 2015 hat sich der Deutsche Amateur Radio Club e.V. mit einen regelm\u00e4\u00dfigen Kurzwellen- und Funktechnik-Magazinen\u2026","rel":"","context":"In &quot;Deutsch&quot;","block_context":{"text":"Deutsch","link":"https:\/\/www.achimbrueckner.de\/dxradio\/php\/wordpress\/?cat=1"},"img":{"alt_text":"","src":"","width":0,"height":0},"classes":[]},{"id":1146,"url":"https:\/\/www.achimbrueckner.de\/dxradio\/php\/wordpress\/?p=1146","url_meta":{"origin":4110,"position":1},"title":"Sondersendung AMRS Moosbrunn","author":"Administrator","date":"September 16, 2010","format":false,"excerpt":"Das \u00f6sterreichische Bundesheer stellt seit seiner Neuaufstellung Kontingente zu Friedensmissionen ab. Die nichtmilit\u00e4rische Verbindung zwischen der Truppe und der Heimat wird im Amateurfunk durch den \"Heimatfunk\" hergestellt. Dem \u00d6VSV geh\u00f6rt neben dem neun Landesverb\u00e4nden (der neun \u00f6sterr. Bundesl\u00e4nder) die AMRS an, die Austrian Military Radio Society, in der die lizenzierten\u2026","rel":"","context":"In &quot;Deutsch&quot;","block_context":{"text":"Deutsch","link":"https:\/\/www.achimbrueckner.de\/dxradio\/php\/wordpress\/?cat=1"},"img":{"alt_text":"","src":"","width":0,"height":0},"classes":[]},{"id":28323,"url":"https:\/\/www.achimbrueckner.de\/dxradio\/php\/wordpress\/?p=28323","url_meta":{"origin":4110,"position":2},"title":"1994: Einstellung der Sendung \u201eDX Aktuell\u201c","author":"Administrator","date":"April 26, 2020","format":false,"excerpt":"https:\/\/www.radioeins.de\/programm\/sendungen\/medienmagazin\/radio_news\/beitraege\/2014\/dx-aktuell.html","rel":"","context":"In &quot;Deutsch&quot;","block_context":{"text":"Deutsch","link":"https:\/\/www.achimbrueckner.de\/dxradio\/php\/wordpress\/?cat=1"},"img":{"alt_text":"","src":"","width":0,"height":0},"classes":[]},{"id":25351,"url":"https:\/\/www.achimbrueckner.de\/dxradio\/php\/wordpress\/?p=25351","url_meta":{"origin":4110,"position":3},"title":"Museumsradio des Wertinger Radiomuseums geht auf Sendung","author":"Administrator","date":"October 16, 2019","format":false,"excerpt":"Museumsradio des Wertinger Radiomuseums geht auf Sendung Am Sonntag, den 27. Oktober 2019 wird es zum Wertinger Herbstmarkt ein Museumsradioprogramm geben. Die Radiosendung beginnt um 12 Uhr und endet um 17 Uhr. Die Sendung wird vom Ortssender Wertingen, der Radiosender des Radio- und Telefonmuseums Wertingen, ausgestrahlt und ist auf der\u2026","rel":"","context":"In &quot;Deutsch&quot;","block_context":{"text":"Deutsch","link":"https:\/\/www.achimbrueckner.de\/dxradio\/php\/wordpress\/?cat=1"},"img":{"alt_text":"","src":"","width":0,"height":0},"classes":[]},{"id":3927,"url":"https:\/\/www.achimbrueckner.de\/dxradio\/php\/wordpress\/?p=3927","url_meta":{"origin":4110,"position":4},"title":"RIAS ARD Ring-Sendung 40 Jahre Rundfunk vom 28.10.1963","author":"Administrator","date":"January 4, 2015","format":false,"excerpt":"http:\/\/www.rias1.de\/sound4\/rias_\/riashistory\/631028_20_uhr_ard_ring_sdg_40_jahre_rundfunk.html \"RIAS ARD Ring-Sendung 40 Jahre Rundfunk vom 28.10.1963 (01:56:43) Die zw\u00f6lf in der Arbeitsgemeinschaft der Rundfunkanstalten (ARD) zusammengeschlossenen Rundfunkanstalten gedenken in einer gemeinsamen Sendung des 40j\u00e4hrigen Rundfunkjubil\u00e4ums.\" Alleine die Nennung der angeschlossenen Anstalten dauert \u00fcber zwei Minuten. Schlie\u00dflich spielt jede ihr Pausenzeichen. Info via A-DX","rel":"","context":"In &quot;Deutsch&quot;","block_context":{"text":"Deutsch","link":"https:\/\/www.achimbrueckner.de\/dxradio\/php\/wordpress\/?cat=1"},"img":{"alt_text":"","src":"","width":0,"height":0},"classes":[]},{"id":34782,"url":"https:\/\/www.achimbrueckner.de\/dxradio\/php\/wordpress\/?p=34782","url_meta":{"origin":4110,"position":5},"title":"ORF &#8211; Radio \u00d61 International Journale auf Kurzwelle","author":"Administrator","date":"March 1, 2022","format":false,"excerpt":"ORF - Radio \u00d61 International: Ab 1.M\u00e4rz 2022 ganz aktuell werden die ORS die ORF Nachrichten-Journale \u00fcber den Kurzwellensender Moosbrunn \u00fcbertragen, dazu folgendes Sendeschema: 6155 kHz 0600-0720 UTC t\u00e4glich das Morgenjournal 13730 kHz 1100-1200 UTC Mo-Sa das Mittagsjournal (Sonntag gibt es dieses Journal nicht) 5940 kHz 1700-1725 UTC Mo-Do, am\u2026","rel":"","context":"In &quot;Deutsch&quot;","block_context":{"text":"Deutsch","link":"https:\/\/www.achimbrueckner.de\/dxradio\/php\/wordpress\/?cat=1"},"img":{"alt_text":"","src":"","width":0,"height":0},"classes":[]}],"_links":{"self":[{"href":"https:\/\/www.achimbrueckner.de\/dxradio\/php\/wordpress\/index.php?rest_route=\/wp\/v2\/posts\/4110","targetHints":{"allow":["GET"]}}],"collection":[{"href":"https:\/\/www.achimbrueckner.de\/dxradio\/php\/wordpress\/index.php?rest_route=\/wp\/v2\/posts"}],"about":[{"href":"https:\/\/www.achimbrueckner.de\/dxradio\/php\/wordpress\/index.php?rest_route=\/wp\/v2\/types\/post"}],"author":[{"embeddable":true,"href":"https:\/\/www.achimbrueckner.de\/dxradio\/php\/wordpress\/index.php?rest_route=\/wp\/v2\/users\/1"}],"replies":[{"embeddable":true,"href":"https:\/\/www.achimbrueckner.de\/dxradio\/php\/wordpress\/index.php?rest_route=%2Fwp%2Fv2%2Fcomments&post=4110"}],"version-history":[{"count":0,"href":"https:\/\/www.achimbrueckner.de\/dxradio\/php\/wordpress\/index.php?rest_route=\/wp\/v2\/posts\/4110\/revisions"}],"wp:attachment":[{"href":"https:\/\/www.achimbrueckner.de\/dxradio\/php\/wordpress\/index.php?rest_route=%2Fwp%2Fv2%2Fmedia&parent=4110"}],"wp:term":[{"taxonomy":"category","embeddable":true,"href":"https:\/\/www.achimbrueckner.de\/dxradio\/php\/wordpress\/index.php?rest_route=%2Fwp%2Fv2%2Fcategories&post=4110"},{"taxonomy":"post_tag","embeddable":true,"href":"https:\/\/www.achimbrueckner.de\/dxradio\/php\/wordpress\/index.php?rest_route=%2Fwp%2Fv2%2Ftags&post=4110"}],"curies":[{"name":"wp","href":"https:\/\/api.w.org\/{rel}","templated":true}]}}