{"id":41213,"date":"2024-04-30T15:17:51","date_gmt":"2024-04-30T15:17:51","guid":{"rendered":"https:\/\/www.achimbrueckner.de\/dxradio\/php\/wordpress\/?p=41213"},"modified":"2024-05-01T15:18:20","modified_gmt":"2024-05-01T15:18:20","slug":"perspektiven-2035-langzeitstudie-fur-radio-und-audio-erschienen","status":"publish","type":"post","link":"https:\/\/www.achimbrueckner.de\/dxradio\/php\/wordpress\/?p=41213","title":{"rendered":"Perspektiven 2035: Langzeitstudie f\u00fcr Radio und Audio erschienen"},"content":{"rendered":"<p><a href=\"https:\/\/www.radioszene.de\/186466\/perspektiven-2035-radio-studie.html\" rel=\"noopener\" target=\"_blank\">https:\/\/www.radioszene.de\/186466\/perspektiven-2035-radio-studie.html<\/a><\/p>\n","protected":false},"excerpt":{"rendered":"<p>https:\/\/www.radioszene.de\/186466\/perspektiven-2035-radio-studie.html<\/p>\n","protected":false},"author":1,"featured_media":0,"comment_status":"closed","ping_status":"open","sticky":false,"template":"","format":"standard","meta":{"_jetpack_memberships_contains_paid_content":false,"footnotes":"","jetpack_publicize_message":"","jetpack_publicize_feature_enabled":true,"jetpack_social_post_already_shared":true,"jetpack_social_options":{"image_generator_settings":{"template":"highway","default_image_id":0,"font":"","enabled":false},"version":2}},"categories":[1],"tags":[],"class_list":["post-41213","post","type-post","status-publish","format-standard","hentry","category-deutsch"],"jetpack_publicize_connections":[],"jetpack_featured_media_url":"","jetpack_sharing_enabled":true,"jetpack_shortlink":"https:\/\/wp.me\/p5CDmr-aIJ","jetpack-related-posts":[{"id":9050,"url":"https:\/\/www.achimbrueckner.de\/dxradio\/php\/wordpress\/?p=9050","url_meta":{"origin":41213,"position":0},"title":"Radio rund um Merzig: Funkstille und neue Perspektiven","author":"Administrator","date":"August 5, 2016","format":false,"excerpt":"http:\/\/www.radioszene.de\/93792\/radio-merzig-funkstille.html","rel":"","context":"In &quot;Deutsch&quot;","block_context":{"text":"Deutsch","link":"https:\/\/www.achimbrueckner.de\/dxradio\/php\/wordpress\/?cat=1"},"img":{"alt_text":"","src":"","width":0,"height":0},"classes":[]},{"id":43178,"url":"https:\/\/www.achimbrueckner.de\/dxradio\/php\/wordpress\/?p=43178","url_meta":{"origin":41213,"position":1},"title":"Radio Corax erh\u00e4lt Sendelizenz bis 2035 \u2013 Freies Radio feiert 25 Jahre mit Sonderprogramm","author":"Administrator","date":"July 1, 2025","format":false,"excerpt":"https:\/\/www.radiowoche.de\/radio-corax-erhaelt-sendelizenz-bis-2035-freies-radio-feiert-25-jahre-mit-sonderprogramm\/","rel":"","context":"In &quot;Deutsch&quot;","block_context":{"text":"Deutsch","link":"https:\/\/www.achimbrueckner.de\/dxradio\/php\/wordpress\/?cat=1"},"img":{"alt_text":"","src":"","width":0,"height":0},"classes":[]},{"id":42420,"url":"https:\/\/www.achimbrueckner.de\/dxradio\/php\/wordpress\/?p=42420","url_meta":{"origin":41213,"position":2},"title":"Radio Onda Ausschreibung Kurzwelle","author":"Administrator","date":"March 23, 2025","format":false,"excerpt":"LUXEMBURG: Eine Lizenz f\u00fcr den Betrieb von vier Kurzwellensendern in Junglinster wurde von Elisabeth Margue, der f\u00fcr Medien und Konnektivit\u00e4t zust\u00e4ndigen Ministerin des Premierministers, eine Lizenz f\u00fcr den Betrieb von vier Kurzwellensendern in Junglinster erteilt. Der belgische Rundfunk RADIO ONDA hat die Ausschreibung f\u00fcr die \u00dcbertragung auf folgenden Frequenzen gewonnen:\u2026","rel":"","context":"In &quot;Deutsch&quot;","block_context":{"text":"Deutsch","link":"https:\/\/www.achimbrueckner.de\/dxradio\/php\/wordpress\/?cat=1"},"img":{"alt_text":"","src":"","width":0,"height":0},"classes":[]},{"id":18448,"url":"https:\/\/www.achimbrueckner.de\/dxradio\/php\/wordpress\/?p=18448","url_meta":{"origin":41213,"position":3},"title":"ma 2018: Neue H\u00f6rerzahlen f\u00fcr Radio und Online-Audio","author":"Administrator","date":"July 11, 2018","format":false,"excerpt":"https:\/\/www.radioszene.de\/123731\/ma-2018.html","rel":"","context":"In &quot;audio&quot;","block_context":{"text":"audio","link":"https:\/\/www.achimbrueckner.de\/dxradio\/php\/wordpress\/?cat=47"},"img":{"alt_text":"","src":"","width":0,"height":0},"classes":[]},{"id":22268,"url":"https:\/\/www.achimbrueckner.de\/dxradio\/php\/wordpress\/?p=22268","url_meta":{"origin":41213,"position":4},"title":"Media-Anaylse f\u00fcr Radio und Online-Audio am 27. M\u00e4rz","author":"Administrator","date":"March 20, 2019","format":false,"excerpt":"https:\/\/www.radioszene.de\/131519\/ma-2019-audio.html","rel":"","context":"In &quot;audio&quot;","block_context":{"text":"audio","link":"https:\/\/www.achimbrueckner.de\/dxradio\/php\/wordpress\/?cat=47"},"img":{"alt_text":"","src":"","width":0,"height":0},"classes":[]},{"id":23515,"url":"https:\/\/www.achimbrueckner.de\/dxradio\/php\/wordpress\/?p=23515","url_meta":{"origin":41213,"position":5},"title":"DAB+ Bundesmux bis 2035 gesichert","author":"Administrator","date":"June 24, 2019","format":false,"excerpt":"https:\/\/www.radioszene.de\/134074\/dab-bundesmux-2035.html","rel":"","context":"In &quot;Deutsch&quot;","block_context":{"text":"Deutsch","link":"https:\/\/www.achimbrueckner.de\/dxradio\/php\/wordpress\/?cat=1"},"img":{"alt_text":"","src":"","width":0,"height":0},"classes":[]}],"_links":{"self":[{"href":"https:\/\/www.achimbrueckner.de\/dxradio\/php\/wordpress\/index.php?rest_route=\/wp\/v2\/posts\/41213","targetHints":{"allow":["GET"]}}],"collection":[{"href":"https:\/\/www.achimbrueckner.de\/dxradio\/php\/wordpress\/index.php?rest_route=\/wp\/v2\/posts"}],"about":[{"href":"https:\/\/www.achimbrueckner.de\/dxradio\/php\/wordpress\/index.php?rest_route=\/wp\/v2\/types\/post"}],"author":[{"embeddable":true,"href":"https:\/\/www.achimbrueckner.de\/dxradio\/php\/wordpress\/index.php?rest_route=\/wp\/v2\/users\/1"}],"replies":[{"embeddable":true,"href":"https:\/\/www.achimbrueckner.de\/dxradio\/php\/wordpress\/index.php?rest_route=%2Fwp%2Fv2%2Fcomments&post=41213"}],"version-history":[{"count":0,"href":"https:\/\/www.achimbrueckner.de\/dxradio\/php\/wordpress\/index.php?rest_route=\/wp\/v2\/posts\/41213\/revisions"}],"wp:attachment":[{"href":"https:\/\/www.achimbrueckner.de\/dxradio\/php\/wordpress\/index.php?rest_route=%2Fwp%2Fv2%2Fmedia&parent=41213"}],"wp:term":[{"taxonomy":"category","embeddable":true,"href":"https:\/\/www.achimbrueckner.de\/dxradio\/php\/wordpress\/index.php?rest_route=%2Fwp%2Fv2%2Fcategories&post=41213"},{"taxonomy":"post_tag","embeddable":true,"href":"https:\/\/www.achimbrueckner.de\/dxradio\/php\/wordpress\/index.php?rest_route=%2Fwp%2Fv2%2Ftags&post=41213"}],"curies":[{"name":"wp","href":"https:\/\/api.w.org\/{rel}","templated":true}]}}