{"id":41260,"date":"2024-05-15T15:11:56","date_gmt":"2024-05-15T15:11:56","guid":{"rendered":"https:\/\/www.achimbrueckner.de\/dxradio\/php\/wordpress\/?p=41260"},"modified":"2024-05-15T15:11:56","modified_gmt":"2024-05-15T15:11:56","slug":"nasa-misst-starkste-sonneneruption-seit-fast-20-jahren","status":"publish","type":"post","link":"https:\/\/www.achimbrueckner.de\/dxradio\/php\/wordpress\/?p=41260","title":{"rendered":"Nasa misst st\u00e4rkste Sonneneruption seit fast 20 Jahren"},"content":{"rendered":"<p><a href=\"https:\/\/www.br.de\/nachrichten\/wissen\/nasa-misst-staerkste-sonneneruption-seit-fast-20-jahren,UCpDMke\" rel=\"noopener\" target=\"_blank\">https:\/\/www.br.de\/nachrichten\/wissen\/nasa-misst-staerkste-sonneneruption-seit-fast-20-jahren,UCpDMke<\/a><\/p>\n","protected":false},"excerpt":{"rendered":"<p>https:\/\/www.br.de\/nachrichten\/wissen\/nasa-misst-staerkste-sonneneruption-seit-fast-20-jahren,UCpDMke<\/p>\n","protected":false},"author":1,"featured_media":0,"comment_status":"closed","ping_status":"open","sticky":false,"template":"","format":"standard","meta":{"_jetpack_memberships_contains_paid_content":false,"footnotes":"","jetpack_publicize_message":"","jetpack_publicize_feature_enabled":true,"jetpack_social_post_already_shared":true,"jetpack_social_options":{"image_generator_settings":{"template":"highway","default_image_id":0,"font":"","enabled":false},"version":2}},"categories":[1],"tags":[],"class_list":["post-41260","post","type-post","status-publish","format-standard","hentry","category-deutsch"],"jetpack_publicize_connections":[],"jetpack_featured_media_url":"","jetpack_sharing_enabled":true,"jetpack_shortlink":"https:\/\/wp.me\/p5CDmr-aJu","jetpack-related-posts":[{"id":1372,"url":"https:\/\/www.achimbrueckner.de\/dxradio\/php\/wordpress\/?p=1372","url_meta":{"origin":41260,"position":0},"title":"St\u00e4rkste Sonneneruption seit vier Jahren: Experten rechnen mit St\u00f6rungen","author":"Administrator","date":"February 17, 2011","format":false,"excerpt":"St\u00e4rkste Sonneneruption seit vier Jahren: Experten rechnen mit St\u00f6rungen http:\/\/derstandard.at\/1297818224015\/Koronaler-Massenauswurf-Staerkste-Sonneneruption-seit-vier-Jahren-Experten-rechnen-mit-Stoerungen Info via A-DX","rel":"","context":"In &quot;Deutsch&quot;","block_context":{"text":"Deutsch","link":"https:\/\/www.achimbrueckner.de\/dxradio\/php\/wordpress\/?cat=1"},"img":{"alt_text":"","src":"","width":0,"height":0},"classes":[]},{"id":41597,"url":"https:\/\/www.achimbrueckner.de\/dxradio\/php\/wordpress\/?p=41597","url_meta":{"origin":41260,"position":1},"title":"Starke Sonneneruption schickte Teilchen von der Erde zur Sonne","author":"Administrator","date":"August 16, 2024","format":false,"excerpt":"https:\/\/www.heise.de\/news\/Starke-Sonneneruption-schickte-Teilchen-von-der-Erde-zur-Sonne-9837812.html","rel":"","context":"In &quot;Deutsch&quot;","block_context":{"text":"Deutsch","link":"https:\/\/www.achimbrueckner.de\/dxradio\/php\/wordpress\/?cat=1"},"img":{"alt_text":"","src":"","width":0,"height":0},"classes":[]},{"id":18695,"url":"https:\/\/www.achimbrueckner.de\/dxradio\/php\/wordpress\/?p=18695","url_meta":{"origin":41260,"position":2},"title":"Wie eine Sonneneruption das Chaos von Hurrikan Irma aufgehalten hat","author":"Administrator","date":"August 5, 2018","format":false,"excerpt":"https:\/\/www.tekk.tv\/wissen\/wie-eine-sonneneruption-das-chaos-von-hurrikan-irma-aufgehalten-hat\/","rel":"","context":"In &quot;Deutsch&quot;","block_context":{"text":"Deutsch","link":"https:\/\/www.achimbrueckner.de\/dxradio\/php\/wordpress\/?cat=1"},"img":{"alt_text":"","src":"","width":0,"height":0},"classes":[]},{"id":1854,"url":"https:\/\/www.achimbrueckner.de\/dxradio\/php\/wordpress\/?p=1854","url_meta":{"origin":41260,"position":3},"title":"iPhone App: Buma Song Tracker misst Musikeins\u00e4tze im Radio","author":"Administrator","date":"October 27, 2011","format":false,"excerpt":"iPhone App: Buma Song Tracker misst Musikeins\u00e4tze im Radio http:\/\/www.radioszene.de\/31095\/iphone-app-buma-song-tracker-misst-musikeinsaetze-im-radio.html","rel":"","context":"In &quot;Deutsch&quot;","block_context":{"text":"Deutsch","link":"https:\/\/www.achimbrueckner.de\/dxradio\/php\/wordpress\/?cat=1"},"img":{"alt_text":"","src":"","width":0,"height":0},"classes":[]},{"id":20677,"url":"https:\/\/www.achimbrueckner.de\/dxradio\/php\/wordpress\/?p=20677","url_meta":{"origin":41260,"position":4},"title":"Das TV-Jahr 2018: ZDF steigert sich auf besten Marktanteil seit 22 Jahren, RTL f\u00e4llt auf schw\u00e4chsten seit 30 Jahren","author":"Administrator","date":"January 2, 2019","format":false,"excerpt":"https:\/\/meedia.de\/2019\/01\/02\/das-tv-jahr-2018-zdf-steigert-sich-auf-besten-marktanteil-seit-22-jahren-rtl-faellt-auf-schwaechsten-seit-30-jahren\/","rel":"","context":"In &quot;Deutsch&quot;","block_context":{"text":"Deutsch","link":"https:\/\/www.achimbrueckner.de\/dxradio\/php\/wordpress\/?cat=1"},"img":{"alt_text":"","src":"","width":0,"height":0},"classes":[]},{"id":37153,"url":"https:\/\/www.achimbrueckner.de\/dxradio\/php\/wordpress\/?p=37153","url_meta":{"origin":41260,"position":5},"title":"Seit fast 25 Jahren beim Sender Natalie Zizler ist neue ProSieben-Unterhaltungschefin","author":"Administrator","date":"August 1, 2022","format":false,"excerpt":"https:\/\/www.dwdl.de\/nachrichten\/89016\/natalie_zizler_ist_neue_prosiebenunterhaltungschefin\/","rel":"","context":"In &quot;Deutsch&quot;","block_context":{"text":"Deutsch","link":"https:\/\/www.achimbrueckner.de\/dxradio\/php\/wordpress\/?cat=1"},"img":{"alt_text":"","src":"","width":0,"height":0},"classes":[]}],"_links":{"self":[{"href":"https:\/\/www.achimbrueckner.de\/dxradio\/php\/wordpress\/index.php?rest_route=\/wp\/v2\/posts\/41260","targetHints":{"allow":["GET"]}}],"collection":[{"href":"https:\/\/www.achimbrueckner.de\/dxradio\/php\/wordpress\/index.php?rest_route=\/wp\/v2\/posts"}],"about":[{"href":"https:\/\/www.achimbrueckner.de\/dxradio\/php\/wordpress\/index.php?rest_route=\/wp\/v2\/types\/post"}],"author":[{"embeddable":true,"href":"https:\/\/www.achimbrueckner.de\/dxradio\/php\/wordpress\/index.php?rest_route=\/wp\/v2\/users\/1"}],"replies":[{"embeddable":true,"href":"https:\/\/www.achimbrueckner.de\/dxradio\/php\/wordpress\/index.php?rest_route=%2Fwp%2Fv2%2Fcomments&post=41260"}],"version-history":[{"count":0,"href":"https:\/\/www.achimbrueckner.de\/dxradio\/php\/wordpress\/index.php?rest_route=\/wp\/v2\/posts\/41260\/revisions"}],"wp:attachment":[{"href":"https:\/\/www.achimbrueckner.de\/dxradio\/php\/wordpress\/index.php?rest_route=%2Fwp%2Fv2%2Fmedia&parent=41260"}],"wp:term":[{"taxonomy":"category","embeddable":true,"href":"https:\/\/www.achimbrueckner.de\/dxradio\/php\/wordpress\/index.php?rest_route=%2Fwp%2Fv2%2Fcategories&post=41260"},{"taxonomy":"post_tag","embeddable":true,"href":"https:\/\/www.achimbrueckner.de\/dxradio\/php\/wordpress\/index.php?rest_route=%2Fwp%2Fv2%2Ftags&post=41260"}],"curies":[{"name":"wp","href":"https:\/\/api.w.org\/{rel}","templated":true}]}}