{"id":4130,"date":"2015-02-22T07:31:28","date_gmt":"2015-02-22T07:31:28","guid":{"rendered":"https:\/\/www.achimbrueckner.de\/dxradio\/php\/wordpress\/?p=4130"},"modified":"2015-02-22T07:31:28","modified_gmt":"2015-02-22T07:31:28","slug":"interview-mit-wdr-horfunkchefin-valerie-weber-offentlich-rechtlich-bedeutet-qualitat-vor-quote-stellen","status":"publish","type":"post","link":"https:\/\/www.achimbrueckner.de\/dxradio\/php\/wordpress\/?p=4130","title":{"rendered":"Interview mit WDR-H\u00f6rfunkchefin Valerie Weber &#8220;\u00d6ffentlich-rechtlich bedeutet: Qualit\u00e4t vor Quote stellen&#8221;"},"content":{"rendered":"<p><a href=\"http:\/\/www.dwdl.de\/interviews\/49805\/oeffentlichrechtlich_bedeutet_qualitaet_vor_quote_stellen\/\" target=\"_blank\">http:\/\/www.dwdl.de\/interviews\/49805\/oeffentlichrechtlich_bedeutet_qualitaet_vor_quote_stellen\/<\/a><\/p>\n","protected":false},"excerpt":{"rendered":"<p>http:\/\/www.dwdl.de\/interviews\/49805\/oeffentlichrechtlich_bedeutet_qualitaet_vor_quote_stellen\/<\/p>\n","protected":false},"author":1,"featured_media":0,"comment_status":"open","ping_status":"open","sticky":false,"template":"","format":"standard","meta":{"_jetpack_memberships_contains_paid_content":false,"footnotes":"","jetpack_publicize_message":"","jetpack_publicize_feature_enabled":true,"jetpack_social_post_already_shared":true,"jetpack_social_options":{"image_generator_settings":{"template":"highway","default_image_id":0,"font":"","enabled":false},"version":2}},"categories":[1],"tags":[25],"class_list":["post-4130","post","type-post","status-publish","format-standard","hentry","category-deutsch","tag-horfunk"],"jetpack_publicize_connections":[],"jetpack_featured_media_url":"","jetpack_sharing_enabled":true,"jetpack_shortlink":"https:\/\/wp.me\/p5CDmr-14C","jetpack-related-posts":[],"_links":{"self":[{"href":"https:\/\/www.achimbrueckner.de\/dxradio\/php\/wordpress\/index.php?rest_route=\/wp\/v2\/posts\/4130","targetHints":{"allow":["GET"]}}],"collection":[{"href":"https:\/\/www.achimbrueckner.de\/dxradio\/php\/wordpress\/index.php?rest_route=\/wp\/v2\/posts"}],"about":[{"href":"https:\/\/www.achimbrueckner.de\/dxradio\/php\/wordpress\/index.php?rest_route=\/wp\/v2\/types\/post"}],"author":[{"embeddable":true,"href":"https:\/\/www.achimbrueckner.de\/dxradio\/php\/wordpress\/index.php?rest_route=\/wp\/v2\/users\/1"}],"replies":[{"embeddable":true,"href":"https:\/\/www.achimbrueckner.de\/dxradio\/php\/wordpress\/index.php?rest_route=%2Fwp%2Fv2%2Fcomments&post=4130"}],"version-history":[{"count":0,"href":"https:\/\/www.achimbrueckner.de\/dxradio\/php\/wordpress\/index.php?rest_route=\/wp\/v2\/posts\/4130\/revisions"}],"wp:attachment":[{"href":"https:\/\/www.achimbrueckner.de\/dxradio\/php\/wordpress\/index.php?rest_route=%2Fwp%2Fv2%2Fmedia&parent=4130"}],"wp:term":[{"taxonomy":"category","embeddable":true,"href":"https:\/\/www.achimbrueckner.de\/dxradio\/php\/wordpress\/index.php?rest_route=%2Fwp%2Fv2%2Fcategories&post=4130"},{"taxonomy":"post_tag","embeddable":true,"href":"https:\/\/www.achimbrueckner.de\/dxradio\/php\/wordpress\/index.php?rest_route=%2Fwp%2Fv2%2Ftags&post=4130"}],"curies":[{"name":"wp","href":"https:\/\/api.w.org\/{rel}","templated":true}]}}