{"id":41340,"date":"2024-06-08T15:38:49","date_gmt":"2024-06-08T15:38:49","guid":{"rendered":"https:\/\/www.achimbrueckner.de\/dxradio\/php\/wordpress\/?p=41340"},"modified":"2024-06-08T15:38:49","modified_gmt":"2024-06-08T15:38:49","slug":"streaming-ma-ffn-webchannel-antenne-schlager-schwarzwaldradio-sind-die-grosen-gewinner","status":"publish","type":"post","link":"https:\/\/www.achimbrueckner.de\/dxradio\/php\/wordpress\/?p=41340","title":{"rendered":"Streaming-MA: ffn-Webchannel, Antenne Schlager &#038; Schwarzwaldradio sind die gro\u00dfen Gewinner"},"content":{"rendered":"<p><a href=\"https:\/\/www.radioblog.eu\/2024\/06\/07\/streaming-ma-ffn-webchannel-antenne-schlager-schwarzwaldradio-sind-die-grossen-gewinner\/\" rel=\"noopener\" target=\"_blank\">https:\/\/www.radioblog.eu\/2024\/06\/07\/streaming-ma-ffn-webchannel-antenne-schlager-schwarzwaldradio-sind-die-grossen-gewinner\/<\/a><\/p>\n","protected":false},"excerpt":{"rendered":"<p>https:\/\/www.radioblog.eu\/2024\/06\/07\/streaming-ma-ffn-webchannel-antenne-schlager-schwarzwaldradio-sind-die-grossen-gewinner\/<\/p>\n","protected":false},"author":1,"featured_media":0,"comment_status":"closed","ping_status":"open","sticky":false,"template":"","format":"standard","meta":{"_jetpack_memberships_contains_paid_content":false,"footnotes":"","jetpack_publicize_message":"","jetpack_publicize_feature_enabled":true,"jetpack_social_post_already_shared":true,"jetpack_social_options":{"image_generator_settings":{"template":"highway","default_image_id":0,"font":"","enabled":false},"version":2}},"categories":[1],"tags":[],"class_list":["post-41340","post","type-post","status-publish","format-standard","hentry","category-deutsch"],"jetpack_publicize_connections":[],"jetpack_featured_media_url":"","jetpack_sharing_enabled":true,"jetpack_shortlink":"https:\/\/wp.me\/p5CDmr-aKM","jetpack-related-posts":[{"id":24626,"url":"https:\/\/www.achimbrueckner.de\/dxradio\/php\/wordpress\/?p=24626","url_meta":{"origin":41340,"position":0},"title":"ma IP Audio: Spotify, 1Live diGGi und radio ffn Bollerwagen gr\u00f6\u00dfte Gewinner, radionomy, FFH und Antenne Bayern gr\u00f6\u00dfte Verlierer","author":"Administrator","date":"September 4, 2019","format":false,"excerpt":"https:\/\/meedia.de\/2019\/09\/04\/ma-ip-audio-spotify-1live-diggi-und-radio-ffn-bollerwagen-groesste-gewinner-radionomy-ffh-und-antenne-bayern-groesste-verlierer\/","rel":"","context":"In &quot;audio&quot;","block_context":{"text":"audio","link":"https:\/\/www.achimbrueckner.de\/dxradio\/php\/wordpress\/?cat=47"},"img":{"alt_text":"","src":"","width":0,"height":0},"classes":[]},{"id":39288,"url":"https:\/\/www.achimbrueckner.de\/dxradio\/php\/wordpress\/?p=39288","url_meta":{"origin":41340,"position":1},"title":"radio ffn startet neuen Webchannel Auszeit FM","author":"Administrator","date":"April 11, 2023","format":false,"excerpt":"https:\/\/www.radioblog.eu\/2023\/04\/08\/radio-ffn-startet-neuen-webchannel-auszeit-fm\/","rel":"","context":"In &quot;Deutsch&quot;","block_context":{"text":"Deutsch","link":"https:\/\/www.achimbrueckner.de\/dxradio\/php\/wordpress\/?cat=1"},"img":{"alt_text":"","src":"","width":0,"height":0},"classes":[]},{"id":32862,"url":"https:\/\/www.achimbrueckner.de\/dxradio\/php\/wordpress\/?p=32862","url_meta":{"origin":41340,"position":2},"title":"Antenne Bayern startet Webchannel mit Fu\u00dfball-Hits","author":"Administrator","date":"June 13, 2021","format":false,"excerpt":"https:\/\/www.smartphonefan.de\/2021\/06\/13\/antenne-bayern-startet-webchannel-mit-fussball-hits\/","rel":"","context":"In &quot;Deutsch&quot;","block_context":{"text":"Deutsch","link":"https:\/\/www.achimbrueckner.de\/dxradio\/php\/wordpress\/?cat=1"},"img":{"alt_text":"","src":"","width":0,"height":0},"classes":[]},{"id":38016,"url":"https:\/\/www.achimbrueckner.de\/dxradio\/php\/wordpress\/?p=38016","url_meta":{"origin":41340,"position":3},"title":"Antenne Bayern startet \u201eBayerische Weihnacht\u201c als Webchannel","author":"Administrator","date":"November 26, 2022","format":false,"excerpt":"https:\/\/www.radioblog.eu\/2022\/11\/25\/antenne-bayern-startet-bayerische-weihnacht-als-webchannel\/","rel":"","context":"In &quot;Deutsch&quot;","block_context":{"text":"Deutsch","link":"https:\/\/www.achimbrueckner.de\/dxradio\/php\/wordpress\/?cat=1"},"img":{"alt_text":"","src":"","width":0,"height":0},"classes":[]},{"id":38368,"url":"https:\/\/www.achimbrueckner.de\/dxradio\/php\/wordpress\/?p=38368","url_meta":{"origin":41340,"position":4},"title":"Antenne NRW: Neuer Webchannel l\u00e4uft auch im Hauptprogramm","author":"Administrator","date":"December 27, 2022","format":false,"excerpt":"https:\/\/www.radioblog.eu\/2022\/12\/27\/antenne-nrw-neuer-webchannel-laeuft-auch-im-hauptprogramm\/","rel":"","context":"In &quot;Deutsch&quot;","block_context":{"text":"Deutsch","link":"https:\/\/www.achimbrueckner.de\/dxradio\/php\/wordpress\/?cat=1"},"img":{"alt_text":"","src":"","width":0,"height":0},"classes":[]},{"id":44443,"url":"https:\/\/www.achimbrueckner.de\/dxradio\/php\/wordpress\/?p=44443","url_meta":{"origin":41340,"position":5},"title":"ROCK ANTENNE Hall of Fame 2025: Das sind die Gewinner","author":"Administrator","date":"December 2, 2025","format":false,"excerpt":"https:\/\/www.radioszene.de\/208415\/rock-antenne-hall-of-fame-2025-das-sind-die-gewinner.html","rel":"","context":"In &quot;Deutsch&quot;","block_context":{"text":"Deutsch","link":"https:\/\/www.achimbrueckner.de\/dxradio\/php\/wordpress\/?cat=1"},"img":{"alt_text":"","src":"","width":0,"height":0},"classes":[]}],"_links":{"self":[{"href":"https:\/\/www.achimbrueckner.de\/dxradio\/php\/wordpress\/index.php?rest_route=\/wp\/v2\/posts\/41340","targetHints":{"allow":["GET"]}}],"collection":[{"href":"https:\/\/www.achimbrueckner.de\/dxradio\/php\/wordpress\/index.php?rest_route=\/wp\/v2\/posts"}],"about":[{"href":"https:\/\/www.achimbrueckner.de\/dxradio\/php\/wordpress\/index.php?rest_route=\/wp\/v2\/types\/post"}],"author":[{"embeddable":true,"href":"https:\/\/www.achimbrueckner.de\/dxradio\/php\/wordpress\/index.php?rest_route=\/wp\/v2\/users\/1"}],"replies":[{"embeddable":true,"href":"https:\/\/www.achimbrueckner.de\/dxradio\/php\/wordpress\/index.php?rest_route=%2Fwp%2Fv2%2Fcomments&post=41340"}],"version-history":[{"count":0,"href":"https:\/\/www.achimbrueckner.de\/dxradio\/php\/wordpress\/index.php?rest_route=\/wp\/v2\/posts\/41340\/revisions"}],"wp:attachment":[{"href":"https:\/\/www.achimbrueckner.de\/dxradio\/php\/wordpress\/index.php?rest_route=%2Fwp%2Fv2%2Fmedia&parent=41340"}],"wp:term":[{"taxonomy":"category","embeddable":true,"href":"https:\/\/www.achimbrueckner.de\/dxradio\/php\/wordpress\/index.php?rest_route=%2Fwp%2Fv2%2Fcategories&post=41340"},{"taxonomy":"post_tag","embeddable":true,"href":"https:\/\/www.achimbrueckner.de\/dxradio\/php\/wordpress\/index.php?rest_route=%2Fwp%2Fv2%2Ftags&post=41340"}],"curies":[{"name":"wp","href":"https:\/\/api.w.org\/{rel}","templated":true}]}}