{"id":4135,"date":"2015-02-24T15:29:51","date_gmt":"2015-02-24T15:29:51","guid":{"rendered":"https:\/\/www.achimbrueckner.de\/dxradio\/php\/wordpress\/?p=4135"},"modified":"2015-02-24T15:29:51","modified_gmt":"2015-02-24T15:29:51","slug":"dab-empfangsgerate-und-einrichtungen","status":"publish","type":"post","link":"https:\/\/www.achimbrueckner.de\/dxradio\/php\/wordpress\/?p=4135","title":{"rendered":"DAB+ Empfangsger\u00e4te und Einrichtungen"},"content":{"rendered":"<p><a href=\"http:\/\/dab-swiss.ch\/html\/empfangsgerate.html\" target=\"_blank\">http:\/\/dab-swiss.ch\/html\/empfangsgerate.html<\/a><\/p>\n","protected":false},"excerpt":{"rendered":"<p>http:\/\/dab-swiss.ch\/html\/empfangsgerate.html<\/p>\n","protected":false},"author":1,"featured_media":0,"comment_status":"open","ping_status":"open","sticky":false,"template":"","format":"standard","meta":{"_jetpack_memberships_contains_paid_content":false,"footnotes":"","jetpack_publicize_message":"","jetpack_publicize_feature_enabled":true,"jetpack_social_post_already_shared":true,"jetpack_social_options":{"image_generator_settings":{"template":"highway","default_image_id":0,"font":"","enabled":false},"version":2}},"categories":[1,3],"tags":[31,42],"class_list":["post-4135","post","type-post","status-publish","format-standard","hentry","category-deutsch","category-empfang","tag-dab","tag-empfang"],"jetpack_publicize_connections":[],"jetpack_featured_media_url":"","jetpack_sharing_enabled":true,"jetpack_shortlink":"https:\/\/wp.me\/p5CDmr-14H","jetpack-related-posts":[{"id":2276,"url":"https:\/\/www.achimbrueckner.de\/dxradio\/php\/wordpress\/?p=2276","url_meta":{"origin":4135,"position":0},"title":"Radiobranche setzt auf DAB+ und neue Empfangsger\u00e4te","author":"Administrator","date":"August 2, 2012","format":false,"excerpt":"Radiobranche setzt auf DAB+ und neue Empfangsger\u00e4te http:\/\/www.derwesten.de\/nrz\/wirtschaft\/digital\/radiobranche-setzt-auf-dab-und-neue-empfangsgeraete-id6876381.html","rel":"","context":"In &quot;Deutsch&quot;","block_context":{"text":"Deutsch","link":"https:\/\/www.achimbrueckner.de\/dxradio\/php\/wordpress\/?cat=1"},"img":{"alt_text":"","src":"","width":0,"height":0},"classes":[]},{"id":4199,"url":"https:\/\/www.achimbrueckner.de\/dxradio\/php\/wordpress\/?p=4199","url_meta":{"origin":4135,"position":1},"title":"DAB+: Das sind die h\u00e4ufigsten Probleme und ihre L\u00f6sungen","author":"Administrator","date":"March 13, 2015","format":false,"excerpt":"http:\/\/www.teltarif.de\/dab-empfang-problem-loesung\/news\/58996.html","rel":"","context":"In &quot;Deutsch&quot;","block_context":{"text":"Deutsch","link":"https:\/\/www.achimbrueckner.de\/dxradio\/php\/wordpress\/?cat=1"},"img":{"alt_text":"","src":"","width":0,"height":0},"classes":[]},{"id":7808,"url":"https:\/\/www.achimbrueckner.de\/dxradio\/php\/wordpress\/?p=7808","url_meta":{"origin":4135,"position":2},"title":"H\u00f6rfunk \u00fcber UKW, DAB+ und Internet im Auto Empfangsbest\u00e4tigung","author":"Administrator","date":"March 13, 2016","format":false,"excerpt":"http:\/\/www.heise.de\/autos\/artikel\/Hoerfunk-ueber-UKW-DAB-und-Internet-im-Auto-3131578.html","rel":"","context":"In &quot;Deutsch&quot;","block_context":{"text":"Deutsch","link":"https:\/\/www.achimbrueckner.de\/dxradio\/php\/wordpress\/?cat=1"},"img":{"alt_text":"","src":"","width":0,"height":0},"classes":[]},{"id":6093,"url":"https:\/\/www.achimbrueckner.de\/dxradio\/php\/wordpress\/?p=6093","url_meta":{"origin":4135,"position":3},"title":"Bayern plus sagt ade zur Mittelwelle Feinster Empfang \u00fcber DAB und Internet","author":"Administrator","date":"September 30, 2015","format":false,"excerpt":"http:\/\/www.br.de\/radio\/bayern-plus\/inhalt\/bayern-plus-mittelwelle-102.html","rel":"","context":"In &quot;Deutsch&quot;","block_context":{"text":"Deutsch","link":"https:\/\/www.achimbrueckner.de\/dxradio\/php\/wordpress\/?cat=1"},"img":{"alt_text":"","src":"","width":0,"height":0},"classes":[]},{"id":30952,"url":"https:\/\/www.achimbrueckner.de\/dxradio\/php\/wordpress\/?p=30952","url_meta":{"origin":4135,"position":4},"title":"DAB+: Das sind die h\u00e4ufigsten Probleme und ihre L\u00f6sungen","author":"Administrator","date":"December 4, 2020","format":false,"excerpt":"https:\/\/www.teltarif.de\/dab-empfang-problem-loesung\/news\/58996.html","rel":"","context":"In &quot;Deutsch&quot;","block_context":{"text":"Deutsch","link":"https:\/\/www.achimbrueckner.de\/dxradio\/php\/wordpress\/?cat=1"},"img":{"alt_text":"","src":"","width":0,"height":0},"classes":[]},{"id":1994,"url":"https:\/\/www.achimbrueckner.de\/dxradio\/php\/wordpress\/?p=1994","url_meta":{"origin":4135,"position":5},"title":"\u00dcbersicht: F\u00fcnf Pocket-Radios mit DAB+-Empfang","author":"Administrator","date":"November 27, 2011","format":false,"excerpt":"\u00dcbersicht: F\u00fcnf Pocket-Radios mit DAB+-Empfang http:\/\/www.teltarif.de\/dab-radio-multimedia\/news\/44760.html","rel":"","context":"In &quot;Deutsch&quot;","block_context":{"text":"Deutsch","link":"https:\/\/www.achimbrueckner.de\/dxradio\/php\/wordpress\/?cat=1"},"img":{"alt_text":"","src":"","width":0,"height":0},"classes":[]}],"_links":{"self":[{"href":"https:\/\/www.achimbrueckner.de\/dxradio\/php\/wordpress\/index.php?rest_route=\/wp\/v2\/posts\/4135","targetHints":{"allow":["GET"]}}],"collection":[{"href":"https:\/\/www.achimbrueckner.de\/dxradio\/php\/wordpress\/index.php?rest_route=\/wp\/v2\/posts"}],"about":[{"href":"https:\/\/www.achimbrueckner.de\/dxradio\/php\/wordpress\/index.php?rest_route=\/wp\/v2\/types\/post"}],"author":[{"embeddable":true,"href":"https:\/\/www.achimbrueckner.de\/dxradio\/php\/wordpress\/index.php?rest_route=\/wp\/v2\/users\/1"}],"replies":[{"embeddable":true,"href":"https:\/\/www.achimbrueckner.de\/dxradio\/php\/wordpress\/index.php?rest_route=%2Fwp%2Fv2%2Fcomments&post=4135"}],"version-history":[{"count":0,"href":"https:\/\/www.achimbrueckner.de\/dxradio\/php\/wordpress\/index.php?rest_route=\/wp\/v2\/posts\/4135\/revisions"}],"wp:attachment":[{"href":"https:\/\/www.achimbrueckner.de\/dxradio\/php\/wordpress\/index.php?rest_route=%2Fwp%2Fv2%2Fmedia&parent=4135"}],"wp:term":[{"taxonomy":"category","embeddable":true,"href":"https:\/\/www.achimbrueckner.de\/dxradio\/php\/wordpress\/index.php?rest_route=%2Fwp%2Fv2%2Fcategories&post=4135"},{"taxonomy":"post_tag","embeddable":true,"href":"https:\/\/www.achimbrueckner.de\/dxradio\/php\/wordpress\/index.php?rest_route=%2Fwp%2Fv2%2Ftags&post=4135"}],"curies":[{"name":"wp","href":"https:\/\/api.w.org\/{rel}","templated":true}]}}