{"id":41369,"date":"2024-06-15T18:28:22","date_gmt":"2024-06-15T18:28:22","guid":{"rendered":"https:\/\/www.achimbrueckner.de\/dxradio\/php\/wordpress\/?p=41369"},"modified":"2024-06-17T18:28:49","modified_gmt":"2024-06-17T18:28:49","slug":"radio-rock-106-6-feiert-40-geburtstag","status":"publish","type":"post","link":"https:\/\/www.achimbrueckner.de\/dxradio\/php\/wordpress\/?p=41369","title":{"rendered":"Radio Rock 106.6 feiert 40. Geburtstag"},"content":{"rendered":"<p><a href=\"https:\/\/www.radioblog.eu\/2024\/06\/15\/radio-rock-106-6-feiert-40-geburtstag\/\" rel=\"noopener\" target=\"_blank\">https:\/\/www.radioblog.eu\/2024\/06\/15\/radio-rock-106-6-feiert-40-geburtstag\/<\/a><\/p>\n","protected":false},"excerpt":{"rendered":"<p>https:\/\/www.radioblog.eu\/2024\/06\/15\/radio-rock-106-6-feiert-40-geburtstag\/<\/p>\n","protected":false},"author":1,"featured_media":0,"comment_status":"closed","ping_status":"open","sticky":false,"template":"","format":"standard","meta":{"_jetpack_memberships_contains_paid_content":false,"footnotes":"","jetpack_publicize_message":"","jetpack_publicize_feature_enabled":true,"jetpack_social_post_already_shared":true,"jetpack_social_options":{"image_generator_settings":{"template":"highway","default_image_id":0,"font":"","enabled":false},"version":2}},"categories":[1],"tags":[],"class_list":["post-41369","post","type-post","status-publish","format-standard","hentry","category-deutsch"],"jetpack_publicize_connections":[],"jetpack_featured_media_url":"","jetpack_sharing_enabled":true,"jetpack_shortlink":"https:\/\/wp.me\/p5CDmr-aLf","jetpack-related-posts":[{"id":42871,"url":"https:\/\/www.achimbrueckner.de\/dxradio\/php\/wordpress\/?p=42871","url_meta":{"origin":41369,"position":0},"title":"Radio Gong 96.3 feiert 40. Geburtstag","author":"Administrator","date":"May 24, 2025","format":false,"excerpt":"https:\/\/www.radioblog.eu\/2025\/05\/24\/radio-gong-96-3-feiert-40-geburtstag\/","rel":"","context":"In &quot;Deutsch&quot;","block_context":{"text":"Deutsch","link":"https:\/\/www.achimbrueckner.de\/dxradio\/php\/wordpress\/?cat=1"},"img":{"alt_text":"","src":"","width":0,"height":0},"classes":[]},{"id":41822,"url":"https:\/\/www.achimbrueckner.de\/dxradio\/php\/wordpress\/?p=41822","url_meta":{"origin":41369,"position":1},"title":"Rock Antenne feiert 25. Geburtstag","author":"Administrator","date":"October 17, 2024","format":false,"excerpt":"https:\/\/www.radioblog.eu\/2024\/10\/16\/rock-antenne-feiert-25-geburtstag\/","rel":"","context":"In &quot;Deutsch&quot;","block_context":{"text":"Deutsch","link":"https:\/\/www.achimbrueckner.de\/dxradio\/php\/wordpress\/?cat=1"},"img":{"alt_text":"","src":"","width":0,"height":0},"classes":[]},{"id":43039,"url":"https:\/\/www.achimbrueckner.de\/dxradio\/php\/wordpress\/?p=43039","url_meta":{"origin":41369,"position":2},"title":"Radio 21 feiert 25. Geburtstag","author":"Administrator","date":"June 16, 2025","format":false,"excerpt":"https:\/\/www.radioblog.eu\/2025\/06\/16\/radio-21-feiert-25-geburtstag\/","rel":"","context":"In &quot;Deutsch&quot;","block_context":{"text":"Deutsch","link":"https:\/\/www.achimbrueckner.de\/dxradio\/php\/wordpress\/?cat=1"},"img":{"alt_text":"","src":"","width":0,"height":0},"classes":[]},{"id":42944,"url":"https:\/\/www.achimbrueckner.de\/dxradio\/php\/wordpress\/?p=42944","url_meta":{"origin":41369,"position":3},"title":"Italien: Funky Radio feiert 5. Geburtstag","author":"Administrator","date":"June 4, 2025","format":false,"excerpt":"https:\/\/www.radioblog.eu\/2025\/06\/04\/italien-funky-radio-feiert-5-geburtstag\/","rel":"","context":"In &quot;Deutsch&quot;","block_context":{"text":"Deutsch","link":"https:\/\/www.achimbrueckner.de\/dxradio\/php\/wordpress\/?cat=1"},"img":{"alt_text":"","src":"","width":0,"height":0},"classes":[]},{"id":43028,"url":"https:\/\/www.achimbrueckner.de\/dxradio\/php\/wordpress\/?p=43028","url_meta":{"origin":41369,"position":4},"title":"TOGGO Radio feiert f\u00fcnften Geburtstag mit gro\u00dfem Jubil\u00e4umsprogramm","author":"Administrator","date":"June 16, 2025","format":false,"excerpt":"https:\/\/www.radioblog.eu\/2025\/06\/16\/toggo-radio-feiert-fuenften-geburtstag-mit-grossem-jubilaeumsprogramm\/","rel":"","context":"In &quot;Deutsch&quot;","block_context":{"text":"Deutsch","link":"https:\/\/www.achimbrueckner.de\/dxradio\/php\/wordpress\/?cat=1"},"img":{"alt_text":"","src":"","width":0,"height":0},"classes":[]},{"id":43546,"url":"https:\/\/www.achimbrueckner.de\/dxradio\/php\/wordpress\/?p=43546","url_meta":{"origin":41369,"position":5},"title":"80s80s Radio feiert zehnten Geburtstag","author":"Administrator","date":"August 10, 2025","format":false,"excerpt":"https:\/\/www.radioblog.eu\/2025\/08\/10\/80s80s-radio-feiert-zehnten-geburtstag\/","rel":"","context":"In &quot;Deutsch&quot;","block_context":{"text":"Deutsch","link":"https:\/\/www.achimbrueckner.de\/dxradio\/php\/wordpress\/?cat=1"},"img":{"alt_text":"","src":"","width":0,"height":0},"classes":[]}],"_links":{"self":[{"href":"https:\/\/www.achimbrueckner.de\/dxradio\/php\/wordpress\/index.php?rest_route=\/wp\/v2\/posts\/41369","targetHints":{"allow":["GET"]}}],"collection":[{"href":"https:\/\/www.achimbrueckner.de\/dxradio\/php\/wordpress\/index.php?rest_route=\/wp\/v2\/posts"}],"about":[{"href":"https:\/\/www.achimbrueckner.de\/dxradio\/php\/wordpress\/index.php?rest_route=\/wp\/v2\/types\/post"}],"author":[{"embeddable":true,"href":"https:\/\/www.achimbrueckner.de\/dxradio\/php\/wordpress\/index.php?rest_route=\/wp\/v2\/users\/1"}],"replies":[{"embeddable":true,"href":"https:\/\/www.achimbrueckner.de\/dxradio\/php\/wordpress\/index.php?rest_route=%2Fwp%2Fv2%2Fcomments&post=41369"}],"version-history":[{"count":0,"href":"https:\/\/www.achimbrueckner.de\/dxradio\/php\/wordpress\/index.php?rest_route=\/wp\/v2\/posts\/41369\/revisions"}],"wp:attachment":[{"href":"https:\/\/www.achimbrueckner.de\/dxradio\/php\/wordpress\/index.php?rest_route=%2Fwp%2Fv2%2Fmedia&parent=41369"}],"wp:term":[{"taxonomy":"category","embeddable":true,"href":"https:\/\/www.achimbrueckner.de\/dxradio\/php\/wordpress\/index.php?rest_route=%2Fwp%2Fv2%2Fcategories&post=41369"},{"taxonomy":"post_tag","embeddable":true,"href":"https:\/\/www.achimbrueckner.de\/dxradio\/php\/wordpress\/index.php?rest_route=%2Fwp%2Fv2%2Ftags&post=41369"}],"curies":[{"name":"wp","href":"https:\/\/api.w.org\/{rel}","templated":true}]}}