{"id":41370,"date":"2024-06-15T18:29:05","date_gmt":"2024-06-15T18:29:05","guid":{"rendered":"https:\/\/www.achimbrueckner.de\/dxradio\/php\/wordpress\/?p=41370"},"modified":"2024-06-17T18:29:29","modified_gmt":"2024-06-17T18:29:29","slug":"radiopionier-bernd-sebor-ist-zuruck-bei-radio-god","status":"publish","type":"post","link":"https:\/\/www.achimbrueckner.de\/dxradio\/php\/wordpress\/?p=41370","title":{"rendered":"Radiopionier Bernd Sebor ist zur\u00fcck: Bei Radio G\u00d6D"},"content":{"rendered":"<p><a href=\"https:\/\/www.radioblog.eu\/2024\/06\/14\/radiopionier-bernd-sebor-ist-zurueck-bei-radio-goed\/\" rel=\"noopener\" target=\"_blank\">https:\/\/www.radioblog.eu\/2024\/06\/14\/radiopionier-bernd-sebor-ist-zurueck-bei-radio-goed\/<\/a><\/p>\n","protected":false},"excerpt":{"rendered":"<p>https:\/\/www.radioblog.eu\/2024\/06\/14\/radiopionier-bernd-sebor-ist-zurueck-bei-radio-goed\/<\/p>\n","protected":false},"author":1,"featured_media":0,"comment_status":"closed","ping_status":"open","sticky":false,"template":"","format":"standard","meta":{"_jetpack_memberships_contains_paid_content":false,"footnotes":"","jetpack_publicize_message":"","jetpack_publicize_feature_enabled":true,"jetpack_social_post_already_shared":true,"jetpack_social_options":{"image_generator_settings":{"template":"highway","default_image_id":0,"font":"","enabled":false},"version":2}},"categories":[1],"tags":[],"class_list":["post-41370","post","type-post","status-publish","format-standard","hentry","category-deutsch"],"jetpack_publicize_connections":[],"jetpack_featured_media_url":"","jetpack_sharing_enabled":true,"jetpack_shortlink":"https:\/\/wp.me\/p5CDmr-aLg","jetpack-related-posts":[{"id":41455,"url":"https:\/\/www.achimbrueckner.de\/dxradio\/php\/wordpress\/?p=41455","url_meta":{"origin":41370,"position":0},"title":"Alice Cooper zur\u00fcck bei Radio BOB!","author":"Administrator","date":"July 6, 2024","format":false,"excerpt":"https:\/\/www.radioblog.eu\/2024\/07\/05\/alice-cooper-zurueck-bei-radio-bob\/","rel":"","context":"In &quot;Deutsch&quot;","block_context":{"text":"Deutsch","link":"https:\/\/www.achimbrueckner.de\/dxradio\/php\/wordpress\/?cat=1"},"img":{"alt_text":"","src":"","width":0,"height":0},"classes":[]},{"id":42968,"url":"https:\/\/www.achimbrueckner.de\/dxradio\/php\/wordpress\/?p=42968","url_meta":{"origin":41370,"position":1},"title":"Gro\u00dfbritannien: Virgin Radio Pride ist zur\u00fcck","author":"Administrator","date":"June 6, 2025","format":false,"excerpt":"https:\/\/www.radioblog.eu\/2025\/06\/06\/grossbritannien-virgin-radio-pride-ist-zurueck\/","rel":"","context":"In &quot;Deutsch&quot;","block_context":{"text":"Deutsch","link":"https:\/\/www.achimbrueckner.de\/dxradio\/php\/wordpress\/?cat=1"},"img":{"alt_text":"","src":"","width":0,"height":0},"classes":[]},{"id":37388,"url":"https:\/\/www.achimbrueckner.de\/dxradio\/php\/wordpress\/?p=37388","url_meta":{"origin":41370,"position":2},"title":"Antenne MV ist als Webradio bei Laut.fm zur\u00fcck","author":"Administrator","date":"September 1, 2022","format":false,"excerpt":"https:\/\/www.radioblog.eu\/2022\/08\/31\/antenne-mv-ist-als-webradio-bei-laut-fm-zurueck\/","rel":"","context":"In &quot;Deutsch&quot;","block_context":{"text":"Deutsch","link":"https:\/\/www.achimbrueckner.de\/dxradio\/php\/wordpress\/?cat=1"},"img":{"alt_text":"","src":"","width":0,"height":0},"classes":[]},{"id":40585,"url":"https:\/\/www.achimbrueckner.de\/dxradio\/php\/wordpress\/?p=40585","url_meta":{"origin":41370,"position":3},"title":"Dennis King zur\u00fcck bei Radio BHeins","author":"Administrator","date":"December 4, 2023","format":false,"excerpt":"https:\/\/www.radioblog.eu\/2023\/12\/04\/dennis-king-zurueck-bei-radio-bheins\/","rel":"","context":"In &quot;Deutsch&quot;","block_context":{"text":"Deutsch","link":"https:\/\/www.achimbrueckner.de\/dxradio\/php\/wordpress\/?cat=1"},"img":{"alt_text":"","src":"","width":0,"height":0},"classes":[]},{"id":39645,"url":"https:\/\/www.achimbrueckner.de\/dxradio\/php\/wordpress\/?p=39645","url_meta":{"origin":41370,"position":4},"title":"Radio Forum als Webradio zur\u00fcck!","author":"Administrator","date":"June 13, 2023","format":false,"excerpt":"Radio Forum als Webradio zur\u00fcck! Radio Forum, ein Pionier aus Lothringen, geh\u00f6rte in den 1980iger Jahren zu den Radiostationen, welche gezielt in Richtung Saarland sendeten. Mitte 2023 wurde ein Webstream gestartet: https:\/\/www.radio-forum2.de\/ Radio Forum - Wir H\u00f6ren uns Das Webradio wird von Bernd Sambo betrieben - mit dem ehemaligen UKW-Sender\u2026","rel":"","context":"In &quot;Deutsch&quot;","block_context":{"text":"Deutsch","link":"https:\/\/www.achimbrueckner.de\/dxradio\/php\/wordpress\/?cat=1"},"img":{"alt_text":"","src":"","width":0,"height":0},"classes":[]},{"id":38355,"url":"https:\/\/www.achimbrueckner.de\/dxradio\/php\/wordpress\/?p=38355","url_meta":{"origin":41370,"position":5},"title":"Xtreme Radio X107.5 ist nach 22 Jahren zur\u00fcck","author":"Administrator","date":"December 27, 2022","format":false,"excerpt":"https:\/\/www.radioblog.eu\/2022\/12\/26\/xtreme-radio-x107-5-ist-nach-22-jahren-zurueck\/","rel":"","context":"In &quot;Deutsch&quot;","block_context":{"text":"Deutsch","link":"https:\/\/www.achimbrueckner.de\/dxradio\/php\/wordpress\/?cat=1"},"img":{"alt_text":"","src":"","width":0,"height":0},"classes":[]}],"_links":{"self":[{"href":"https:\/\/www.achimbrueckner.de\/dxradio\/php\/wordpress\/index.php?rest_route=\/wp\/v2\/posts\/41370","targetHints":{"allow":["GET"]}}],"collection":[{"href":"https:\/\/www.achimbrueckner.de\/dxradio\/php\/wordpress\/index.php?rest_route=\/wp\/v2\/posts"}],"about":[{"href":"https:\/\/www.achimbrueckner.de\/dxradio\/php\/wordpress\/index.php?rest_route=\/wp\/v2\/types\/post"}],"author":[{"embeddable":true,"href":"https:\/\/www.achimbrueckner.de\/dxradio\/php\/wordpress\/index.php?rest_route=\/wp\/v2\/users\/1"}],"replies":[{"embeddable":true,"href":"https:\/\/www.achimbrueckner.de\/dxradio\/php\/wordpress\/index.php?rest_route=%2Fwp%2Fv2%2Fcomments&post=41370"}],"version-history":[{"count":0,"href":"https:\/\/www.achimbrueckner.de\/dxradio\/php\/wordpress\/index.php?rest_route=\/wp\/v2\/posts\/41370\/revisions"}],"wp:attachment":[{"href":"https:\/\/www.achimbrueckner.de\/dxradio\/php\/wordpress\/index.php?rest_route=%2Fwp%2Fv2%2Fmedia&parent=41370"}],"wp:term":[{"taxonomy":"category","embeddable":true,"href":"https:\/\/www.achimbrueckner.de\/dxradio\/php\/wordpress\/index.php?rest_route=%2Fwp%2Fv2%2Fcategories&post=41370"},{"taxonomy":"post_tag","embeddable":true,"href":"https:\/\/www.achimbrueckner.de\/dxradio\/php\/wordpress\/index.php?rest_route=%2Fwp%2Fv2%2Ftags&post=41370"}],"curies":[{"name":"wp","href":"https:\/\/api.w.org\/{rel}","templated":true}]}}