{"id":41371,"date":"2024-06-15T18:29:54","date_gmt":"2024-06-15T18:29:54","guid":{"rendered":"https:\/\/www.achimbrueckner.de\/dxradio\/php\/wordpress\/?p=41371"},"modified":"2024-06-17T18:30:17","modified_gmt":"2024-06-17T18:30:17","slug":"radio-top-two-nach-mehr-als-drei-wochen-pause-wieder-on-air","status":"publish","type":"post","link":"https:\/\/www.achimbrueckner.de\/dxradio\/php\/wordpress\/?p=41371","title":{"rendered":"Radio Top Two nach mehr als drei Wochen Pause wieder on air"},"content":{"rendered":"<p><a href=\"https:\/\/www.radioblog.eu\/2024\/06\/14\/radio-top-two-nach-mehr-als-drei-wochen-pause-wieder-on-air\/\" rel=\"noopener\" target=\"_blank\">https:\/\/www.radioblog.eu\/2024\/06\/14\/radio-top-two-nach-mehr-als-drei-wochen-pause-wieder-on-air\/<\/a><\/p>\n","protected":false},"excerpt":{"rendered":"<p>https:\/\/www.radioblog.eu\/2024\/06\/14\/radio-top-two-nach-mehr-als-drei-wochen-pause-wieder-on-air\/<\/p>\n","protected":false},"author":1,"featured_media":0,"comment_status":"closed","ping_status":"open","sticky":false,"template":"","format":"standard","meta":{"_jetpack_memberships_contains_paid_content":false,"footnotes":"","jetpack_publicize_message":"","jetpack_publicize_feature_enabled":true,"jetpack_social_post_already_shared":true,"jetpack_social_options":{"image_generator_settings":{"template":"highway","default_image_id":0,"font":"","enabled":false},"version":2}},"categories":[1],"tags":[],"class_list":["post-41371","post","type-post","status-publish","format-standard","hentry","category-deutsch"],"jetpack_publicize_connections":[],"jetpack_featured_media_url":"","jetpack_sharing_enabled":true,"jetpack_shortlink":"https:\/\/wp.me\/p5CDmr-aLh","jetpack-related-posts":[{"id":41307,"url":"https:\/\/www.achimbrueckner.de\/dxradio\/php\/wordpress\/?p=41307","url_meta":{"origin":41371,"position":0},"title":"Drei Wochen \u201eneues Sonos\u201c: Vieles bleibt schlechter als fr\u00fcher","author":"Administrator","date":"May 31, 2024","format":false,"excerpt":"https:\/\/www.radioblog.eu\/2024\/05\/31\/drei-wochen-neues-sonos-vieles-bleibt-schlechter-als-frueher\/","rel":"","context":"In &quot;Deutsch&quot;","block_context":{"text":"Deutsch","link":"https:\/\/www.achimbrueckner.de\/dxradio\/php\/wordpress\/?cat=1"},"img":{"alt_text":"","src":"","width":0,"height":0},"classes":[]},{"id":16732,"url":"https:\/\/www.achimbrueckner.de\/dxradio\/php\/wordpress\/?p=16732","url_meta":{"origin":41371,"position":1},"title":"Radio Rasant 2018","author":"Administrator","date":"March 3, 2018","format":false,"excerpt":"redaktion_radio_rasant@yahoo.de Radio Rasant gibt es an diesem und am naechsten Wochenende nach mehr als einaehriger Pause wieder zu hoeren. Hier der Programmplan fuer die beiden Wochenenden: 2. Maerz 2018, 20.00- 21.00 CET, 7290 kHz SW und 846 kHz 3. Maerz 2018, 10.00- 11.00 CET, 9510 kHz SW 4. Maerz 2018,\u2026","rel":"","context":"In &quot;Deutsch&quot;","block_context":{"text":"Deutsch","link":"https:\/\/www.achimbrueckner.de\/dxradio\/php\/wordpress\/?cat=1"},"img":{"alt_text":"","src":"","width":0,"height":0},"classes":[]},{"id":31217,"url":"https:\/\/www.achimbrueckner.de\/dxradio\/php\/wordpress\/?p=31217","url_meta":{"origin":41371,"position":2},"title":"United DJs Radio gibt nach knapp drei Jahren wieder auf","author":"Administrator","date":"December 17, 2020","format":false,"excerpt":"https:\/\/www.smartphonefan.de\/2020\/12\/17\/united-djs-radio-gibt-nach-knapp-drei-jahren-wieder-auf\/","rel":"","context":"In &quot;Deutsch&quot;","block_context":{"text":"Deutsch","link":"https:\/\/www.achimbrueckner.de\/dxradio\/php\/wordpress\/?cat=1"},"img":{"alt_text":"","src":"","width":0,"height":0},"classes":[]},{"id":34738,"url":"https:\/\/www.achimbrueckner.de\/dxradio\/php\/wordpress\/?p=34738","url_meta":{"origin":41371,"position":3},"title":"Radio S\u00fcdtirol wieder \u00fcber Stream h\u00f6rbar","author":"Administrator","date":"February 28, 2022","format":false,"excerpt":"Radio S\u00fcdtirol wieder \u00fcber Stream h\u00f6rbar Nach langer Pause kann Radio S\u00fcdtirol auch wieder \u00fcbers Internet empfangen werden. Sowohl \u00fcber die Webseite, als auch \u00fcber Direktstream. Siegfried Torggler meldet sich zu den Nachrichten aus dem Studio in M\u00fcnchen. Die Musik ist wohl einmalig: nacheinander laufen Schlager, Techno, Volksmusik, Oldies.... https:\/\/radiosuedtirol.eu?option=com_frontpage&Itemid=1\u2026","rel":"","context":"In &quot;Deutsch&quot;","block_context":{"text":"Deutsch","link":"https:\/\/www.achimbrueckner.de\/dxradio\/php\/wordpress\/?cat=1"},"img":{"alt_text":"","src":"","width":0,"height":0},"classes":[]},{"id":32275,"url":"https:\/\/www.achimbrueckner.de\/dxradio\/php\/wordpress\/?p=32275","url_meta":{"origin":41371,"position":4},"title":"Sturmschaden Channel 292","author":"Administrator","date":"March 15, 2021","format":false,"excerpt":"Wie viele H\u00f6rer sicherlich bemerkt haben, waren unsere Sender von Samstag, 16.28 MEZ bis Montag, 10.10 MEZ off air. Grund war ein schwerer Sturm am Samstag Nachmittag, der einige Sch\u00e4den an unseren Antennen verursacht hat. Alle drei Frequenzen laufen inzwischen wieder, aber der Beam f\u00fcr 9670 kHz ist schwer besch\u00e4digt\u2026","rel":"","context":"In &quot;Deutsch&quot;","block_context":{"text":"Deutsch","link":"https:\/\/www.achimbrueckner.de\/dxradio\/php\/wordpress\/?cat=1"},"img":{"alt_text":"","src":"","width":0,"height":0},"classes":[]},{"id":42991,"url":"https:\/\/www.achimbrueckner.de\/dxradio\/php\/wordpress\/?p=42991","url_meta":{"origin":41371,"position":5},"title":"Gro\u00dfbritannien: Fun Kids Windrush sendet drei Wochen lang auf DAB+ und online","author":"Administrator","date":"June 10, 2025","format":false,"excerpt":"https:\/\/www.radioblog.eu\/2025\/06\/10\/grossbritannien-fun-kids-windrush-sendet-drei-wochen-lang-auf-dab-und-online\/","rel":"","context":"In &quot;Deutsch&quot;","block_context":{"text":"Deutsch","link":"https:\/\/www.achimbrueckner.de\/dxradio\/php\/wordpress\/?cat=1"},"img":{"alt_text":"","src":"","width":0,"height":0},"classes":[]}],"_links":{"self":[{"href":"https:\/\/www.achimbrueckner.de\/dxradio\/php\/wordpress\/index.php?rest_route=\/wp\/v2\/posts\/41371","targetHints":{"allow":["GET"]}}],"collection":[{"href":"https:\/\/www.achimbrueckner.de\/dxradio\/php\/wordpress\/index.php?rest_route=\/wp\/v2\/posts"}],"about":[{"href":"https:\/\/www.achimbrueckner.de\/dxradio\/php\/wordpress\/index.php?rest_route=\/wp\/v2\/types\/post"}],"author":[{"embeddable":true,"href":"https:\/\/www.achimbrueckner.de\/dxradio\/php\/wordpress\/index.php?rest_route=\/wp\/v2\/users\/1"}],"replies":[{"embeddable":true,"href":"https:\/\/www.achimbrueckner.de\/dxradio\/php\/wordpress\/index.php?rest_route=%2Fwp%2Fv2%2Fcomments&post=41371"}],"version-history":[{"count":0,"href":"https:\/\/www.achimbrueckner.de\/dxradio\/php\/wordpress\/index.php?rest_route=\/wp\/v2\/posts\/41371\/revisions"}],"wp:attachment":[{"href":"https:\/\/www.achimbrueckner.de\/dxradio\/php\/wordpress\/index.php?rest_route=%2Fwp%2Fv2%2Fmedia&parent=41371"}],"wp:term":[{"taxonomy":"category","embeddable":true,"href":"https:\/\/www.achimbrueckner.de\/dxradio\/php\/wordpress\/index.php?rest_route=%2Fwp%2Fv2%2Fcategories&post=41371"},{"taxonomy":"post_tag","embeddable":true,"href":"https:\/\/www.achimbrueckner.de\/dxradio\/php\/wordpress\/index.php?rest_route=%2Fwp%2Fv2%2Ftags&post=41371"}],"curies":[{"name":"wp","href":"https:\/\/api.w.org\/{rel}","templated":true}]}}