{"id":41375,"date":"2024-06-18T15:07:33","date_gmt":"2024-06-18T15:07:33","guid":{"rendered":"https:\/\/www.achimbrueckner.de\/dxradio\/php\/wordpress\/?p=41375"},"modified":"2024-06-18T15:07:33","modified_gmt":"2024-06-18T15:07:33","slug":"queer-club-radio-lulu-fm-in-osterreich-ab-freitag-noch-clubbiger","status":"publish","type":"post","link":"https:\/\/www.achimbrueckner.de\/dxradio\/php\/wordpress\/?p=41375","title":{"rendered":"QUEER. CLUB. RADIO. \u2013 lulu.fm in \u00d6sterreich ab Freitag noch clubbiger"},"content":{"rendered":"<p><a href=\"https:\/\/www.radioszene.de\/188158\/lulufm-oesterreich.html\" rel=\"noopener\" target=\"_blank\">https:\/\/www.radioszene.de\/188158\/lulufm-oesterreich.html<\/a><\/p>\n","protected":false},"excerpt":{"rendered":"<p>https:\/\/www.radioszene.de\/188158\/lulufm-oesterreich.html<\/p>\n","protected":false},"author":1,"featured_media":0,"comment_status":"closed","ping_status":"open","sticky":false,"template":"","format":"standard","meta":{"_jetpack_memberships_contains_paid_content":false,"footnotes":"","jetpack_publicize_message":"","jetpack_publicize_feature_enabled":true,"jetpack_social_post_already_shared":true,"jetpack_social_options":{"image_generator_settings":{"template":"highway","default_image_id":0,"font":"","enabled":false},"version":2}},"categories":[1],"tags":[],"class_list":["post-41375","post","type-post","status-publish","format-standard","hentry","category-deutsch"],"jetpack_publicize_connections":[],"jetpack_featured_media_url":"","jetpack_sharing_enabled":true,"jetpack_shortlink":"https:\/\/wp.me\/p5CDmr-aLl","jetpack-related-posts":[{"id":37547,"url":"https:\/\/www.achimbrueckner.de\/dxradio\/php\/wordpress\/?p=37547","url_meta":{"origin":41375,"position":0},"title":"lulu.fm ab November in K\u00f6ln auf UKW 94,5 MHz","author":"Administrator","date":"September 23, 2022","format":false,"excerpt":"https:\/\/www.radioszene.de\/167482\/lulufm-ukw-koeln-nrw.html","rel":"","context":"In &quot;Deutsch&quot;","block_context":{"text":"Deutsch","link":"https:\/\/www.achimbrueckner.de\/dxradio\/php\/wordpress\/?cat=1"},"img":{"alt_text":"","src":"","width":0,"height":0},"classes":[]},{"id":30672,"url":"https:\/\/www.achimbrueckner.de\/dxradio\/php\/wordpress\/?p=30672","url_meta":{"origin":41375,"position":1},"title":"lulu.fm erh\u00e4lt Lizenz f\u00fcr Sublokales Radio in K\u00f6ln","author":"Administrator","date":"November 3, 2020","format":false,"excerpt":"https:\/\/www.radioszene.de\/149218\/lulufm-sublokalradio-koeln.html","rel":"","context":"In &quot;Deutsch&quot;","block_context":{"text":"Deutsch","link":"https:\/\/www.achimbrueckner.de\/dxradio\/php\/wordpress\/?cat=1"},"img":{"alt_text":"","src":"","width":0,"height":0},"classes":[]},{"id":41389,"url":"https:\/\/www.achimbrueckner.de\/dxradio\/php\/wordpress\/?p=41389","url_meta":{"origin":41375,"position":2},"title":"lulu.fm stellt Sendebetrieb in Deutschland ein","author":"Administrator","date":"June 21, 2024","format":false,"excerpt":"https:\/\/www.radioszene.de\/188392\/lulufm-deutschland-eingestellt.html","rel":"","context":"In &quot;Deutsch&quot;","block_context":{"text":"Deutsch","link":"https:\/\/www.achimbrueckner.de\/dxradio\/php\/wordpress\/?cat=1"},"img":{"alt_text":"","src":"","width":0,"height":0},"classes":[]},{"id":37963,"url":"https:\/\/www.achimbrueckner.de\/dxradio\/php\/wordpress\/?p=37963","url_meta":{"origin":41375,"position":3},"title":"lulu.fm boykottiert Fussball-WM in Katar","author":"Administrator","date":"November 19, 2022","format":false,"excerpt":"https:\/\/www.radioszene.de\/168944\/lulufm-boykottiert-fussball-wm-in-katar.html","rel":"","context":"In &quot;Deutsch&quot;","block_context":{"text":"Deutsch","link":"https:\/\/www.achimbrueckner.de\/dxradio\/php\/wordpress\/?cat=1"},"img":{"alt_text":"","src":"","width":0,"height":0},"classes":[]},{"id":39926,"url":"https:\/\/www.achimbrueckner.de\/dxradio\/php\/wordpress\/?p=39926","url_meta":{"origin":41375,"position":4},"title":"RadioTEST 2023: Neue H\u00f6rerzahlen in \u00d6sterreich erschienen","author":"Administrator","date":"July 28, 2023","format":false,"excerpt":"https:\/\/www.radioszene.de\/178012\/radiotest-hoererzahlen-oesterreich.html","rel":"","context":"In &quot;Deutsch&quot;","block_context":{"text":"Deutsch","link":"https:\/\/www.achimbrueckner.de\/dxradio\/php\/wordpress\/?cat=1"},"img":{"alt_text":"","src":"","width":0,"height":0},"classes":[]},{"id":41383,"url":"https:\/\/www.achimbrueckner.de\/dxradio\/php\/wordpress\/?p=41383","url_meta":{"origin":41375,"position":5},"title":"Gro\u00dfer DAB+ Sendestart in \u00d6sterreich mit 28 neuen Programmen","author":"Administrator","date":"June 20, 2024","format":false,"excerpt":"https:\/\/www.radioszene.de\/188254\/dab-sendestart-oesterreich.html","rel":"","context":"In &quot;Deutsch&quot;","block_context":{"text":"Deutsch","link":"https:\/\/www.achimbrueckner.de\/dxradio\/php\/wordpress\/?cat=1"},"img":{"alt_text":"","src":"","width":0,"height":0},"classes":[]}],"_links":{"self":[{"href":"https:\/\/www.achimbrueckner.de\/dxradio\/php\/wordpress\/index.php?rest_route=\/wp\/v2\/posts\/41375","targetHints":{"allow":["GET"]}}],"collection":[{"href":"https:\/\/www.achimbrueckner.de\/dxradio\/php\/wordpress\/index.php?rest_route=\/wp\/v2\/posts"}],"about":[{"href":"https:\/\/www.achimbrueckner.de\/dxradio\/php\/wordpress\/index.php?rest_route=\/wp\/v2\/types\/post"}],"author":[{"embeddable":true,"href":"https:\/\/www.achimbrueckner.de\/dxradio\/php\/wordpress\/index.php?rest_route=\/wp\/v2\/users\/1"}],"replies":[{"embeddable":true,"href":"https:\/\/www.achimbrueckner.de\/dxradio\/php\/wordpress\/index.php?rest_route=%2Fwp%2Fv2%2Fcomments&post=41375"}],"version-history":[{"count":0,"href":"https:\/\/www.achimbrueckner.de\/dxradio\/php\/wordpress\/index.php?rest_route=\/wp\/v2\/posts\/41375\/revisions"}],"wp:attachment":[{"href":"https:\/\/www.achimbrueckner.de\/dxradio\/php\/wordpress\/index.php?rest_route=%2Fwp%2Fv2%2Fmedia&parent=41375"}],"wp:term":[{"taxonomy":"category","embeddable":true,"href":"https:\/\/www.achimbrueckner.de\/dxradio\/php\/wordpress\/index.php?rest_route=%2Fwp%2Fv2%2Fcategories&post=41375"},{"taxonomy":"post_tag","embeddable":true,"href":"https:\/\/www.achimbrueckner.de\/dxradio\/php\/wordpress\/index.php?rest_route=%2Fwp%2Fv2%2Ftags&post=41375"}],"curies":[{"name":"wp","href":"https:\/\/api.w.org\/{rel}","templated":true}]}}