{"id":41376,"date":"2024-06-18T15:08:14","date_gmt":"2024-06-18T15:08:14","guid":{"rendered":"https:\/\/www.achimbrueckner.de\/dxradio\/php\/wordpress\/?p=41376"},"modified":"2024-06-18T15:08:14","modified_gmt":"2024-06-18T15:08:14","slug":"orf-gewinnt-mit-aiditor-europaischen-technologie-und-innovations-award-2024","status":"publish","type":"post","link":"https:\/\/www.achimbrueckner.de\/dxradio\/php\/wordpress\/?p=41376","title":{"rendered":"ORF gewinnt mit \u201eAiDitor\u201c europ\u00e4ischen Technologie- und Innovations-Award 2024"},"content":{"rendered":"<p><a href=\"https:\/\/www.radioszene.de\/188103\/aiditor.html\" rel=\"noopener\" target=\"_blank\">https:\/\/www.radioszene.de\/188103\/aiditor.html<\/a><\/p>\n","protected":false},"excerpt":{"rendered":"<p>https:\/\/www.radioszene.de\/188103\/aiditor.html<\/p>\n","protected":false},"author":1,"featured_media":0,"comment_status":"closed","ping_status":"open","sticky":false,"template":"","format":"standard","meta":{"_jetpack_memberships_contains_paid_content":false,"footnotes":"","jetpack_publicize_message":"","jetpack_publicize_feature_enabled":true,"jetpack_social_post_already_shared":true,"jetpack_social_options":{"image_generator_settings":{"template":"highway","default_image_id":0,"font":"","enabled":false},"version":2}},"categories":[1],"tags":[],"class_list":["post-41376","post","type-post","status-publish","format-standard","hentry","category-deutsch"],"jetpack_publicize_connections":[],"jetpack_featured_media_url":"","jetpack_sharing_enabled":true,"jetpack_shortlink":"https:\/\/wp.me\/p5CDmr-aLm","jetpack-related-posts":[{"id":41505,"url":"https:\/\/www.achimbrueckner.de\/dxradio\/php\/wordpress\/?p=41505","url_meta":{"origin":41376,"position":0},"title":"Umbau bei den ORF-Radios geht weiter: Neue F\u00fchrungskr\u00e4fte bei \u00d63","author":"Administrator","date":"July 23, 2024","format":false,"excerpt":"https:\/\/www.radioszene.de\/189601\/orf-radios-umbau-2024.html","rel":"","context":"In &quot;Deutsch&quot;","block_context":{"text":"Deutsch","link":"https:\/\/www.achimbrueckner.de\/dxradio\/php\/wordpress\/?cat=1"},"img":{"alt_text":"","src":"","width":0,"height":0},"classes":[]},{"id":24238,"url":"https:\/\/www.achimbrueckner.de\/dxradio\/php\/wordpress\/?p=24238","url_meta":{"origin":41376,"position":1},"title":"Wie soll es weitergehen mit ORF und GIS?","author":"Administrator","date":"August 14, 2019","format":false,"excerpt":"https:\/\/www.derstandard.de\/story\/2000107331692\/wie-soll-es-weitergehen-mit-orf-und-gis","rel":"","context":"In &quot;Deutsch&quot;","block_context":{"text":"Deutsch","link":"https:\/\/www.achimbrueckner.de\/dxradio\/php\/wordpress\/?cat=1"},"img":{"alt_text":"","src":"","width":0,"height":0},"classes":[]},{"id":18384,"url":"https:\/\/www.achimbrueckner.de\/dxradio\/php\/wordpress\/?p=18384","url_meta":{"origin":41376,"position":2},"title":"Engere Zusammenarbeit mit ORF und ZDF","author":"Administrator","date":"June 26, 2018","format":false,"excerpt":"https:\/\/www.srgd.ch\/de\/aktuelles\/news\/2018\/06\/26\/engere-zusammenarbeit-mit-orf-und-zdf\/","rel":"","context":"In &quot;Deutsch&quot;","block_context":{"text":"Deutsch","link":"https:\/\/www.achimbrueckner.de\/dxradio\/php\/wordpress\/?cat=1"},"img":{"alt_text":"","src":"","width":0,"height":0},"classes":[]},{"id":41333,"url":"https:\/\/www.achimbrueckner.de\/dxradio\/php\/wordpress\/?p=41333","url_meta":{"origin":41376,"position":3},"title":"ma 2024 IP Audio II: Simulcast gewinnt \u2013 Web-Only verliert","author":"Administrator","date":"June 5, 2024","format":false,"excerpt":"https:\/\/www.radioszene.de\/187755\/ma-2024-ip-audio-ii.html","rel":"","context":"In &quot;Deutsch&quot;","block_context":{"text":"Deutsch","link":"https:\/\/www.achimbrueckner.de\/dxradio\/php\/wordpress\/?cat=1"},"img":{"alt_text":"","src":"","width":0,"height":0},"classes":[]},{"id":41709,"url":"https:\/\/www.achimbrueckner.de\/dxradio\/php\/wordpress\/?p=41709","url_meta":{"origin":41376,"position":4},"title":"ma 2024 IP Audio III: Simulcast verliert \u2013 Web-Only gewinnt","author":"Administrator","date":"September 18, 2024","format":false,"excerpt":"https:\/\/www.radioszene.de\/191060\/ma-2024-ip-audio-iii.html","rel":"","context":"In &quot;Deutsch&quot;","block_context":{"text":"Deutsch","link":"https:\/\/www.achimbrueckner.de\/dxradio\/php\/wordpress\/?cat=1"},"img":{"alt_text":"","src":"","width":0,"height":0},"classes":[]},{"id":41437,"url":"https:\/\/www.achimbrueckner.de\/dxradio\/php\/wordpress\/?p=41437","url_meta":{"origin":41376,"position":5},"title":"Radio Augsburg gewinnt H\u00f6rfunkpreis 2024","author":"Administrator","date":"July 2, 2024","format":false,"excerpt":"https:\/\/www.radioszene.de\/188835\/radio-augsburg.html","rel":"","context":"In &quot;Deutsch&quot;","block_context":{"text":"Deutsch","link":"https:\/\/www.achimbrueckner.de\/dxradio\/php\/wordpress\/?cat=1"},"img":{"alt_text":"","src":"","width":0,"height":0},"classes":[]}],"_links":{"self":[{"href":"https:\/\/www.achimbrueckner.de\/dxradio\/php\/wordpress\/index.php?rest_route=\/wp\/v2\/posts\/41376","targetHints":{"allow":["GET"]}}],"collection":[{"href":"https:\/\/www.achimbrueckner.de\/dxradio\/php\/wordpress\/index.php?rest_route=\/wp\/v2\/posts"}],"about":[{"href":"https:\/\/www.achimbrueckner.de\/dxradio\/php\/wordpress\/index.php?rest_route=\/wp\/v2\/types\/post"}],"author":[{"embeddable":true,"href":"https:\/\/www.achimbrueckner.de\/dxradio\/php\/wordpress\/index.php?rest_route=\/wp\/v2\/users\/1"}],"replies":[{"embeddable":true,"href":"https:\/\/www.achimbrueckner.de\/dxradio\/php\/wordpress\/index.php?rest_route=%2Fwp%2Fv2%2Fcomments&post=41376"}],"version-history":[{"count":0,"href":"https:\/\/www.achimbrueckner.de\/dxradio\/php\/wordpress\/index.php?rest_route=\/wp\/v2\/posts\/41376\/revisions"}],"wp:attachment":[{"href":"https:\/\/www.achimbrueckner.de\/dxradio\/php\/wordpress\/index.php?rest_route=%2Fwp%2Fv2%2Fmedia&parent=41376"}],"wp:term":[{"taxonomy":"category","embeddable":true,"href":"https:\/\/www.achimbrueckner.de\/dxradio\/php\/wordpress\/index.php?rest_route=%2Fwp%2Fv2%2Fcategories&post=41376"},{"taxonomy":"post_tag","embeddable":true,"href":"https:\/\/www.achimbrueckner.de\/dxradio\/php\/wordpress\/index.php?rest_route=%2Fwp%2Fv2%2Ftags&post=41376"}],"curies":[{"name":"wp","href":"https:\/\/api.w.org\/{rel}","templated":true}]}}