{"id":4142,"date":"2015-02-25T18:31:17","date_gmt":"2015-02-25T18:31:17","guid":{"rendered":"https:\/\/www.achimbrueckner.de\/dxradio\/php\/wordpress\/?p=4142"},"modified":"2015-02-25T18:31:17","modified_gmt":"2015-02-25T18:31:17","slug":"radio-darc-im-49m-rundfunkband","status":"publish","type":"post","link":"https:\/\/www.achimbrueckner.de\/dxradio\/php\/wordpress\/?p=4142","title":{"rendered":"RADIO DARC im 49m Rundfunkband"},"content":{"rendered":"<p><a href=\"http:\/\/www.darc.de\/aktuelles\/details\/article\/radio-darc-im-49m-rundfunkband\/\" target=\"_blank\">http:\/\/www.darc.de\/aktuelles\/details\/article\/radio-darc-im-49m-rundfunkband\/<\/a><\/p>\n","protected":false},"excerpt":{"rendered":"<p>http:\/\/www.darc.de\/aktuelles\/details\/article\/radio-darc-im-49m-rundfunkband\/<\/p>\n","protected":false},"author":1,"featured_media":0,"comment_status":"open","ping_status":"open","sticky":false,"template":"","format":"standard","meta":{"_jetpack_memberships_contains_paid_content":false,"footnotes":"","jetpack_publicize_message":"","jetpack_publicize_feature_enabled":true,"jetpack_social_post_already_shared":true,"jetpack_social_options":{"image_generator_settings":{"template":"highway","default_image_id":0,"font":"","enabled":false},"version":2}},"categories":[1],"tags":[],"class_list":["post-4142","post","type-post","status-publish","format-standard","hentry","category-deutsch"],"jetpack_publicize_connections":[],"jetpack_featured_media_url":"","jetpack_sharing_enabled":true,"jetpack_shortlink":"https:\/\/wp.me\/p5CDmr-14O","jetpack-related-posts":[{"id":4242,"url":"https:\/\/www.achimbrueckner.de\/dxradio\/php\/wordpress\/?p=4242","url_meta":{"origin":4142,"position":0},"title":"Radio DARC Premiere 22. M\u00e4rz 2015 6070 Khz 1000 Utc","author":"Administrator","date":"March 19, 2015","format":false,"excerpt":"Liebe YLs und OMs. nun ist es bald so weit. \"RADIO DARC\" wird am kommenden Sonntag, den 22. M\u00e4rz 2015 im 49m Rundfunkband seine regelm\u00e4\u00dfige Sendefolge aufnehmen. Die Sendungen erfolgen immer sonntags um 11 Uhr Lokalzeit (10 Uhr UTC) mit 100 kW Sendeleistung aus Wien-Moosbrunn und in einer Wiederholung montags\u2026","rel":"","context":"In &quot;Deutsch&quot;","block_context":{"text":"Deutsch","link":"https:\/\/www.achimbrueckner.de\/dxradio\/php\/wordpress\/?cat=1"},"img":{"alt_text":"","src":"","width":0,"height":0},"classes":[]},{"id":5879,"url":"https:\/\/www.achimbrueckner.de\/dxradio\/php\/wordpress\/?p=5879","url_meta":{"origin":4142,"position":1},"title":"65 Jahre DARC e.V. Sondersendung von RADIO DARC","author":"Administrator","date":"September 9, 2015","format":false,"excerpt":"http:\/\/www.darc.de\/aktuelles\/details\/article\/sondersendung-von-radio-darc\/","rel":"","context":"In &quot;Deutsch&quot;","block_context":{"text":"Deutsch","link":"https:\/\/www.achimbrueckner.de\/dxradio\/php\/wordpress\/?cat=1"},"img":{"alt_text":"","src":"","width":0,"height":0},"classes":[]},{"id":4483,"url":"https:\/\/www.achimbrueckner.de\/dxradio\/php\/wordpress\/?p=4483","url_meta":{"origin":4142,"position":2},"title":"Online-Umfrage zur Nutzung von \u201eRADIO DARC\u201c","author":"Administrator","date":"April 28, 2015","format":false,"excerpt":"http:\/\/www.darc.de\/aktuelles\/details\/article\/online-umfrage-zur-nutzung-von-radio-darc\/","rel":"","context":"In &quot;Deutsch&quot;","block_context":{"text":"Deutsch","link":"https:\/\/www.achimbrueckner.de\/dxradio\/php\/wordpress\/?cat=1"},"img":{"alt_text":"","src":"","width":0,"height":0},"classes":[]},{"id":5181,"url":"https:\/\/www.achimbrueckner.de\/dxradio\/php\/wordpress\/?p=5181","url_meta":{"origin":4142,"position":3},"title":"Funkger\u00e4te der Zukunft Initiative \u201eNew Radio\u201c des DARC und \u00d6VSV","author":"Administrator","date":"July 11, 2015","format":false,"excerpt":"http:\/\/www.darc.de\/aktuelles\/details\/article\/initiative-new-radio-des-darc-und-oevsv\/","rel":"","context":"In &quot;Deutsch&quot;","block_context":{"text":"Deutsch","link":"https:\/\/www.achimbrueckner.de\/dxradio\/php\/wordpress\/?cat=1"},"img":{"alt_text":"","src":"","width":0,"height":0},"classes":[]},{"id":4857,"url":"https:\/\/www.achimbrueckner.de\/dxradio\/php\/wordpress\/?p=4857","url_meta":{"origin":4142,"position":4},"title":"DARC SWL Schulung auf HAM RADIO","author":"Administrator","date":"June 9, 2015","format":false,"excerpt":"http:\/\/www.darc.de\/referate\/ajw\/aktuelles\/nachrichten-details\/article\/swl-schulung-auf-ham-radio\/","rel":"","context":"In &quot;Deutsch&quot;","block_context":{"text":"Deutsch","link":"https:\/\/www.achimbrueckner.de\/dxradio\/php\/wordpress\/?cat=1"},"img":{"alt_text":"","src":"","width":0,"height":0},"classes":[]},{"id":6021,"url":"https:\/\/www.achimbrueckner.de\/dxradio\/php\/wordpress\/?p=6021","url_meta":{"origin":4142,"position":5},"title":"RADIO DARC Abschiedssendung f\u00fcr die Mittelwelle","author":"Administrator","date":"September 22, 2015","format":false,"excerpt":"http:\/\/www.darc.de\/aktuelles\/details\/article\/abschiedssendung-fuer-die-mittelwelle\/","rel":"","context":"In &quot;Deutsch&quot;","block_context":{"text":"Deutsch","link":"https:\/\/www.achimbrueckner.de\/dxradio\/php\/wordpress\/?cat=1"},"img":{"alt_text":"","src":"","width":0,"height":0},"classes":[]}],"_links":{"self":[{"href":"https:\/\/www.achimbrueckner.de\/dxradio\/php\/wordpress\/index.php?rest_route=\/wp\/v2\/posts\/4142","targetHints":{"allow":["GET"]}}],"collection":[{"href":"https:\/\/www.achimbrueckner.de\/dxradio\/php\/wordpress\/index.php?rest_route=\/wp\/v2\/posts"}],"about":[{"href":"https:\/\/www.achimbrueckner.de\/dxradio\/php\/wordpress\/index.php?rest_route=\/wp\/v2\/types\/post"}],"author":[{"embeddable":true,"href":"https:\/\/www.achimbrueckner.de\/dxradio\/php\/wordpress\/index.php?rest_route=\/wp\/v2\/users\/1"}],"replies":[{"embeddable":true,"href":"https:\/\/www.achimbrueckner.de\/dxradio\/php\/wordpress\/index.php?rest_route=%2Fwp%2Fv2%2Fcomments&post=4142"}],"version-history":[{"count":0,"href":"https:\/\/www.achimbrueckner.de\/dxradio\/php\/wordpress\/index.php?rest_route=\/wp\/v2\/posts\/4142\/revisions"}],"wp:attachment":[{"href":"https:\/\/www.achimbrueckner.de\/dxradio\/php\/wordpress\/index.php?rest_route=%2Fwp%2Fv2%2Fmedia&parent=4142"}],"wp:term":[{"taxonomy":"category","embeddable":true,"href":"https:\/\/www.achimbrueckner.de\/dxradio\/php\/wordpress\/index.php?rest_route=%2Fwp%2Fv2%2Fcategories&post=4142"},{"taxonomy":"post_tag","embeddable":true,"href":"https:\/\/www.achimbrueckner.de\/dxradio\/php\/wordpress\/index.php?rest_route=%2Fwp%2Fv2%2Ftags&post=4142"}],"curies":[{"name":"wp","href":"https:\/\/api.w.org\/{rel}","templated":true}]}}