{"id":4144,"date":"2015-02-26T15:15:21","date_gmt":"2015-02-26T15:15:21","guid":{"rendered":"https:\/\/www.achimbrueckner.de\/dxradio\/php\/wordpress\/?p=4144"},"modified":"2015-02-26T15:15:21","modified_gmt":"2015-02-26T15:15:21","slug":"geld-fur-die-deutsche-welle-alles-gute-kommt-von-oben","status":"publish","type":"post","link":"https:\/\/www.achimbrueckner.de\/dxradio\/php\/wordpress\/?p=4144","title":{"rendered":"GELD F\u00dcR DIE DEUTSCHE WELLE Alles Gute kommt von oben"},"content":{"rendered":"<p><a href=\"http:\/\/m.taz.de\/Geld-fuer-die-Deutsche-Welle\/!155209;m\/\" target=\"_blank\">http:\/\/m.taz.de\/Geld-fuer-die-Deutsche-Welle\/!155209;m\/<\/a><\/p>\n","protected":false},"excerpt":{"rendered":"<p>http:\/\/m.taz.de\/Geld-fuer-die-Deutsche-Welle\/!155209;m\/<\/p>\n","protected":false},"author":1,"featured_media":0,"comment_status":"open","ping_status":"open","sticky":false,"template":"","format":"standard","meta":{"_jetpack_memberships_contains_paid_content":false,"footnotes":"","jetpack_publicize_message":"","jetpack_publicize_feature_enabled":true,"jetpack_social_post_already_shared":true,"jetpack_social_options":{"image_generator_settings":{"template":"highway","default_image_id":0,"font":"","enabled":false},"version":2}},"categories":[1],"tags":[],"class_list":["post-4144","post","type-post","status-publish","format-standard","hentry","category-deutsch"],"jetpack_publicize_connections":[],"jetpack_featured_media_url":"","jetpack_sharing_enabled":true,"jetpack_shortlink":"https:\/\/wp.me\/p5CDmr-14Q","jetpack-related-posts":[{"id":20214,"url":"https:\/\/www.achimbrueckner.de\/dxradio\/php\/wordpress\/?p=20214","url_meta":{"origin":4144,"position":0},"title":"F\u00fcr die Deutsche Welle und die Filmf\u00f6rderung gibt es 2019 mehr Geld vom Bund","author":"Administrator","date":"November 30, 2018","format":false,"excerpt":"https:\/\/www.medienkorrespondenz.de\/politik\/artikel\/mehr-geld-vom-bund-fuer-die-deutsche-welle.html","rel":"","context":"In &quot;Deutsch&quot;","block_context":{"text":"Deutsch","link":"https:\/\/www.achimbrueckner.de\/dxradio\/php\/wordpress\/?cat=1"},"img":{"alt_text":"","src":"","width":0,"height":0},"classes":[]},{"id":11157,"url":"https:\/\/www.achimbrueckner.de\/dxradio\/php\/wordpress\/?p=11157","url_meta":{"origin":4144,"position":1},"title":"Mehr Geld f\u00fcr die Deutsche Welle","author":"Administrator","date":"November 27, 2016","format":false,"excerpt":"http:\/\/www.radioeins.de\/programm\/sendungen\/medienmagazin\/radio_news\/beitraege\/2016\/tuerkei0.html","rel":"","context":"In &quot;Deutsch&quot;","block_context":{"text":"Deutsch","link":"https:\/\/www.achimbrueckner.de\/dxradio\/php\/wordpress\/?cat=1"},"img":{"alt_text":"","src":"","width":0,"height":0},"classes":[]},{"id":1289,"url":"https:\/\/www.achimbrueckner.de\/dxradio\/php\/wordpress\/?p=1289","url_meta":{"origin":4144,"position":2},"title":"Schwere Zeiten f\u00fcr die Deutsche Welle","author":"Administrator","date":"December 22, 2010","format":false,"excerpt":"Schwere Zeiten f\u00fcr die Deutsche Welle http:\/\/www.general-anzeiger-bonn.de\/index.php?k=loka&itemid=10003&detailid=827769 Info via Facebook","rel":"","context":"In &quot;Deutsch&quot;","block_context":{"text":"Deutsch","link":"https:\/\/www.achimbrueckner.de\/dxradio\/php\/wordpress\/?cat=1"},"img":{"alt_text":"","src":"","width":0,"height":0},"classes":[]},{"id":3656,"url":"https:\/\/www.achimbrueckner.de\/dxradio\/php\/wordpress\/?p=3656","url_meta":{"origin":4144,"position":3},"title":"1978 &#8211; Megawatt f\u00fcr Millionen  Die Deutsche Welle &#8211; Sendetechnik und Programmauftrag","author":"Administrator","date":"October 13, 2014","format":false,"excerpt":"http:\/\/www.hifimuseum.de\/ueber-die-deutsche-welle-1980.html","rel":"","context":"In &quot;Deutsch&quot;","block_context":{"text":"Deutsch","link":"https:\/\/www.achimbrueckner.de\/dxradio\/php\/wordpress\/?cat=1"},"img":{"alt_text":"","src":"","width":0,"height":0},"classes":[]},{"id":1666,"url":"https:\/\/www.achimbrueckner.de\/dxradio\/php\/wordpress\/?p=1666","url_meta":{"origin":4144,"position":4},"title":"Iran: WM-Reporterin f\u00fcr &#8220;Deutsche Welle&#8221; in Haft","author":"Administrator","date":"July 18, 2011","format":false,"excerpt":"Iran: WM-Reporterin f\u00fcr \"Deutsche Welle\" in Haft http:\/\/derstandard.at\/1310511458595\/Iran-WM-Reporterin-fuer-Deutsche-Welle-in-Haft Info via A-DX","rel":"","context":"In &quot;Deutsch&quot;","block_context":{"text":"Deutsch","link":"https:\/\/www.achimbrueckner.de\/dxradio\/php\/wordpress\/?cat=1"},"img":{"alt_text":"","src":"","width":0,"height":0},"classes":[]},{"id":6705,"url":"https:\/\/www.achimbrueckner.de\/dxradio\/php\/wordpress\/?p=6705","url_meta":{"origin":4144,"position":5},"title":"Bund st\u00e4rkt die Deutsche Welle: 10,5 Millionen Euro zus\u00e4tzlich f\u00fcr 2016","author":"Administrator","date":"December 1, 2015","format":false,"excerpt":"http:\/\/www.dw.com\/de\/bund-st%C3%A4rkt-die-deutsche-welle-105-millionen-euro-zus%C3%A4tzlich-f%C3%BCr-2016\/a-18886781","rel":"","context":"In &quot;Deutsch&quot;","block_context":{"text":"Deutsch","link":"https:\/\/www.achimbrueckner.de\/dxradio\/php\/wordpress\/?cat=1"},"img":{"alt_text":"","src":"","width":0,"height":0},"classes":[]}],"_links":{"self":[{"href":"https:\/\/www.achimbrueckner.de\/dxradio\/php\/wordpress\/index.php?rest_route=\/wp\/v2\/posts\/4144","targetHints":{"allow":["GET"]}}],"collection":[{"href":"https:\/\/www.achimbrueckner.de\/dxradio\/php\/wordpress\/index.php?rest_route=\/wp\/v2\/posts"}],"about":[{"href":"https:\/\/www.achimbrueckner.de\/dxradio\/php\/wordpress\/index.php?rest_route=\/wp\/v2\/types\/post"}],"author":[{"embeddable":true,"href":"https:\/\/www.achimbrueckner.de\/dxradio\/php\/wordpress\/index.php?rest_route=\/wp\/v2\/users\/1"}],"replies":[{"embeddable":true,"href":"https:\/\/www.achimbrueckner.de\/dxradio\/php\/wordpress\/index.php?rest_route=%2Fwp%2Fv2%2Fcomments&post=4144"}],"version-history":[{"count":0,"href":"https:\/\/www.achimbrueckner.de\/dxradio\/php\/wordpress\/index.php?rest_route=\/wp\/v2\/posts\/4144\/revisions"}],"wp:attachment":[{"href":"https:\/\/www.achimbrueckner.de\/dxradio\/php\/wordpress\/index.php?rest_route=%2Fwp%2Fv2%2Fmedia&parent=4144"}],"wp:term":[{"taxonomy":"category","embeddable":true,"href":"https:\/\/www.achimbrueckner.de\/dxradio\/php\/wordpress\/index.php?rest_route=%2Fwp%2Fv2%2Fcategories&post=4144"},{"taxonomy":"post_tag","embeddable":true,"href":"https:\/\/www.achimbrueckner.de\/dxradio\/php\/wordpress\/index.php?rest_route=%2Fwp%2Fv2%2Ftags&post=4144"}],"curies":[{"name":"wp","href":"https:\/\/api.w.org\/{rel}","templated":true}]}}