{"id":41440,"date":"2024-07-03T14:52:18","date_gmt":"2024-07-03T14:52:18","guid":{"rendered":"https:\/\/www.achimbrueckner.de\/dxradio\/php\/wordpress\/?p=41440"},"modified":"2024-07-03T14:52:18","modified_gmt":"2024-07-03T14:52:18","slug":"zeitzeugen-georg-dingler","status":"publish","type":"post","link":"https:\/\/www.achimbrueckner.de\/dxradio\/php\/wordpress\/?p=41440","title":{"rendered":"Zeitzeugen Georg Dingler"},"content":{"rendered":"<p><a href=\"https:\/\/www.digiandi.de\/zeitzeugen\/georg-dingler\/\" rel=\"noopener\" target=\"_blank\">https:\/\/www.digiandi.de\/zeitzeugen\/georg-dingler\/<\/a><\/p>\n","protected":false},"excerpt":{"rendered":"<p>https:\/\/www.digiandi.de\/zeitzeugen\/georg-dingler\/<\/p>\n","protected":false},"author":1,"featured_media":0,"comment_status":"closed","ping_status":"open","sticky":false,"template":"","format":"standard","meta":{"_jetpack_memberships_contains_paid_content":false,"footnotes":"","jetpack_publicize_message":"","jetpack_publicize_feature_enabled":true,"jetpack_social_post_already_shared":true,"jetpack_social_options":{"image_generator_settings":{"template":"highway","default_image_id":0,"font":"","enabled":false},"version":2}},"categories":[1],"tags":[],"class_list":["post-41440","post","type-post","status-publish","format-standard","hentry","category-deutsch"],"jetpack_publicize_connections":[],"jetpack_featured_media_url":"","jetpack_sharing_enabled":true,"jetpack_shortlink":"https:\/\/wp.me\/p5CDmr-aMo","jetpack-related-posts":[{"id":37054,"url":"https:\/\/www.achimbrueckner.de\/dxradio\/php\/wordpress\/?p=37054","url_meta":{"origin":41440,"position":0},"title":"Zeitzeugen Georg Rose","author":"Administrator","date":"July 23, 2022","format":false,"excerpt":"https:\/\/www.digiandi.de\/zeitzeugen\/georg-rose\/","rel":"","context":"In &quot;Deutsch&quot;","block_context":{"text":"Deutsch","link":"https:\/\/www.achimbrueckner.de\/dxradio\/php\/wordpress\/?cat=1"},"img":{"alt_text":"","src":"","width":0,"height":0},"classes":[]},{"id":42118,"url":"https:\/\/www.achimbrueckner.de\/dxradio\/php\/wordpress\/?p=42118","url_meta":{"origin":41440,"position":1},"title":"Radio-K\u00f6pfe | Georg Dingler: 26 Jahre Gesch\u00e4ftsf\u00fchrer bei Radio Gong","author":"Administrator","date":"January 10, 2025","format":false,"excerpt":"https:\/\/www.radioszene.de\/198589\/georg-dingler-radio-koepfe.html","rel":"","context":"In &quot;Deutsch&quot;","block_context":{"text":"Deutsch","link":"https:\/\/www.achimbrueckner.de\/dxradio\/php\/wordpress\/?cat=1"},"img":{"alt_text":"","src":"","width":0,"height":0},"classes":[]},{"id":31205,"url":"https:\/\/www.achimbrueckner.de\/dxradio\/php\/wordpress\/?p=31205","url_meta":{"origin":41440,"position":2},"title":"Georg Dingler geht Ende 2020 in den Ruhestand","author":"Administrator","date":"December 17, 2020","format":false,"excerpt":"https:\/\/www.radioszene.de\/150649\/georg-dingler.html","rel":"","context":"In &quot;Deutsch&quot;","block_context":{"text":"Deutsch","link":"https:\/\/www.achimbrueckner.de\/dxradio\/php\/wordpress\/?cat=1"},"img":{"alt_text":"","src":"","width":0,"height":0},"classes":[]},{"id":8721,"url":"https:\/\/www.achimbrueckner.de\/dxradio\/php\/wordpress\/?p=8721","url_meta":{"origin":41440,"position":3},"title":"#LRFT16 Die besten #Radioaktionen Teil 2 mit Georg #Dingler","author":"Administrator","date":"July 5, 2016","format":false,"excerpt":"https:\/\/www.periscope.tv\/RADIOSZENE\/1djGXwobjbNKZ","rel":"","context":"In &quot;Deutsch&quot;","block_context":{"text":"Deutsch","link":"https:\/\/www.achimbrueckner.de\/dxradio\/php\/wordpress\/?cat=1"},"img":{"alt_text":"","src":"","width":0,"height":0},"classes":[]},{"id":29779,"url":"https:\/\/www.achimbrueckner.de\/dxradio\/php\/wordpress\/?p=29779","url_meta":{"origin":41440,"position":4},"title":"Zeitzeugen Dagmar Berghoff","author":"Administrator","date":"August 19, 2020","format":false,"excerpt":"https:\/\/www.digiandi.de\/zeitzeugen\/dagmar-berghoff\/","rel":"","context":"In &quot;Deutsch&quot;","block_context":{"text":"Deutsch","link":"https:\/\/www.achimbrueckner.de\/dxradio\/php\/wordpress\/?cat=1"},"img":{"alt_text":"","src":"","width":0,"height":0},"classes":[]},{"id":29808,"url":"https:\/\/www.achimbrueckner.de\/dxradio\/php\/wordpress\/?p=29808","url_meta":{"origin":41440,"position":5},"title":"Zeitzeugen J\u00f6rg Wagner","author":"Administrator","date":"August 23, 2020","format":false,"excerpt":"https:\/\/www.digiandi.de\/zeitzeugen\/joerg-wagner\/","rel":"","context":"In &quot;Deutsch&quot;","block_context":{"text":"Deutsch","link":"https:\/\/www.achimbrueckner.de\/dxradio\/php\/wordpress\/?cat=1"},"img":{"alt_text":"","src":"","width":0,"height":0},"classes":[]}],"_links":{"self":[{"href":"https:\/\/www.achimbrueckner.de\/dxradio\/php\/wordpress\/index.php?rest_route=\/wp\/v2\/posts\/41440","targetHints":{"allow":["GET"]}}],"collection":[{"href":"https:\/\/www.achimbrueckner.de\/dxradio\/php\/wordpress\/index.php?rest_route=\/wp\/v2\/posts"}],"about":[{"href":"https:\/\/www.achimbrueckner.de\/dxradio\/php\/wordpress\/index.php?rest_route=\/wp\/v2\/types\/post"}],"author":[{"embeddable":true,"href":"https:\/\/www.achimbrueckner.de\/dxradio\/php\/wordpress\/index.php?rest_route=\/wp\/v2\/users\/1"}],"replies":[{"embeddable":true,"href":"https:\/\/www.achimbrueckner.de\/dxradio\/php\/wordpress\/index.php?rest_route=%2Fwp%2Fv2%2Fcomments&post=41440"}],"version-history":[{"count":0,"href":"https:\/\/www.achimbrueckner.de\/dxradio\/php\/wordpress\/index.php?rest_route=\/wp\/v2\/posts\/41440\/revisions"}],"wp:attachment":[{"href":"https:\/\/www.achimbrueckner.de\/dxradio\/php\/wordpress\/index.php?rest_route=%2Fwp%2Fv2%2Fmedia&parent=41440"}],"wp:term":[{"taxonomy":"category","embeddable":true,"href":"https:\/\/www.achimbrueckner.de\/dxradio\/php\/wordpress\/index.php?rest_route=%2Fwp%2Fv2%2Fcategories&post=41440"},{"taxonomy":"post_tag","embeddable":true,"href":"https:\/\/www.achimbrueckner.de\/dxradio\/php\/wordpress\/index.php?rest_route=%2Fwp%2Fv2%2Ftags&post=41440"}],"curies":[{"name":"wp","href":"https:\/\/api.w.org\/{rel}","templated":true}]}}