{"id":41459,"date":"2024-07-07T09:23:11","date_gmt":"2024-07-07T09:23:11","guid":{"rendered":"https:\/\/www.achimbrueckner.de\/dxradio\/php\/wordpress\/?p=41459"},"modified":"2024-07-07T09:23:11","modified_gmt":"2024-07-07T09:23:11","slug":"bericht-lokalsender-kpet-am-startet-nach-zwangspause-wieder-durch","status":"publish","type":"post","link":"https:\/\/www.achimbrueckner.de\/dxradio\/php\/wordpress\/?p=41459","title":{"rendered":"Bericht: Lokalsender KPET-AM startet nach Zwangspause wieder durch"},"content":{"rendered":"<p><a href=\"https:\/\/www.radioblog.eu\/2024\/07\/06\/bericht-lokalsender-kpet-am-startet-nach-zwangspause-wieder-durch\/\" rel=\"noopener\" target=\"_blank\">https:\/\/www.radioblog.eu\/2024\/07\/06\/bericht-lokalsender-kpet-am-startet-nach-zwangspause-wieder-durch\/<\/a><\/p>\n","protected":false},"excerpt":{"rendered":"<p>https:\/\/www.radioblog.eu\/2024\/07\/06\/bericht-lokalsender-kpet-am-startet-nach-zwangspause-wieder-durch\/<\/p>\n","protected":false},"author":1,"featured_media":0,"comment_status":"closed","ping_status":"open","sticky":false,"template":"","format":"standard","meta":{"_jetpack_memberships_contains_paid_content":false,"footnotes":"","jetpack_publicize_message":"","jetpack_publicize_feature_enabled":true,"jetpack_social_post_already_shared":true,"jetpack_social_options":{"image_generator_settings":{"template":"highway","default_image_id":0,"font":"","enabled":false},"version":2}},"categories":[1],"tags":[],"class_list":["post-41459","post","type-post","status-publish","format-standard","hentry","category-deutsch"],"jetpack_publicize_connections":[],"jetpack_featured_media_url":"","jetpack_sharing_enabled":true,"jetpack_shortlink":"https:\/\/wp.me\/p5CDmr-aMH","jetpack-related-posts":[{"id":33567,"url":"https:\/\/www.achimbrueckner.de\/dxradio\/php\/wordpress\/?p=33567","url_meta":{"origin":41459,"position":0},"title":"Nach Regelversto\u00df Zwangspause f\u00fcr RBB-Moderatorin Marion Brasch","author":"Administrator","date":"September 12, 2021","format":false,"excerpt":"https:\/\/www.t-online.de\/unterhaltung\/tv\/id_90772646\/zwangspause-fuer-rbb-moderatorin-marion-brasch.html","rel":"","context":"In &quot;Deutsch&quot;","block_context":{"text":"Deutsch","link":"https:\/\/www.achimbrueckner.de\/dxradio\/php\/wordpress\/?cat=1"},"img":{"alt_text":"","src":"","width":0,"height":0},"classes":[]},{"id":26765,"url":"https:\/\/www.achimbrueckner.de\/dxradio\/php\/wordpress\/?p=26765","url_meta":{"origin":41459,"position":1},"title":"LOHRO: Zwangspause wegen Schwelbrand","author":"Administrator","date":"January 23, 2020","format":false,"excerpt":"https:\/\/www.radioszene.de\/139934\/lohro-zwangspause-wegen-schwelbrand.html","rel":"","context":"In &quot;Deutsch&quot;","block_context":{"text":"Deutsch","link":"https:\/\/www.achimbrueckner.de\/dxradio\/php\/wordpress\/?cat=1"},"img":{"alt_text":"","src":"","width":0,"height":0},"classes":[]},{"id":42900,"url":"https:\/\/www.achimbrueckner.de\/dxradio\/php\/wordpress\/?p=42900","url_meta":{"origin":41459,"position":2},"title":"Neuer Lokalsender: Radio Nord startet am 1. Juni in Hamburg","author":"Administrator","date":"May 28, 2025","format":false,"excerpt":"https:\/\/www.radioszene.de\/203110\/radio-nord-hamburg.html","rel":"","context":"In &quot;Deutsch&quot;","block_context":{"text":"Deutsch","link":"https:\/\/www.achimbrueckner.de\/dxradio\/php\/wordpress\/?cat=1"},"img":{"alt_text":"","src":"","width":0,"height":0},"classes":[]},{"id":43144,"url":"https:\/\/www.achimbrueckner.de\/dxradio\/php\/wordpress\/?p=43144","url_meta":{"origin":41459,"position":3},"title":"Neuer Lokalsender \u201eRadio Deck 1\u201c startet am 1. Juli in Hamburg","author":"Administrator","date":"June 27, 2025","format":false,"excerpt":"https:\/\/www.radioszene.de\/203819\/radio-deck-1-hamburg.html","rel":"","context":"In &quot;Deutsch&quot;","block_context":{"text":"Deutsch","link":"https:\/\/www.achimbrueckner.de\/dxradio\/php\/wordpress\/?cat=1"},"img":{"alt_text":"","src":"","width":0,"height":0},"classes":[]},{"id":1956,"url":"https:\/\/www.achimbrueckner.de\/dxradio\/php\/wordpress\/?p=1956","url_meta":{"origin":41459,"position":4},"title":"NRW: Zweiter Lokalsender f\u00fcr D\u00fcsseldorf?","author":"Administrator","date":"November 22, 2011","format":false,"excerpt":"NRW: Zweiter Lokalsender f\u00fcr D\u00fcsseldorf? http:\/\/www.radioszene.de\/31958\/nrw-zweiter-lokalsender-fuer-duesseldorf.html","rel":"","context":"In &quot;Deutsch&quot;","block_context":{"text":"Deutsch","link":"https:\/\/www.achimbrueckner.de\/dxradio\/php\/wordpress\/?cat=1"},"img":{"alt_text":"","src":"","width":0,"height":0},"classes":[]},{"id":40476,"url":"https:\/\/www.achimbrueckner.de\/dxradio\/php\/wordpress\/?p=40476","url_meta":{"origin":41459,"position":5},"title":"Bericht: Mallorca E1ns startet als mallorca1 neu durch","author":"Administrator","date":"November 10, 2023","format":false,"excerpt":"https:\/\/www.satellifax.de\/mlesen.php?id=6ccdbfd44648c6d1fcf623249e32db8d","rel":"","context":"In &quot;Deutsch&quot;","block_context":{"text":"Deutsch","link":"https:\/\/www.achimbrueckner.de\/dxradio\/php\/wordpress\/?cat=1"},"img":{"alt_text":"","src":"","width":0,"height":0},"classes":[]}],"_links":{"self":[{"href":"https:\/\/www.achimbrueckner.de\/dxradio\/php\/wordpress\/index.php?rest_route=\/wp\/v2\/posts\/41459","targetHints":{"allow":["GET"]}}],"collection":[{"href":"https:\/\/www.achimbrueckner.de\/dxradio\/php\/wordpress\/index.php?rest_route=\/wp\/v2\/posts"}],"about":[{"href":"https:\/\/www.achimbrueckner.de\/dxradio\/php\/wordpress\/index.php?rest_route=\/wp\/v2\/types\/post"}],"author":[{"embeddable":true,"href":"https:\/\/www.achimbrueckner.de\/dxradio\/php\/wordpress\/index.php?rest_route=\/wp\/v2\/users\/1"}],"replies":[{"embeddable":true,"href":"https:\/\/www.achimbrueckner.de\/dxradio\/php\/wordpress\/index.php?rest_route=%2Fwp%2Fv2%2Fcomments&post=41459"}],"version-history":[{"count":0,"href":"https:\/\/www.achimbrueckner.de\/dxradio\/php\/wordpress\/index.php?rest_route=\/wp\/v2\/posts\/41459\/revisions"}],"wp:attachment":[{"href":"https:\/\/www.achimbrueckner.de\/dxradio\/php\/wordpress\/index.php?rest_route=%2Fwp%2Fv2%2Fmedia&parent=41459"}],"wp:term":[{"taxonomy":"category","embeddable":true,"href":"https:\/\/www.achimbrueckner.de\/dxradio\/php\/wordpress\/index.php?rest_route=%2Fwp%2Fv2%2Fcategories&post=41459"},{"taxonomy":"post_tag","embeddable":true,"href":"https:\/\/www.achimbrueckner.de\/dxradio\/php\/wordpress\/index.php?rest_route=%2Fwp%2Fv2%2Ftags&post=41459"}],"curies":[{"name":"wp","href":"https:\/\/api.w.org\/{rel}","templated":true}]}}