{"id":4146,"date":"2015-02-26T16:53:20","date_gmt":"2015-02-26T16:53:20","guid":{"rendered":"https:\/\/www.achimbrueckner.de\/dxradio\/php\/wordpress\/?p=4146"},"modified":"2015-02-26T16:53:20","modified_gmt":"2015-02-26T16:53:20","slug":"schweiz-mcdt-steht-fur-digitalradio","status":"publish","type":"post","link":"https:\/\/www.achimbrueckner.de\/dxradio\/php\/wordpress\/?p=4146","title":{"rendered":"Schweiz: MCDT steht f\u00fcr Digitalradio"},"content":{"rendered":"<p><a href=\"http:\/\/www.mcdt.ch\/de\/medien\/facts-und-figures\/\" target=\"_blank\">http:\/\/www.mcdt.ch\/de\/medien\/facts-und-figures\/<\/a><\/p>\n","protected":false},"excerpt":{"rendered":"<p>http:\/\/www.mcdt.ch\/de\/medien\/facts-und-figures\/<\/p>\n","protected":false},"author":1,"featured_media":0,"comment_status":"open","ping_status":"open","sticky":false,"template":"","format":"standard","meta":{"_jetpack_memberships_contains_paid_content":false,"footnotes":"","jetpack_publicize_message":"","jetpack_publicize_feature_enabled":true,"jetpack_social_post_already_shared":true,"jetpack_social_options":{"image_generator_settings":{"template":"highway","default_image_id":0,"font":"","enabled":false},"version":2}},"categories":[1,15],"tags":[32,45],"class_list":["post-4146","post","type-post","status-publish","format-standard","hentry","category-deutsch","category-medien","tag-digitalradio","tag-medien"],"jetpack_publicize_connections":[],"jetpack_featured_media_url":"","jetpack_sharing_enabled":true,"jetpack_shortlink":"https:\/\/wp.me\/p5CDmr-14S","jetpack-related-posts":[{"id":14467,"url":"https:\/\/www.achimbrueckner.de\/dxradio\/php\/wordpress\/?p=14467","url_meta":{"origin":4146,"position":0},"title":"Reichweite f\u00fcr Digitalradio DAB+ steigt weiter","author":"Administrator","date":"September 6, 2017","format":false,"excerpt":"http:\/\/www.zeit.de\/news\/2017-09\/04\/medien-reichweite-fuer-digitalradio-dab-steigt-weiter-04124202","rel":"","context":"In &quot;Deutsch&quot;","block_context":{"text":"Deutsch","link":"https:\/\/www.achimbrueckner.de\/dxradio\/php\/wordpress\/?cat=1"},"img":{"alt_text":"","src":"","width":0,"height":0},"classes":[]},{"id":12279,"url":"https:\/\/www.achimbrueckner.de\/dxradio\/php\/wordpress\/?p=12279","url_meta":{"origin":4146,"position":1},"title":"Digitalradio DAB+ Vier Bewerber f\u00fcr 16 neue Wellen","author":"Administrator","date":"February 24, 2017","format":false,"excerpt":"http:\/\/www.tagesspiegel.de\/medien\/digitalradio-dab-vier-bewerber-fuer-16-neue-wellen\/19439554.html","rel":"","context":"In &quot;Deutsch&quot;","block_context":{"text":"Deutsch","link":"https:\/\/www.achimbrueckner.de\/dxradio\/php\/wordpress\/?cat=1"},"img":{"alt_text":"","src":"","width":0,"height":0},"classes":[]},{"id":9043,"url":"https:\/\/www.achimbrueckner.de\/dxradio\/php\/wordpress\/?p=9043","url_meta":{"origin":4146,"position":2},"title":"Zur Zukunft des Digitalradios In sieben Jahren schalten wir einfach ab","author":"Administrator","date":"August 4, 2016","format":false,"excerpt":"http:\/\/www.faz.net\/aktuell\/feuilleton\/medien\/radiodebatte-digitalradio-und-dab-sind-die-zukunft-14349773.html?printPagedArticle=true#pageIndex_2","rel":"","context":"In &quot;Deutsch&quot;","block_context":{"text":"Deutsch","link":"https:\/\/www.achimbrueckner.de\/dxradio\/php\/wordpress\/?cat=1"},"img":{"alt_text":"","src":"","width":0,"height":0},"classes":[]},{"id":2423,"url":"https:\/\/www.achimbrueckner.de\/dxradio\/php\/wordpress\/?p=2423","url_meta":{"origin":4146,"position":3},"title":"Radio 90elf verliert Radiorechte f\u00fcr Bundesliga","author":"Administrator","date":"March 19, 2013","format":false,"excerpt":"Hallo allerseits, heute hat die Deutsche Fu\u00dfballliga (DFL) die H\u00f6rfunk-\u00dcbertragungs-Rechte f\u00fcr die erste und zweite Bundesliga f\u00fcr die 4 Spielzeiten beginnend mit der Saison 2013\/14 neu vergeben. Den Zuschlag erhielt dabei der Fernsehsender Sport1, was bedeutet, dass Radio 90elf das Nachsehen hat. 90elf ist mit einer Reichweite von einigen Hunderttausend\u2026","rel":"","context":"In &quot;Deutsch&quot;","block_context":{"text":"Deutsch","link":"https:\/\/www.achimbrueckner.de\/dxradio\/php\/wordpress\/?cat=1"},"img":{"alt_text":"","src":"","width":0,"height":0},"classes":[]},{"id":32159,"url":"https:\/\/www.achimbrueckner.de\/dxradio\/php\/wordpress\/?p=32159","url_meta":{"origin":4146,"position":4},"title":"UKW f\u00fcr den Notfall: Digitalradio bleibt analog","author":"Administrator","date":"March 1, 2021","format":false,"excerpt":"https:\/\/medienwoche.ch\/2021\/02\/26\/ukw-fuer-den-notfall-digitalradio-bleibt-analog\/","rel":"","context":"In &quot;Deutsch&quot;","block_context":{"text":"Deutsch","link":"https:\/\/www.achimbrueckner.de\/dxradio\/php\/wordpress\/?cat=1"},"img":{"alt_text":"","src":"","width":0,"height":0},"classes":[]},{"id":13441,"url":"https:\/\/www.achimbrueckner.de\/dxradio\/php\/wordpress\/?p=13441","url_meta":{"origin":4146,"position":5},"title":"St\u00f6rman\u00f6ver gegen das Digitalradio","author":"Administrator","date":"June 15, 2017","format":false,"excerpt":"http:\/\/diepresse.com\/home\/kultur\/medien\/5232967\/Stoermanoever-gegen-das-Digitalradio","rel":"","context":"In &quot;Deutsch&quot;","block_context":{"text":"Deutsch","link":"https:\/\/www.achimbrueckner.de\/dxradio\/php\/wordpress\/?cat=1"},"img":{"alt_text":"","src":"","width":0,"height":0},"classes":[]}],"_links":{"self":[{"href":"https:\/\/www.achimbrueckner.de\/dxradio\/php\/wordpress\/index.php?rest_route=\/wp\/v2\/posts\/4146","targetHints":{"allow":["GET"]}}],"collection":[{"href":"https:\/\/www.achimbrueckner.de\/dxradio\/php\/wordpress\/index.php?rest_route=\/wp\/v2\/posts"}],"about":[{"href":"https:\/\/www.achimbrueckner.de\/dxradio\/php\/wordpress\/index.php?rest_route=\/wp\/v2\/types\/post"}],"author":[{"embeddable":true,"href":"https:\/\/www.achimbrueckner.de\/dxradio\/php\/wordpress\/index.php?rest_route=\/wp\/v2\/users\/1"}],"replies":[{"embeddable":true,"href":"https:\/\/www.achimbrueckner.de\/dxradio\/php\/wordpress\/index.php?rest_route=%2Fwp%2Fv2%2Fcomments&post=4146"}],"version-history":[{"count":0,"href":"https:\/\/www.achimbrueckner.de\/dxradio\/php\/wordpress\/index.php?rest_route=\/wp\/v2\/posts\/4146\/revisions"}],"wp:attachment":[{"href":"https:\/\/www.achimbrueckner.de\/dxradio\/php\/wordpress\/index.php?rest_route=%2Fwp%2Fv2%2Fmedia&parent=4146"}],"wp:term":[{"taxonomy":"category","embeddable":true,"href":"https:\/\/www.achimbrueckner.de\/dxradio\/php\/wordpress\/index.php?rest_route=%2Fwp%2Fv2%2Fcategories&post=4146"},{"taxonomy":"post_tag","embeddable":true,"href":"https:\/\/www.achimbrueckner.de\/dxradio\/php\/wordpress\/index.php?rest_route=%2Fwp%2Fv2%2Ftags&post=4146"}],"curies":[{"name":"wp","href":"https:\/\/api.w.org\/{rel}","templated":true}]}}