{"id":41468,"date":"2024-07-11T14:55:12","date_gmt":"2024-07-11T14:55:12","guid":{"rendered":"https:\/\/www.achimbrueckner.de\/dxradio\/php\/wordpress\/?p=41468"},"modified":"2024-07-11T14:55:12","modified_gmt":"2024-07-11T14:55:12","slug":"ch-media-baut-seinen-vorsprung-im-privatradiomarkt-weiter-aus","status":"publish","type":"post","link":"https:\/\/www.achimbrueckner.de\/dxradio\/php\/wordpress\/?p=41468","title":{"rendered":"CH Media baut seinen Vorsprung im Privatradiomarkt weiter aus"},"content":{"rendered":"<p><a href=\"https:\/\/www.radioszene.de\/189094\/ch-media-hoererzahlen-2024.html\" rel=\"noopener\" target=\"_blank\">https:\/\/www.radioszene.de\/189094\/ch-media-hoererzahlen-2024.html<\/a><\/p>\n","protected":false},"excerpt":{"rendered":"<p>https:\/\/www.radioszene.de\/189094\/ch-media-hoererzahlen-2024.html<\/p>\n","protected":false},"author":1,"featured_media":0,"comment_status":"closed","ping_status":"open","sticky":false,"template":"","format":"standard","meta":{"_jetpack_memberships_contains_paid_content":false,"footnotes":"","jetpack_publicize_message":"","jetpack_publicize_feature_enabled":true,"jetpack_social_post_already_shared":true,"jetpack_social_options":{"image_generator_settings":{"template":"highway","default_image_id":0,"font":"","enabled":false},"version":2}},"categories":[1],"tags":[],"class_list":["post-41468","post","type-post","status-publish","format-standard","hentry","category-deutsch"],"jetpack_publicize_connections":[],"jetpack_featured_media_url":"","jetpack_sharing_enabled":true,"jetpack_shortlink":"https:\/\/wp.me\/p5CDmr-aMQ","jetpack-related-posts":[{"id":23747,"url":"https:\/\/www.achimbrueckner.de\/dxradio\/php\/wordpress\/?p=23747","url_meta":{"origin":41468,"position":0},"title":"H\u00f6rerzahlen Schweiz 1. Halbjahr 2019: CH Media erreicht \u00fcber 1 Million H\u00f6rer","author":"Administrator","date":"July 11, 2019","format":false,"excerpt":"https:\/\/www.radioszene.de\/134800\/hoererzahlen-schweiz-2019.html","rel":"","context":"In &quot;Deutsch&quot;","block_context":{"text":"Deutsch","link":"https:\/\/www.achimbrueckner.de\/dxradio\/php\/wordpress\/?cat=1"},"img":{"alt_text":"","src":"","width":0,"height":0},"classes":[]},{"id":44788,"url":"https:\/\/www.achimbrueckner.de\/dxradio\/php\/wordpress\/?p=44788","url_meta":{"origin":41468,"position":1},"title":"CH Media: 13 Prozent mehr Reichweite im 2. Halbjahr 2025","author":"Administrator","date":"January 12, 2026","format":false,"excerpt":"https:\/\/www.radioszene.de\/209332\/ch-media-13-prozent-mehr-reichweite-im-2-halbjahr-2025.html","rel":"","context":"In &quot;Deutsch&quot;","block_context":{"text":"Deutsch","link":"https:\/\/www.achimbrueckner.de\/dxradio\/php\/wordpress\/?cat=1"},"img":{"alt_text":"","src":"","width":0,"height":0},"classes":[]},{"id":43997,"url":"https:\/\/www.achimbrueckner.de\/dxradio\/php\/wordpress\/?p=43997","url_meta":{"origin":41468,"position":2},"title":"Rekordreichweite: CH Media Radios legen im dritten Quartal 2025 um 15 Prozent zu","author":"Administrator","date":"October 14, 2025","format":false,"excerpt":"https:\/\/www.radioszene.de\/206971\/ch-media-radios-2025.html","rel":"","context":"In &quot;Deutsch&quot;","block_context":{"text":"Deutsch","link":"https:\/\/www.achimbrueckner.de\/dxradio\/php\/wordpress\/?cat=1"},"img":{"alt_text":"","src":"","width":0,"height":0},"classes":[]},{"id":4697,"url":"https:\/\/www.achimbrueckner.de\/dxradio\/php\/wordpress\/?p=4697","url_meta":{"origin":41468,"position":3},"title":"MEDIA BROADCAST baut Digitalradionetz weiter aus","author":"Administrator","date":"May 22, 2015","format":false,"excerpt":"http:\/\/www.radioszene.de\/80124\/media-broadcast-baut-digitalradionetz-weiter-aus.html","rel":"","context":"In &quot;Deutsch&quot;","block_context":{"text":"Deutsch","link":"https:\/\/www.achimbrueckner.de\/dxradio\/php\/wordpress\/?cat=1"},"img":{"alt_text":"","src":"","width":0,"height":0},"classes":[]},{"id":44346,"url":"https:\/\/www.achimbrueckner.de\/dxradio\/php\/wordpress\/?p=44346","url_meta":{"origin":41468,"position":4},"title":"CH Media: Generationenwechsel im Hause Wanner","author":"Administrator","date":"November 20, 2025","format":false,"excerpt":"https:\/\/www.radioszene.de\/208069\/wanner-ch-media.html","rel":"","context":"In &quot;Deutsch&quot;","block_context":{"text":"Deutsch","link":"https:\/\/www.achimbrueckner.de\/dxradio\/php\/wordpress\/?cat=1"},"img":{"alt_text":"","src":"","width":0,"height":0},"classes":[]},{"id":13099,"url":"https:\/\/www.achimbrueckner.de\/dxradio\/php\/wordpress\/?p=13099","url_meta":{"origin":41468,"position":5},"title":"Media Broadcast baut bundesweites Digitalradio-Sendernetz weiter aus","author":"Administrator","date":"May 8, 2017","format":false,"excerpt":"https:\/\/www.infosat.de\/radio\/media-broadcast-baut-bundesweites-digitalradio-sendernetz-weiter-aus","rel":"","context":"In &quot;Deutsch&quot;","block_context":{"text":"Deutsch","link":"https:\/\/www.achimbrueckner.de\/dxradio\/php\/wordpress\/?cat=1"},"img":{"alt_text":"","src":"","width":0,"height":0},"classes":[]}],"_links":{"self":[{"href":"https:\/\/www.achimbrueckner.de\/dxradio\/php\/wordpress\/index.php?rest_route=\/wp\/v2\/posts\/41468","targetHints":{"allow":["GET"]}}],"collection":[{"href":"https:\/\/www.achimbrueckner.de\/dxradio\/php\/wordpress\/index.php?rest_route=\/wp\/v2\/posts"}],"about":[{"href":"https:\/\/www.achimbrueckner.de\/dxradio\/php\/wordpress\/index.php?rest_route=\/wp\/v2\/types\/post"}],"author":[{"embeddable":true,"href":"https:\/\/www.achimbrueckner.de\/dxradio\/php\/wordpress\/index.php?rest_route=\/wp\/v2\/users\/1"}],"replies":[{"embeddable":true,"href":"https:\/\/www.achimbrueckner.de\/dxradio\/php\/wordpress\/index.php?rest_route=%2Fwp%2Fv2%2Fcomments&post=41468"}],"version-history":[{"count":0,"href":"https:\/\/www.achimbrueckner.de\/dxradio\/php\/wordpress\/index.php?rest_route=\/wp\/v2\/posts\/41468\/revisions"}],"wp:attachment":[{"href":"https:\/\/www.achimbrueckner.de\/dxradio\/php\/wordpress\/index.php?rest_route=%2Fwp%2Fv2%2Fmedia&parent=41468"}],"wp:term":[{"taxonomy":"category","embeddable":true,"href":"https:\/\/www.achimbrueckner.de\/dxradio\/php\/wordpress\/index.php?rest_route=%2Fwp%2Fv2%2Fcategories&post=41468"},{"taxonomy":"post_tag","embeddable":true,"href":"https:\/\/www.achimbrueckner.de\/dxradio\/php\/wordpress\/index.php?rest_route=%2Fwp%2Fv2%2Ftags&post=41468"}],"curies":[{"name":"wp","href":"https:\/\/api.w.org\/{rel}","templated":true}]}}