{"id":41486,"date":"2024-07-17T13:33:30","date_gmt":"2024-07-17T13:33:30","guid":{"rendered":"https:\/\/www.achimbrueckner.de\/dxradio\/php\/wordpress\/?p=41486"},"modified":"2024-07-17T13:33:30","modified_gmt":"2024-07-17T13:33:30","slug":"ma-2024-audio-i-starker-zuwachs-fur-dab-programme","status":"publish","type":"post","link":"https:\/\/www.achimbrueckner.de\/dxradio\/php\/wordpress\/?p=41486","title":{"rendered":"ma 2024 Audio I: Starker Zuwachs f\u00fcr DAB+-Programme"},"content":{"rendered":"<p><a href=\"https:\/\/www.teltarif.de\/radio-dabplus-digitalradio-media-anaylse-audio\/news\/96052.html\" rel=\"noopener\" target=\"_blank\">https:\/\/www.teltarif.de\/radio-dabplus-digitalradio-media-anaylse-audio\/news\/96052.html<\/a><\/p>\n","protected":false},"excerpt":{"rendered":"<p>https:\/\/www.teltarif.de\/radio-dabplus-digitalradio-media-anaylse-audio\/news\/96052.html<\/p>\n","protected":false},"author":1,"featured_media":0,"comment_status":"closed","ping_status":"open","sticky":false,"template":"","format":"standard","meta":{"_jetpack_memberships_contains_paid_content":false,"footnotes":"","jetpack_publicize_message":"","jetpack_publicize_feature_enabled":true,"jetpack_social_post_already_shared":true,"jetpack_social_options":{"image_generator_settings":{"template":"highway","default_image_id":0,"font":"","enabled":false},"version":2}},"categories":[1],"tags":[],"class_list":["post-41486","post","type-post","status-publish","format-standard","hentry","category-deutsch"],"jetpack_publicize_connections":[],"jetpack_featured_media_url":"","jetpack_sharing_enabled":true,"jetpack_shortlink":"https:\/\/wp.me\/p5CDmr-aN8","jetpack-related-posts":[{"id":41097,"url":"https:\/\/www.achimbrueckner.de\/dxradio\/php\/wordpress\/?p=41097","url_meta":{"origin":41486,"position":0},"title":"Media Analyse: Ist die DAB+-Nutzung tats\u00e4chlich r\u00fcckl\u00e4ufig?","author":"Administrator","date":"March 26, 2024","format":false,"excerpt":"https:\/\/www.teltarif.de\/dabplus-radio-media-anaylse-audio\/news\/95035.html","rel":"","context":"In &quot;Deutsch&quot;","block_context":{"text":"Deutsch","link":"https:\/\/www.achimbrueckner.de\/dxradio\/php\/wordpress\/?cat=1"},"img":{"alt_text":"","src":"","width":0,"height":0},"classes":[]},{"id":6869,"url":"https:\/\/www.achimbrueckner.de\/dxradio\/php\/wordpress\/?p=6869","url_meta":{"origin":41486,"position":1},"title":"Neue Digitalradios mit DAB+ von Albrecht Audio und Dual","author":"Administrator","date":"December 12, 2015","format":false,"excerpt":"http:\/\/www.teltarif.de\/albrecht-dab-dabplus-digitalradio-multimedia\/news\/62100.html","rel":"","context":"In &quot;audio&quot;","block_context":{"text":"audio","link":"https:\/\/www.achimbrueckner.de\/dxradio\/php\/wordpress\/?cat=47"},"img":{"alt_text":"","src":"","width":0,"height":0},"classes":[]},{"id":41071,"url":"https:\/\/www.achimbrueckner.de\/dxradio\/php\/wordpress\/?p=41071","url_meta":{"origin":41486,"position":2},"title":"Media Analyse Audio: Radionutzung stabil, DAB+ im Aufwind","author":"Administrator","date":"March 21, 2024","format":false,"excerpt":"https:\/\/www.teltarif.de\/media-analyse-radio-dabplus-hoerfunk-audio\/news\/94989.html","rel":"","context":"In &quot;Deutsch&quot;","block_context":{"text":"Deutsch","link":"https:\/\/www.achimbrueckner.de\/dxradio\/php\/wordpress\/?cat=1"},"img":{"alt_text":"","src":"","width":0,"height":0},"classes":[]},{"id":2827,"url":"https:\/\/www.achimbrueckner.de\/dxradio\/php\/wordpress\/?p=2827","url_meta":{"origin":41486,"position":3},"title":"Der Ausblick f\u00fcr Digitalradio im Jahr 2014","author":"Administrator","date":"January 2, 2014","format":false,"excerpt":"http:\/\/www.teltarif.de\/dab-dabplus-radio-multimedia\/news\/53894.html","rel":"","context":"In &quot;Deutsch&quot;","block_context":{"text":"Deutsch","link":"https:\/\/www.achimbrueckner.de\/dxradio\/php\/wordpress\/?cat=1"},"img":{"alt_text":"","src":"","width":0,"height":0},"classes":[]},{"id":41973,"url":"https:\/\/www.achimbrueckner.de\/dxradio\/php\/wordpress\/?p=41973","url_meta":{"origin":41486,"position":4},"title":"DAB+: Zwei neue Programme kommen, eines geht","author":"Administrator","date":"November 24, 2024","format":false,"excerpt":"https:\/\/www.teltarif.de\/dabplus-radio-digitalradio-bigfm\/news\/97164.html","rel":"","context":"In &quot;Deutsch&quot;","block_context":{"text":"Deutsch","link":"https:\/\/www.achimbrueckner.de\/dxradio\/php\/wordpress\/?cat=1"},"img":{"alt_text":"","src":"","width":0,"height":0},"classes":[]},{"id":42011,"url":"https:\/\/www.achimbrueckner.de\/dxradio\/php\/wordpress\/?p=42011","url_meta":{"origin":41486,"position":5},"title":"DAB+: Neuer Anlauf f\u00fcr regionale Bouquets in RLP","author":"Administrator","date":"December 2, 2024","format":false,"excerpt":"https:\/\/www.teltarif.de\/dabplus-radio-digitalradio\/news\/97232.html","rel":"","context":"In &quot;Deutsch&quot;","block_context":{"text":"Deutsch","link":"https:\/\/www.achimbrueckner.de\/dxradio\/php\/wordpress\/?cat=1"},"img":{"alt_text":"","src":"","width":0,"height":0},"classes":[]}],"_links":{"self":[{"href":"https:\/\/www.achimbrueckner.de\/dxradio\/php\/wordpress\/index.php?rest_route=\/wp\/v2\/posts\/41486","targetHints":{"allow":["GET"]}}],"collection":[{"href":"https:\/\/www.achimbrueckner.de\/dxradio\/php\/wordpress\/index.php?rest_route=\/wp\/v2\/posts"}],"about":[{"href":"https:\/\/www.achimbrueckner.de\/dxradio\/php\/wordpress\/index.php?rest_route=\/wp\/v2\/types\/post"}],"author":[{"embeddable":true,"href":"https:\/\/www.achimbrueckner.de\/dxradio\/php\/wordpress\/index.php?rest_route=\/wp\/v2\/users\/1"}],"replies":[{"embeddable":true,"href":"https:\/\/www.achimbrueckner.de\/dxradio\/php\/wordpress\/index.php?rest_route=%2Fwp%2Fv2%2Fcomments&post=41486"}],"version-history":[{"count":0,"href":"https:\/\/www.achimbrueckner.de\/dxradio\/php\/wordpress\/index.php?rest_route=\/wp\/v2\/posts\/41486\/revisions"}],"wp:attachment":[{"href":"https:\/\/www.achimbrueckner.de\/dxradio\/php\/wordpress\/index.php?rest_route=%2Fwp%2Fv2%2Fmedia&parent=41486"}],"wp:term":[{"taxonomy":"category","embeddable":true,"href":"https:\/\/www.achimbrueckner.de\/dxradio\/php\/wordpress\/index.php?rest_route=%2Fwp%2Fv2%2Fcategories&post=41486"},{"taxonomy":"post_tag","embeddable":true,"href":"https:\/\/www.achimbrueckner.de\/dxradio\/php\/wordpress\/index.php?rest_route=%2Fwp%2Fv2%2Ftags&post=41486"}],"curies":[{"name":"wp","href":"https:\/\/api.w.org\/{rel}","templated":true}]}}