{"id":41520,"date":"2024-07-27T21:37:44","date_gmt":"2024-07-27T21:37:44","guid":{"rendered":"https:\/\/www.achimbrueckner.de\/dxradio\/php\/wordpress\/?p=41520"},"modified":"2024-07-27T21:37:44","modified_gmt":"2024-07-27T21:37:44","slug":"spielebranche-synchronsprecher-streiken-fur-schutz-vor-ki","status":"publish","type":"post","link":"https:\/\/www.achimbrueckner.de\/dxradio\/php\/wordpress\/?p=41520","title":{"rendered":"Spielebranche: Synchronsprecher streiken f\u00fcr Schutz vor KI"},"content":{"rendered":"<p><a href=\"https:\/\/www.golem.de\/news\/spielebranche-synchronsprecher-streiken-fuer-schutz-vor-ki-2407-187456.html\" rel=\"noopener\" target=\"_blank\">https:\/\/www.golem.de\/news\/spielebranche-synchronsprecher-streiken-fuer-schutz-vor-ki-2407-187456.html<\/a><\/p>\n","protected":false},"excerpt":{"rendered":"<p>https:\/\/www.golem.de\/news\/spielebranche-synchronsprecher-streiken-fuer-schutz-vor-ki-2407-187456.html<\/p>\n","protected":false},"author":1,"featured_media":0,"comment_status":"closed","ping_status":"open","sticky":false,"template":"","format":"standard","meta":{"_jetpack_memberships_contains_paid_content":false,"footnotes":"","jetpack_publicize_message":"","jetpack_publicize_feature_enabled":true,"jetpack_social_post_already_shared":true,"jetpack_social_options":{"image_generator_settings":{"template":"highway","default_image_id":0,"font":"","enabled":false},"version":2}},"categories":[1],"tags":[],"class_list":["post-41520","post","type-post","status-publish","format-standard","hentry","category-deutsch"],"jetpack_publicize_connections":[],"jetpack_featured_media_url":"","jetpack_sharing_enabled":true,"jetpack_shortlink":"https:\/\/wp.me\/p5CDmr-aNG","jetpack-related-posts":[{"id":14850,"url":"https:\/\/www.achimbrueckner.de\/dxradio\/php\/wordpress\/?p=14850","url_meta":{"origin":41520,"position":0},"title":"Journalisten streiken: Keine Nachrichten in Griechenland","author":"Administrator","date":"October 3, 2017","format":false,"excerpt":"http:\/\/derstandard.at\/2000065218838\/Journalisten-streiken-Keine-Nachrichten-in-Griechenland","rel":"","context":"In &quot;Deutsch&quot;","block_context":{"text":"Deutsch","link":"https:\/\/www.achimbrueckner.de\/dxradio\/php\/wordpress\/?cat=1"},"img":{"alt_text":"","src":"","width":0,"height":0},"classes":[]},{"id":36647,"url":"https:\/\/www.achimbrueckner.de\/dxradio\/php\/wordpress\/?p=36647","url_meta":{"origin":41520,"position":1},"title":"Tiktok verspricht mehr Schutz vor versteckter Werbung","author":"Administrator","date":"June 21, 2022","format":false,"excerpt":"https:\/\/www.teltarif.de\/tiktok-versteckte-werbung-beuc-eu-kommission\/news\/88499.html","rel":"","context":"In &quot;Deutsch&quot;","block_context":{"text":"Deutsch","link":"https:\/\/www.achimbrueckner.de\/dxradio\/php\/wordpress\/?cat=1"},"img":{"alt_text":"","src":"","width":0,"height":0},"classes":[]},{"id":2311,"url":"https:\/\/www.achimbrueckner.de\/dxradio\/php\/wordpress\/?p=2311","url_meta":{"origin":41520,"position":2},"title":"&#8220;Open Petition&#8221; contra PLC","author":"Administrator","date":"October 14, 2012","format":false,"excerpt":"Tobias, DF8TH hat aus aktuellem Anlass des Normierungsentwurfes EN50561-1 (schlafm\u00fctziges agieren des DARC, keine gemeinsame Position der Europ\u00e4ischen Dachverb\u00e4nde, unscharfe Formulierungen im Standardisierungsentwurf) eine \"Open Petition\" contra PLC im Netz er\u00f6ffnet: https:\/\/www.openpetition.de\/petition\/online\/schutz-der-ressource-frequenz-vor-elektromagnetischen-stoerungen-durch-plc Es sollen m\u00f6glichst viele Leute damit ansgeprochen werden, da wir im Endeffekt alle betroffen sind. Eine st\u00e4rkere Beeintr\u00e4chtigung\u2026","rel":"","context":"In &quot;Deutsch&quot;","block_context":{"text":"Deutsch","link":"https:\/\/www.achimbrueckner.de\/dxradio\/php\/wordpress\/?cat=1"},"img":{"alt_text":"","src":"","width":0,"height":0},"classes":[]},{"id":44959,"url":"https:\/\/www.achimbrueckner.de\/dxradio\/php\/wordpress\/?p=44959","url_meta":{"origin":41520,"position":3},"title":"Julia Schutz wird Medienkompetenz-Managerin beim WDR","author":"Administrator","date":"February 3, 2026","format":false,"excerpt":"https:\/\/www.radioszene.de\/211130\/julia-schutz-wdr.html","rel":"","context":"In &quot;Deutsch&quot;","block_context":{"text":"Deutsch","link":"https:\/\/www.achimbrueckner.de\/dxradio\/php\/wordpress\/?cat=1"},"img":{"alt_text":"","src":"","width":0,"height":0},"classes":[]},{"id":28978,"url":"https:\/\/www.achimbrueckner.de\/dxradio\/php\/wordpress\/?p=28978","url_meta":{"origin":41520,"position":4},"title":"Angriff auf ZDF-Team Berlins Justizsenator fordert Schutz der Pressefreiheit","author":"Administrator","date":"June 5, 2020","format":false,"excerpt":"https:\/\/netzpolitik.org\/2020\/angriff-auf-zdf-team-berlins-justizsenator-fordert-schutz-der-pressefreiheit\/","rel":"","context":"In &quot;Deutsch&quot;","block_context":{"text":"Deutsch","link":"https:\/\/www.achimbrueckner.de\/dxradio\/php\/wordpress\/?cat=1"},"img":{"alt_text":"","src":"","width":0,"height":0},"classes":[]},{"id":32977,"url":"https:\/\/www.achimbrueckner.de\/dxradio\/php\/wordpress\/?p=32977","url_meta":{"origin":41520,"position":5},"title":"Julia Schutz \u00fcbernimmt Programmgesch\u00e4ftsf\u00fchrung von ANTENNE NRW \u2013 Sendestart f\u00fcr Herbst geplant","author":"Administrator","date":"July 1, 2021","format":false,"excerpt":"https:\/\/www.radiowoche.de\/julia-schutz-uebernimmt-programmgeschaeftsfuehrung-von-antenne-nrw-sendestart-fuer-herbst-geplant\/","rel":"","context":"In &quot;Deutsch&quot;","block_context":{"text":"Deutsch","link":"https:\/\/www.achimbrueckner.de\/dxradio\/php\/wordpress\/?cat=1"},"img":{"alt_text":"","src":"","width":0,"height":0},"classes":[]}],"_links":{"self":[{"href":"https:\/\/www.achimbrueckner.de\/dxradio\/php\/wordpress\/index.php?rest_route=\/wp\/v2\/posts\/41520","targetHints":{"allow":["GET"]}}],"collection":[{"href":"https:\/\/www.achimbrueckner.de\/dxradio\/php\/wordpress\/index.php?rest_route=\/wp\/v2\/posts"}],"about":[{"href":"https:\/\/www.achimbrueckner.de\/dxradio\/php\/wordpress\/index.php?rest_route=\/wp\/v2\/types\/post"}],"author":[{"embeddable":true,"href":"https:\/\/www.achimbrueckner.de\/dxradio\/php\/wordpress\/index.php?rest_route=\/wp\/v2\/users\/1"}],"replies":[{"embeddable":true,"href":"https:\/\/www.achimbrueckner.de\/dxradio\/php\/wordpress\/index.php?rest_route=%2Fwp%2Fv2%2Fcomments&post=41520"}],"version-history":[{"count":0,"href":"https:\/\/www.achimbrueckner.de\/dxradio\/php\/wordpress\/index.php?rest_route=\/wp\/v2\/posts\/41520\/revisions"}],"wp:attachment":[{"href":"https:\/\/www.achimbrueckner.de\/dxradio\/php\/wordpress\/index.php?rest_route=%2Fwp%2Fv2%2Fmedia&parent=41520"}],"wp:term":[{"taxonomy":"category","embeddable":true,"href":"https:\/\/www.achimbrueckner.de\/dxradio\/php\/wordpress\/index.php?rest_route=%2Fwp%2Fv2%2Fcategories&post=41520"},{"taxonomy":"post_tag","embeddable":true,"href":"https:\/\/www.achimbrueckner.de\/dxradio\/php\/wordpress\/index.php?rest_route=%2Fwp%2Fv2%2Ftags&post=41520"}],"curies":[{"name":"wp","href":"https:\/\/api.w.org\/{rel}","templated":true}]}}