{"id":4155,"date":"2015-03-01T08:24:26","date_gmt":"2015-03-01T08:24:26","guid":{"rendered":"https:\/\/www.achimbrueckner.de\/dxradio\/php\/wordpress\/?p=4155"},"modified":"2015-03-01T08:24:26","modified_gmt":"2015-03-01T08:24:26","slug":"die-ultimative-geheim-antenne-fur-kurzwelle","status":"publish","type":"post","link":"https:\/\/www.achimbrueckner.de\/dxradio\/php\/wordpress\/?p=4155","title":{"rendered":"Die ultimative Geheim-Antenne f\u00fcr Kurzwelle"},"content":{"rendered":"<p><a href=\"http:\/\/funkperlen.blogspot.co.at\/2015\/02\/die-ultimative-geheim-antenne-fur.html\" target=\"_blank\">http:\/\/funkperlen.blogspot.co.at\/2015\/02\/die-ultimative-geheim-antenne-fur.html<\/a><\/p>\n","protected":false},"excerpt":{"rendered":"<p>http:\/\/funkperlen.blogspot.co.at\/2015\/02\/die-ultimative-geheim-antenne-fur.html<\/p>\n","protected":false},"author":1,"featured_media":0,"comment_status":"open","ping_status":"open","sticky":false,"template":"","format":"standard","meta":{"_jetpack_memberships_contains_paid_content":false,"footnotes":"","jetpack_publicize_message":"","jetpack_publicize_feature_enabled":true,"jetpack_social_post_already_shared":true,"jetpack_social_options":{"image_generator_settings":{"template":"highway","default_image_id":0,"font":"","enabled":false},"version":2}},"categories":[1],"tags":[],"class_list":["post-4155","post","type-post","status-publish","format-standard","hentry","category-deutsch"],"jetpack_publicize_connections":[],"jetpack_featured_media_url":"","jetpack_sharing_enabled":true,"jetpack_shortlink":"https:\/\/wp.me\/p5CDmr-151","jetpack-related-posts":[{"id":4805,"url":"https:\/\/www.achimbrueckner.de\/dxradio\/php\/wordpress\/?p=4805","url_meta":{"origin":4155,"position":0},"title":"Powerline &#8211; die ultimative Betriebsart","author":"Administrator","date":"June 3, 2015","format":false,"excerpt":"http:\/\/funkperlen.blogspot.ch\/2015\/05\/powerline-die-ultimative-betriebsart.html","rel":"","context":"In &quot;Deutsch&quot;","block_context":{"text":"Deutsch","link":"https:\/\/www.achimbrueckner.de\/dxradio\/php\/wordpress\/?cat=1"},"img":{"alt_text":"","src":"","width":0,"height":0},"classes":[]},{"id":45048,"url":"https:\/\/www.achimbrueckner.de\/dxradio\/php\/wordpress\/?p=45048","url_meta":{"origin":4155,"position":1},"title":"Weiterhin DAB+ Pl\u00e4ne f\u00fcr die Chillout Antenne","author":"Administrator","date":"February 16, 2026","format":false,"excerpt":"https:\/\/www.radioblog.eu\/2026\/02\/15\/weiterhin-dab-plaene-fuer-die-chillout-antenne\/","rel":"","context":"In &quot;Deutsch&quot;","block_context":{"text":"Deutsch","link":"https:\/\/www.achimbrueckner.de\/dxradio\/php\/wordpress\/?cat=1"},"img":{"alt_text":"","src":"","width":0,"height":0},"classes":[]},{"id":27805,"url":"https:\/\/www.achimbrueckner.de\/dxradio\/php\/wordpress\/?p=27805","url_meta":{"origin":4155,"position":2},"title":"ANTENNE BAYERN startet Spieleshow f\u00fcr die ganze Familie mit Stefan Meixner","author":"Administrator","date":"March 28, 2020","format":false,"excerpt":"http:\/\/www.radiowoche.de\/antenne-bayern-startet-spieleshow-fuer-die-ganze-familie-mit-stefan-meixner\/","rel":"","context":"In &quot;Deutsch&quot;","block_context":{"text":"Deutsch","link":"https:\/\/www.achimbrueckner.de\/dxradio\/php\/wordpress\/?cat=1"},"img":{"alt_text":"","src":"","width":0,"height":0},"classes":[]},{"id":999,"url":"https:\/\/www.achimbrueckner.de\/dxradio\/php\/wordpress\/?p=999","url_meta":{"origin":4155,"position":3},"title":"20 Jahre Antenne Brandenburg","author":"Administrator","date":"April 23, 2010","format":false,"excerpt":"01. Mai 2010 RBB Fernsehen \/ 18.32 Uhr 20 Jahre Antenne Brandenburg Das Geheimnis eines gro\u00dfen Erfolges Antenne Brandenburg wird 20! Das allein w\u00e4re ein guter Grund, auch mit der Fernsehkamera mal ein Blick hinter die Kulissen und in die Archive zu werfen. Noch spannender allerdings ist die Frage, wie\u2026","rel":"","context":"In &quot;Deutsch&quot;","block_context":{"text":"Deutsch","link":"https:\/\/www.achimbrueckner.de\/dxradio\/php\/wordpress\/?cat=1"},"img":{"alt_text":"","src":"","width":0,"height":0},"classes":[]},{"id":33592,"url":"https:\/\/www.achimbrueckner.de\/dxradio\/php\/wordpress\/?p=33592","url_meta":{"origin":4155,"position":4},"title":"DAB+: \u201cSoft-Link\u201d f\u00fcr die Rock Antenne hat \u201cNebenwirkungen\u201d","author":"Administrator","date":"September 16, 2021","format":false,"excerpt":"https:\/\/www.smartphonefan.de\/2021\/09\/16\/dab-soft-link-fuer-die-rock-antenne-hat-nebenwirkungen\/","rel":"","context":"In &quot;Deutsch&quot;","block_context":{"text":"Deutsch","link":"https:\/\/www.achimbrueckner.de\/dxradio\/php\/wordpress\/?cat=1"},"img":{"alt_text":"","src":"","width":0,"height":0},"classes":[]},{"id":245,"url":"https:\/\/www.achimbrueckner.de\/dxradio\/php\/wordpress\/?p=245","url_meta":{"origin":4155,"position":5},"title":"Hamburger Lokalradio","author":"Administrator","date":"December 18, 2006","format":false,"excerpt":"Das nichtkommerzielle Hamburger Lokalradio sendet am 24.12.-26.12. sowie 30.12.06-1.1.07 und danach jeden Sonntag von 10-11.00 UTC auf der Kurzwelle 6045 KHz. Ausgestrahlt werden unsere Sonderprogramme \u00fcber einen 100 kW Sender der T-Systems aus J\u00fclich. F\u00fcr die europaweiten Sendungen wird eine Quadrant-Antenne benutzt. Empfangsberichte sind erw\u00fcnscht. Bitte R\u00fcckporto beif\u00fcgen. Hamburger Lokalradio\u2026","rel":"","context":"In &quot;Deutsch&quot;","block_context":{"text":"Deutsch","link":"https:\/\/www.achimbrueckner.de\/dxradio\/php\/wordpress\/?cat=1"},"img":{"alt_text":"","src":"","width":0,"height":0},"classes":[]}],"_links":{"self":[{"href":"https:\/\/www.achimbrueckner.de\/dxradio\/php\/wordpress\/index.php?rest_route=\/wp\/v2\/posts\/4155","targetHints":{"allow":["GET"]}}],"collection":[{"href":"https:\/\/www.achimbrueckner.de\/dxradio\/php\/wordpress\/index.php?rest_route=\/wp\/v2\/posts"}],"about":[{"href":"https:\/\/www.achimbrueckner.de\/dxradio\/php\/wordpress\/index.php?rest_route=\/wp\/v2\/types\/post"}],"author":[{"embeddable":true,"href":"https:\/\/www.achimbrueckner.de\/dxradio\/php\/wordpress\/index.php?rest_route=\/wp\/v2\/users\/1"}],"replies":[{"embeddable":true,"href":"https:\/\/www.achimbrueckner.de\/dxradio\/php\/wordpress\/index.php?rest_route=%2Fwp%2Fv2%2Fcomments&post=4155"}],"version-history":[{"count":0,"href":"https:\/\/www.achimbrueckner.de\/dxradio\/php\/wordpress\/index.php?rest_route=\/wp\/v2\/posts\/4155\/revisions"}],"wp:attachment":[{"href":"https:\/\/www.achimbrueckner.de\/dxradio\/php\/wordpress\/index.php?rest_route=%2Fwp%2Fv2%2Fmedia&parent=4155"}],"wp:term":[{"taxonomy":"category","embeddable":true,"href":"https:\/\/www.achimbrueckner.de\/dxradio\/php\/wordpress\/index.php?rest_route=%2Fwp%2Fv2%2Fcategories&post=4155"},{"taxonomy":"post_tag","embeddable":true,"href":"https:\/\/www.achimbrueckner.de\/dxradio\/php\/wordpress\/index.php?rest_route=%2Fwp%2Fv2%2Ftags&post=4155"}],"curies":[{"name":"wp","href":"https:\/\/api.w.org\/{rel}","templated":true}]}}