{"id":41603,"date":"2024-08-18T13:05:57","date_gmt":"2024-08-18T13:05:57","guid":{"rendered":"https:\/\/www.achimbrueckner.de\/dxradio\/php\/wordpress\/?p=41603"},"modified":"2024-08-18T13:05:57","modified_gmt":"2024-08-18T13:05:57","slug":"arctic-radio-will-die-langwelle-wiederbeleben","status":"publish","type":"post","link":"https:\/\/www.achimbrueckner.de\/dxradio\/php\/wordpress\/?p=41603","title":{"rendered":"Arctic Radio will die Langwelle wiederbeleben"},"content":{"rendered":"<p><a href=\"https:\/\/www.radioblog.eu\/2024\/08\/18\/arctic-radio-will-die-langwelle-wiederbeleben\/\" rel=\"noopener\" target=\"_blank\">https:\/\/www.radioblog.eu\/2024\/08\/18\/arctic-radio-will-die-langwelle-wiederbeleben\/<\/a><\/p>\n","protected":false},"excerpt":{"rendered":"<p>https:\/\/www.radioblog.eu\/2024\/08\/18\/arctic-radio-will-die-langwelle-wiederbeleben\/<\/p>\n","protected":false},"author":1,"featured_media":0,"comment_status":"closed","ping_status":"open","sticky":false,"template":"","format":"standard","meta":{"_jetpack_memberships_contains_paid_content":false,"footnotes":"","jetpack_publicize_message":"","jetpack_publicize_feature_enabled":true,"jetpack_social_post_already_shared":true,"jetpack_social_options":{"image_generator_settings":{"template":"highway","default_image_id":0,"font":"","enabled":false},"version":2}},"categories":[1],"tags":[],"class_list":["post-41603","post","type-post","status-publish","format-standard","hentry","category-deutsch"],"jetpack_publicize_connections":[],"jetpack_featured_media_url":"","jetpack_sharing_enabled":true,"jetpack_shortlink":"https:\/\/wp.me\/p5CDmr-aP1","jetpack-related-posts":[{"id":41594,"url":"https:\/\/www.achimbrueckner.de\/dxradio\/php\/wordpress\/?p=41594","url_meta":{"origin":41603,"position":0},"title":"Finnland: Arctic Radio will Langwelle reaktivieren","author":"Administrator","date":"August 16, 2024","format":false,"excerpt":"https:\/\/www.satellifax.de\/pda\/mlesen.php?id=7d12670eaab44cfb97f7409f2eee2181","rel":"","context":"In &quot;Deutsch&quot;","block_context":{"text":"Deutsch","link":"https:\/\/www.achimbrueckner.de\/dxradio\/php\/wordpress\/?cat=1"},"img":{"alt_text":"","src":"","width":0,"height":0},"classes":[]},{"id":37951,"url":"https:\/\/www.achimbrueckner.de\/dxradio\/php\/wordpress\/?p=37951","url_meta":{"origin":41603,"position":1},"title":"Radio C Luxemburg will Radio Rosengarten wiederbeleben","author":"Administrator","date":"November 17, 2022","format":false,"excerpt":"https:\/\/www.radioblog.eu\/2022\/11\/16\/radio-c-luxemburg-will-radio-rosengarten-wiederbeleben\/","rel":"","context":"In &quot;Deutsch&quot;","block_context":{"text":"Deutsch","link":"https:\/\/www.achimbrueckner.de\/dxradio\/php\/wordpress\/?cat=1"},"img":{"alt_text":"","src":"","width":0,"height":0},"classes":[]},{"id":39679,"url":"https:\/\/www.achimbrueckner.de\/dxradio\/php\/wordpress\/?p=39679","url_meta":{"origin":41603,"position":2},"title":"Danmarks Radio schaltet Langwelle zum Jahresende ab","author":"Administrator","date":"June 18, 2023","format":false,"excerpt":"https:\/\/www.radioblog.eu\/2023\/06\/18\/danmarks-radio-schaltet-langwelle-zum-jahresende-ab\/","rel":"","context":"In &quot;Deutsch&quot;","block_context":{"text":"Deutsch","link":"https:\/\/www.achimbrueckner.de\/dxradio\/php\/wordpress\/?cat=1"},"img":{"alt_text":"","src":"","width":0,"height":0},"classes":[]},{"id":43505,"url":"https:\/\/www.achimbrueckner.de\/dxradio\/php\/wordpress\/?p=43505","url_meta":{"origin":41603,"position":3},"title":"Gro\u00dfbritannien: Verl\u00e4ngerung f\u00fcr die BBC-Langwelle","author":"Administrator","date":"August 5, 2025","format":false,"excerpt":"https:\/\/www.radioblog.eu\/2025\/08\/04\/grossbritannien-verlaengerung-fuer-die-bbc-langwelle\/","rel":"","context":"In &quot;Deutsch&quot;","block_context":{"text":"Deutsch","link":"https:\/\/www.achimbrueckner.de\/dxradio\/php\/wordpress\/?cat=1"},"img":{"alt_text":"","src":"","width":0,"height":0},"classes":[]},{"id":45466,"url":"https:\/\/www.achimbrueckner.de\/dxradio\/php\/wordpress\/?p=45466","url_meta":{"origin":41603,"position":4},"title":"Gro\u00dfbritannien: BBC k\u00fcndigt Abschaltung von Radio 4 auf Langwelle an","author":"Administrator","date":"April 17, 2026","format":false,"excerpt":"https:\/\/www.radioblog.eu\/2026\/04\/17\/grossbritannien-bbc-kuendigt-abschaltung-von-radio-4-auf-langwelle-an\/","rel":"","context":"In &quot;Deutsch&quot;","block_context":{"text":"Deutsch","link":"https:\/\/www.achimbrueckner.de\/dxradio\/php\/wordpress\/?cat=1"},"img":{"alt_text":"","src":"","width":0,"height":0},"classes":[]},{"id":41032,"url":"https:\/\/www.achimbrueckner.de\/dxradio\/php\/wordpress\/?p=41032","url_meta":{"origin":41603,"position":5},"title":"BBC-Langwelle ab Ende M\u00e4rz ohne Radioprogramm","author":"Administrator","date":"March 8, 2024","format":false,"excerpt":"https:\/\/www.radioblog.eu\/2024\/03\/08\/bbc-langwelle-ab-ende-maerz-ohne-radioprogramm\/","rel":"","context":"In &quot;Deutsch&quot;","block_context":{"text":"Deutsch","link":"https:\/\/www.achimbrueckner.de\/dxradio\/php\/wordpress\/?cat=1"},"img":{"alt_text":"","src":"","width":0,"height":0},"classes":[]}],"_links":{"self":[{"href":"https:\/\/www.achimbrueckner.de\/dxradio\/php\/wordpress\/index.php?rest_route=\/wp\/v2\/posts\/41603","targetHints":{"allow":["GET"]}}],"collection":[{"href":"https:\/\/www.achimbrueckner.de\/dxradio\/php\/wordpress\/index.php?rest_route=\/wp\/v2\/posts"}],"about":[{"href":"https:\/\/www.achimbrueckner.de\/dxradio\/php\/wordpress\/index.php?rest_route=\/wp\/v2\/types\/post"}],"author":[{"embeddable":true,"href":"https:\/\/www.achimbrueckner.de\/dxradio\/php\/wordpress\/index.php?rest_route=\/wp\/v2\/users\/1"}],"replies":[{"embeddable":true,"href":"https:\/\/www.achimbrueckner.de\/dxradio\/php\/wordpress\/index.php?rest_route=%2Fwp%2Fv2%2Fcomments&post=41603"}],"version-history":[{"count":0,"href":"https:\/\/www.achimbrueckner.de\/dxradio\/php\/wordpress\/index.php?rest_route=\/wp\/v2\/posts\/41603\/revisions"}],"wp:attachment":[{"href":"https:\/\/www.achimbrueckner.de\/dxradio\/php\/wordpress\/index.php?rest_route=%2Fwp%2Fv2%2Fmedia&parent=41603"}],"wp:term":[{"taxonomy":"category","embeddable":true,"href":"https:\/\/www.achimbrueckner.de\/dxradio\/php\/wordpress\/index.php?rest_route=%2Fwp%2Fv2%2Fcategories&post=41603"},{"taxonomy":"post_tag","embeddable":true,"href":"https:\/\/www.achimbrueckner.de\/dxradio\/php\/wordpress\/index.php?rest_route=%2Fwp%2Fv2%2Ftags&post=41603"}],"curies":[{"name":"wp","href":"https:\/\/api.w.org\/{rel}","templated":true}]}}