{"id":4162,"date":"2015-03-04T14:47:56","date_gmt":"2015-03-04T14:47:56","guid":{"rendered":"https:\/\/www.achimbrueckner.de\/dxradio\/php\/wordpress\/?p=4162"},"modified":"2015-03-04T14:47:56","modified_gmt":"2015-03-04T14:47:56","slug":"ma-2015-radio-i-die-20-meistgehorten-sender-in-deutschland","status":"publish","type":"post","link":"https:\/\/www.achimbrueckner.de\/dxradio\/php\/wordpress\/?p=4162","title":{"rendered":"MA 2015 Radio I \u2013 Die 20 meistgeh\u00f6rten Sender in Deutschland"},"content":{"rendered":"<p><a href=\"http:\/\/www.radiowoche.de\/ma-2015-radio-i-die-20-meistgehoerten-sender-in-deutschland\/\" target=\"_blank\">http:\/\/www.radiowoche.de\/ma-2015-radio-i-die-20-meistgehoerten-sender-in-deutschland\/<\/a><\/p>\n","protected":false},"excerpt":{"rendered":"<p>http:\/\/www.radiowoche.de\/ma-2015-radio-i-die-20-meistgehoerten-sender-in-deutschland\/<\/p>\n","protected":false},"author":1,"featured_media":0,"comment_status":"open","ping_status":"open","sticky":false,"template":"","format":"standard","meta":{"_jetpack_memberships_contains_paid_content":false,"footnotes":"","jetpack_publicize_message":"","jetpack_publicize_feature_enabled":true,"jetpack_social_post_already_shared":true,"jetpack_social_options":{"image_generator_settings":{"template":"highway","default_image_id":0,"font":"","enabled":false},"version":2}},"categories":[1],"tags":[],"class_list":["post-4162","post","type-post","status-publish","format-standard","hentry","category-deutsch"],"jetpack_publicize_connections":[],"jetpack_featured_media_url":"","jetpack_sharing_enabled":true,"jetpack_shortlink":"https:\/\/wp.me\/p5CDmr-158","jetpack-related-posts":[{"id":8879,"url":"https:\/\/www.achimbrueckner.de\/dxradio\/php\/wordpress\/?p=8879","url_meta":{"origin":4162,"position":0},"title":"Radio MA II: die Top 50 der Deutschen Radio-Sender","author":"Administrator","date":"July 19, 2016","format":false,"excerpt":"http:\/\/meedia.de\/2016\/07\/19\/radio-ma-ii-die-top-50-der-deutschen-radio-sender\/","rel":"","context":"In &quot;Deutsch&quot;","block_context":{"text":"Deutsch","link":"https:\/\/www.achimbrueckner.de\/dxradio\/php\/wordpress\/?cat=1"},"img":{"alt_text":"","src":"","width":0,"height":0},"classes":[]},{"id":5291,"url":"https:\/\/www.achimbrueckner.de\/dxradio\/php\/wordpress\/?p=5291","url_meta":{"origin":4162,"position":1},"title":"Radio-MA: die f\u00fcnf Top-Sender aus allen 16 Bundesl\u00e4ndern","author":"Administrator","date":"July 22, 2015","format":false,"excerpt":"http:\/\/meedia.de\/2015\/07\/22\/radio-ma-die-fuenf-top-sender-aus-allen-16-bundeslaendern\/","rel":"","context":"In &quot;Deutsch&quot;","block_context":{"text":"Deutsch","link":"https:\/\/www.achimbrueckner.de\/dxradio\/php\/wordpress\/?cat=1"},"img":{"alt_text":"","src":"","width":0,"height":0},"classes":[]},{"id":17122,"url":"https:\/\/www.achimbrueckner.de\/dxradio\/php\/wordpress\/?p=17122","url_meta":{"origin":4162,"position":2},"title":"Audio-MA: die Top-Sender aus allen 16 Bundesl\u00e4ndern. Und: So schneidet Spotify im Vergleich zum Radio ab","author":"Administrator","date":"March 28, 2018","format":false,"excerpt":"http:\/\/meedia.de\/2018\/03\/28\/audio-ma-die-top-sender-aus-allen-16-bundeslaendern-und-so-schneidet-spotify-im-vergleich-zum-radio-ab\/amp\/","rel":"","context":"In &quot;audio&quot;","block_context":{"text":"audio","link":"https:\/\/www.achimbrueckner.de\/dxradio\/php\/wordpress\/?cat=47"},"img":{"alt_text":"","src":"","width":0,"height":0},"classes":[]},{"id":33672,"url":"https:\/\/www.achimbrueckner.de\/dxradio\/php\/wordpress\/?p=33672","url_meta":{"origin":4162,"position":3},"title":"Katja Berg: Grenzenlose Unterhaltung: Radio Luxemburg","author":"Administrator","date":"September 29, 2021","format":false,"excerpt":"Buch-Tipp: Auf und Ab der Radiolegende Radio Luxemburg war der gro\u00dfe kommerzielle \u00fcberregionale Sender der 50er- bis 80er-Jahre. In Deutschland wurde er im Saarland und in Nordrhein-Westfalen wegen der N\u00e4he zum Nachbarland und dem damit einhergehenden guten Empfang besonders viel geh\u00f6rt und wird dort heute noch oft nostalgisch verkl\u00e4rt. Das\u2026","rel":"","context":"In &quot;Deutsch&quot;","block_context":{"text":"Deutsch","link":"https:\/\/www.achimbrueckner.de\/dxradio\/php\/wordpress\/?cat=1"},"img":{"alt_text":"","src":"","width":0,"height":0},"classes":[]},{"id":1642,"url":"https:\/\/www.achimbrueckner.de\/dxradio\/php\/wordpress\/?p=1642","url_meta":{"origin":4162,"position":4},"title":"Philips unterst\u00fctzt die Einf\u00fchrung von Digitalradio in Deutschland und gibt Partnerschaft mit Sender 90elf bekannt","author":"Administrator","date":"July 6, 2011","format":false,"excerpt":"Philips unterst\u00fctzt die Einf\u00fchrung von Digitalradio in Deutschland und gibt Partnerschaft mit Sender 90elf bekannt http:\/\/www.radiowoche.de\/meldungen\/1\/10683\/philips-unterstuetzt-die-einfuehrung-von-digitalradio-in-deutschland-und-gibt-partnerschaft-mit-sender-90elf-bekannt\/","rel":"","context":"In &quot;Deutsch&quot;","block_context":{"text":"Deutsch","link":"https:\/\/www.achimbrueckner.de\/dxradio\/php\/wordpress\/?cat=1"},"img":{"alt_text":"","src":"","width":0,"height":0},"classes":[]},{"id":27902,"url":"https:\/\/www.achimbrueckner.de\/dxradio\/php\/wordpress\/?p=27902","url_meta":{"origin":4162,"position":5},"title":"Radio-MA-Blitz-Analyse: Rund 60% der Sender verlieren H\u00f6rer, Antenne Bayern und radio NRW sogar mehr als 100.000","author":"Administrator","date":"April 1, 2020","format":false,"excerpt":"https:\/\/meedia.de\/2020\/04\/01\/radio-ma-blitz-analyse-rund-60-der-sender-verlieren-hoerer-antenne-bayern-und-radio-nrw-sogar-mehr-als-100-000\/","rel":"","context":"In &quot;Deutsch&quot;","block_context":{"text":"Deutsch","link":"https:\/\/www.achimbrueckner.de\/dxradio\/php\/wordpress\/?cat=1"},"img":{"alt_text":"","src":"","width":0,"height":0},"classes":[]}],"_links":{"self":[{"href":"https:\/\/www.achimbrueckner.de\/dxradio\/php\/wordpress\/index.php?rest_route=\/wp\/v2\/posts\/4162","targetHints":{"allow":["GET"]}}],"collection":[{"href":"https:\/\/www.achimbrueckner.de\/dxradio\/php\/wordpress\/index.php?rest_route=\/wp\/v2\/posts"}],"about":[{"href":"https:\/\/www.achimbrueckner.de\/dxradio\/php\/wordpress\/index.php?rest_route=\/wp\/v2\/types\/post"}],"author":[{"embeddable":true,"href":"https:\/\/www.achimbrueckner.de\/dxradio\/php\/wordpress\/index.php?rest_route=\/wp\/v2\/users\/1"}],"replies":[{"embeddable":true,"href":"https:\/\/www.achimbrueckner.de\/dxradio\/php\/wordpress\/index.php?rest_route=%2Fwp%2Fv2%2Fcomments&post=4162"}],"version-history":[{"count":0,"href":"https:\/\/www.achimbrueckner.de\/dxradio\/php\/wordpress\/index.php?rest_route=\/wp\/v2\/posts\/4162\/revisions"}],"wp:attachment":[{"href":"https:\/\/www.achimbrueckner.de\/dxradio\/php\/wordpress\/index.php?rest_route=%2Fwp%2Fv2%2Fmedia&parent=4162"}],"wp:term":[{"taxonomy":"category","embeddable":true,"href":"https:\/\/www.achimbrueckner.de\/dxradio\/php\/wordpress\/index.php?rest_route=%2Fwp%2Fv2%2Fcategories&post=4162"},{"taxonomy":"post_tag","embeddable":true,"href":"https:\/\/www.achimbrueckner.de\/dxradio\/php\/wordpress\/index.php?rest_route=%2Fwp%2Fv2%2Ftags&post=4162"}],"curies":[{"name":"wp","href":"https:\/\/api.w.org\/{rel}","templated":true}]}}