{"id":41624,"date":"2024-08-23T13:07:09","date_gmt":"2024-08-23T13:07:09","guid":{"rendered":"https:\/\/www.achimbrueckner.de\/dxradio\/php\/wordpress\/?p=41624"},"modified":"2024-08-23T13:07:09","modified_gmt":"2024-08-23T13:07:09","slug":"nrw-medienanstalt-entscheidet-uber-neue-radiolizenzen","status":"publish","type":"post","link":"https:\/\/www.achimbrueckner.de\/dxradio\/php\/wordpress\/?p=41624","title":{"rendered":"NRW: Medienanstalt entscheidet \u00fcber neue Radiolizenzen"},"content":{"rendered":"<p><a href=\"https:\/\/www.satellifax.de\/mlesen.php?id=7d4730c2675db7e26d7372c93a109a85\" rel=\"noopener\" target=\"_blank\">https:\/\/www.satellifax.de\/mlesen.php?id=7d4730c2675db7e26d7372c93a109a85<\/a><\/p>\n","protected":false},"excerpt":{"rendered":"<p>https:\/\/www.satellifax.de\/mlesen.php?id=7d4730c2675db7e26d7372c93a109a85<\/p>\n","protected":false},"author":1,"featured_media":0,"comment_status":"closed","ping_status":"open","sticky":false,"template":"","format":"standard","meta":{"_jetpack_memberships_contains_paid_content":false,"footnotes":"","jetpack_publicize_message":"","jetpack_publicize_feature_enabled":true,"jetpack_social_post_already_shared":true,"jetpack_social_options":{"image_generator_settings":{"template":"highway","default_image_id":0,"font":"","enabled":false},"version":2}},"categories":[1],"tags":[],"class_list":["post-41624","post","type-post","status-publish","format-standard","hentry","category-deutsch"],"jetpack_publicize_connections":[],"jetpack_featured_media_url":"","jetpack_sharing_enabled":true,"jetpack_shortlink":"https:\/\/wp.me\/p5CDmr-aPm","jetpack-related-posts":[{"id":36771,"url":"https:\/\/www.achimbrueckner.de\/dxradio\/php\/wordpress\/?p=36771","url_meta":{"origin":41624,"position":0},"title":"DAB+: Medienanstalt Rheinland-Pfalz ber\u00e4t \u00fcber Zulassung f\u00fcr ukrainischen Radiosender","author":"Administrator","date":"June 30, 2022","format":false,"excerpt":"https:\/\/www.satellifax.de\/mlesen.php?id=643e145492b653d036937b6f60cfef45","rel":"","context":"In &quot;Deutsch&quot;","block_context":{"text":"Deutsch","link":"https:\/\/www.achimbrueckner.de\/dxradio\/php\/wordpress\/?cat=1"},"img":{"alt_text":"","src":"","width":0,"height":0},"classes":[]},{"id":40899,"url":"https:\/\/www.achimbrueckner.de\/dxradio\/php\/wordpress\/?p=40899","url_meta":{"origin":41624,"position":1},"title":"DAB+, UKW oder Internet: Medienanstalt Hessen ber\u00e4t \u00fcber k\u00fcnftige Verbreitung der NKLs","author":"Administrator","date":"February 6, 2024","format":false,"excerpt":"https:\/\/www.satellifax.de\/mlesen.php?id=55c80ea33ec06d3d1914662a2a72fe75","rel":"","context":"In &quot;Deutsch&quot;","block_context":{"text":"Deutsch","link":"https:\/\/www.achimbrueckner.de\/dxradio\/php\/wordpress\/?cat=1"},"img":{"alt_text":"","src":"","width":0,"height":0},"classes":[]},{"id":26982,"url":"https:\/\/www.achimbrueckner.de\/dxradio\/php\/wordpress\/?p=26982","url_meta":{"origin":41624,"position":2},"title":"radio NRW begr\u00fc\u00dft mehr Vielfalt in NRW durch neue UKW-Kette und DAB+","author":"Administrator","date":"February 3, 2020","format":false,"excerpt":"https:\/\/www.satellifax.de\/mlesen.php?id=cfc8f1f85707c37ef848a0794e4b7a57","rel":"","context":"In &quot;Deutsch&quot;","block_context":{"text":"Deutsch","link":"https:\/\/www.achimbrueckner.de\/dxradio\/php\/wordpress\/?cat=1"},"img":{"alt_text":"","src":"","width":0,"height":0},"classes":[]},{"id":26984,"url":"https:\/\/www.achimbrueckner.de\/dxradio\/php\/wordpress\/?p=26984","url_meta":{"origin":41624,"position":3},"title":"Vaunet: Keine DAB+-Pflicht f\u00fcr neue UKW-Kette in NRW","author":"Administrator","date":"February 3, 2020","format":false,"excerpt":"https:\/\/www.satellifax.de\/mlesen.php?id=9596dcfac730291bb9d59eefce954c88","rel":"","context":"In &quot;Deutsch&quot;","block_context":{"text":"Deutsch","link":"https:\/\/www.achimbrueckner.de\/dxradio\/php\/wordpress\/?cat=1"},"img":{"alt_text":"","src":"","width":0,"height":0},"classes":[]},{"id":30429,"url":"https:\/\/www.achimbrueckner.de\/dxradio\/php\/wordpress\/?p=30429","url_meta":{"origin":41624,"position":4},"title":"LfM NRW will \u00fcber Ausschreibung von DAB+-Kette und UKW-Lizenz f\u00fcr lulu.fm beraten","author":"Administrator","date":"October 15, 2020","format":false,"excerpt":"https:\/\/www.satellifax.de\/mlesen.php?id=0acdff618d6f4a6956a6c80e394a4728","rel":"","context":"In &quot;Deutsch&quot;","block_context":{"text":"Deutsch","link":"https:\/\/www.achimbrueckner.de\/dxradio\/php\/wordpress\/?cat=1"},"img":{"alt_text":"","src":"","width":0,"height":0},"classes":[]},{"id":39717,"url":"https:\/\/www.achimbrueckner.de\/dxradio\/php\/wordpress\/?p=39717","url_meta":{"origin":41624,"position":5},"title":"Neue Zulassungen: Country-Radio \u00fcber DAB+ geplant","author":"Administrator","date":"June 26, 2023","format":false,"excerpt":"https:\/\/www.satellifax.de\/mlesen.php?id=21438d145fb1109e35c80e6cb702c1c5","rel":"","context":"In &quot;Deutsch&quot;","block_context":{"text":"Deutsch","link":"https:\/\/www.achimbrueckner.de\/dxradio\/php\/wordpress\/?cat=1"},"img":{"alt_text":"","src":"","width":0,"height":0},"classes":[]}],"_links":{"self":[{"href":"https:\/\/www.achimbrueckner.de\/dxradio\/php\/wordpress\/index.php?rest_route=\/wp\/v2\/posts\/41624","targetHints":{"allow":["GET"]}}],"collection":[{"href":"https:\/\/www.achimbrueckner.de\/dxradio\/php\/wordpress\/index.php?rest_route=\/wp\/v2\/posts"}],"about":[{"href":"https:\/\/www.achimbrueckner.de\/dxradio\/php\/wordpress\/index.php?rest_route=\/wp\/v2\/types\/post"}],"author":[{"embeddable":true,"href":"https:\/\/www.achimbrueckner.de\/dxradio\/php\/wordpress\/index.php?rest_route=\/wp\/v2\/users\/1"}],"replies":[{"embeddable":true,"href":"https:\/\/www.achimbrueckner.de\/dxradio\/php\/wordpress\/index.php?rest_route=%2Fwp%2Fv2%2Fcomments&post=41624"}],"version-history":[{"count":0,"href":"https:\/\/www.achimbrueckner.de\/dxradio\/php\/wordpress\/index.php?rest_route=\/wp\/v2\/posts\/41624\/revisions"}],"wp:attachment":[{"href":"https:\/\/www.achimbrueckner.de\/dxradio\/php\/wordpress\/index.php?rest_route=%2Fwp%2Fv2%2Fmedia&parent=41624"}],"wp:term":[{"taxonomy":"category","embeddable":true,"href":"https:\/\/www.achimbrueckner.de\/dxradio\/php\/wordpress\/index.php?rest_route=%2Fwp%2Fv2%2Fcategories&post=41624"},{"taxonomy":"post_tag","embeddable":true,"href":"https:\/\/www.achimbrueckner.de\/dxradio\/php\/wordpress\/index.php?rest_route=%2Fwp%2Fv2%2Ftags&post=41624"}],"curies":[{"name":"wp","href":"https:\/\/api.w.org\/{rel}","templated":true}]}}