{"id":41669,"date":"2024-09-05T15:21:57","date_gmt":"2024-09-05T15:21:57","guid":{"rendered":"https:\/\/www.achimbrueckner.de\/dxradio\/php\/wordpress\/?p=41669"},"modified":"2024-09-05T15:21:57","modified_gmt":"2024-09-05T15:21:57","slug":"scooter-und-beatrice-egli-beim-deutschen-radiopreis-63-radioprogramme-ubertragen-live","status":"publish","type":"post","link":"https:\/\/www.achimbrueckner.de\/dxradio\/php\/wordpress\/?p=41669","title":{"rendered":"SCOOTER und Beatrice Egli beim Deutschen Radiopreis \u2013 63 Radioprogramme \u00fcbertragen live"},"content":{"rendered":"<p><a href=\"https:\/\/www.radioszene.de\/190521\/scooter-beatrice-egli-deutschen-radiopreis.html\" rel=\"noopener\" target=\"_blank\">https:\/\/www.radioszene.de\/190521\/scooter-beatrice-egli-deutschen-radiopreis.html<\/a><\/p>\n","protected":false},"excerpt":{"rendered":"<p>https:\/\/www.radioszene.de\/190521\/scooter-beatrice-egli-deutschen-radiopreis.html<\/p>\n","protected":false},"author":1,"featured_media":0,"comment_status":"closed","ping_status":"open","sticky":false,"template":"","format":"standard","meta":{"_jetpack_memberships_contains_paid_content":false,"footnotes":"","jetpack_publicize_message":"","jetpack_publicize_feature_enabled":true,"jetpack_social_post_already_shared":true,"jetpack_social_options":{"image_generator_settings":{"template":"highway","default_image_id":0,"font":"","enabled":false},"version":2}},"categories":[1],"tags":[],"class_list":["post-41669","post","type-post","status-publish","format-standard","hentry","category-deutsch"],"jetpack_publicize_connections":[],"jetpack_featured_media_url":"","jetpack_sharing_enabled":true,"jetpack_shortlink":"https:\/\/wp.me\/p5CDmr-aQ5","jetpack-related-posts":[{"id":22551,"url":"https:\/\/www.achimbrueckner.de\/dxradio\/php\/wordpress\/?p=22551","url_meta":{"origin":41669,"position":0},"title":"Von Scooter bis Felix Jaehn: N-JOY feiert 25. Geburtstag","author":"Administrator","date":"April 3, 2019","format":false,"excerpt":"https:\/\/www.svz.de\/regionales\/newsticker-nord\/von-scooter-bis-felix-jaehn-n-joy-feiert-25-geburtstag-id23239602.html","rel":"","context":"In &quot;Deutsch&quot;","block_context":{"text":"Deutsch","link":"https:\/\/www.achimbrueckner.de\/dxradio\/php\/wordpress\/?cat=1"},"img":{"alt_text":"","src":"","width":0,"height":0},"classes":[]},{"id":1600,"url":"https:\/\/www.achimbrueckner.de\/dxradio\/php\/wordpress\/?p=1600","url_meta":{"origin":41669,"position":1},"title":"Fragw\u00fcrdige K\u00fcrzungspl\u00e4ne beim Deutschen Rundfunkarchiv","author":"Administrator","date":"June 15, 2011","format":false,"excerpt":"Fragw\u00fcrdige K\u00fcrzungspl\u00e4ne beim Deutschen Rundfunkarchiv http:\/\/www.radioszene.de\/25677\/fragwuerdige-kuerzungsplaene-beim-deutschen-rundfunkarchiv.html","rel":"","context":"In &quot;Deutsch&quot;","block_context":{"text":"Deutsch","link":"https:\/\/www.achimbrueckner.de\/dxradio\/php\/wordpress\/?cat=1"},"img":{"alt_text":"","src":"","width":0,"height":0},"classes":[]},{"id":1850,"url":"https:\/\/www.achimbrueckner.de\/dxradio\/php\/wordpress\/?p=1850","url_meta":{"origin":41669,"position":2},"title":"Die Nummer 1 in den deutschen Radio-Facebook-Charts","author":"Administrator","date":"October 26, 2011","format":false,"excerpt":"Die Nummer 1 in den deutschen Radio-Facebook-Charts http:\/\/www.radioszene.de\/31018\/die-nummer-1-in-den-deutschen-radio-facebook-charts.html","rel":"","context":"In &quot;Deutsch&quot;","block_context":{"text":"Deutsch","link":"https:\/\/www.achimbrueckner.de\/dxradio\/php\/wordpress\/?cat=1"},"img":{"alt_text":"","src":"","width":0,"height":0},"classes":[]},{"id":25042,"url":"https:\/\/www.achimbrueckner.de\/dxradio\/php\/wordpress\/?p=25042","url_meta":{"origin":41669,"position":3},"title":"Beste Comedy im deutschen Radio FFH GEWINNT DEUTSCHEN RADIOPREIS 2019","author":"Administrator","date":"September 29, 2019","format":false,"excerpt":"https:\/\/www.ffh.de\/ffh-welt\/presse\/detail\/toController\/Topic\/toAction\/show\/toId\/215436\/toTopic\/hit-radio-ffh-gewinnt-deutschen-radiopreis-2019.html","rel":"","context":"In &quot;Deutsch&quot;","block_context":{"text":"Deutsch","link":"https:\/\/www.achimbrueckner.de\/dxradio\/php\/wordpress\/?cat=1"},"img":{"alt_text":"","src":"","width":0,"height":0},"classes":[]},{"id":43638,"url":"https:\/\/www.achimbrueckner.de\/dxradio\/php\/wordpress\/?p=43638","url_meta":{"origin":41669,"position":4},"title":"Konsolidierungswelle ver\u00e4ndert deutschen Radiomarkt","author":"Administrator","date":"August 25, 2025","format":false,"excerpt":"https:\/\/www.radioszene.de\/205496\/konsolidierungswelle-veraendert-deutschen-radiomarkt.html","rel":"","context":"In &quot;Deutsch&quot;","block_context":{"text":"Deutsch","link":"https:\/\/www.achimbrueckner.de\/dxradio\/php\/wordpress\/?cat=1"},"img":{"alt_text":"","src":"","width":0,"height":0},"classes":[]},{"id":30809,"url":"https:\/\/www.achimbrueckner.de\/dxradio\/php\/wordpress\/?p=30809","url_meta":{"origin":41669,"position":5},"title":"Rundfunk in der Deutschen Demokratischen Republik","author":"Administrator","date":"November 16, 2020","format":false,"excerpt":"http:\/\/www.andre-scheer.de\/rundfunk-in-der-deutschen-demokratischen-republik\/","rel":"","context":"In &quot;Deutsch&quot;","block_context":{"text":"Deutsch","link":"https:\/\/www.achimbrueckner.de\/dxradio\/php\/wordpress\/?cat=1"},"img":{"alt_text":"","src":"","width":0,"height":0},"classes":[]}],"_links":{"self":[{"href":"https:\/\/www.achimbrueckner.de\/dxradio\/php\/wordpress\/index.php?rest_route=\/wp\/v2\/posts\/41669","targetHints":{"allow":["GET"]}}],"collection":[{"href":"https:\/\/www.achimbrueckner.de\/dxradio\/php\/wordpress\/index.php?rest_route=\/wp\/v2\/posts"}],"about":[{"href":"https:\/\/www.achimbrueckner.de\/dxradio\/php\/wordpress\/index.php?rest_route=\/wp\/v2\/types\/post"}],"author":[{"embeddable":true,"href":"https:\/\/www.achimbrueckner.de\/dxradio\/php\/wordpress\/index.php?rest_route=\/wp\/v2\/users\/1"}],"replies":[{"embeddable":true,"href":"https:\/\/www.achimbrueckner.de\/dxradio\/php\/wordpress\/index.php?rest_route=%2Fwp%2Fv2%2Fcomments&post=41669"}],"version-history":[{"count":0,"href":"https:\/\/www.achimbrueckner.de\/dxradio\/php\/wordpress\/index.php?rest_route=\/wp\/v2\/posts\/41669\/revisions"}],"wp:attachment":[{"href":"https:\/\/www.achimbrueckner.de\/dxradio\/php\/wordpress\/index.php?rest_route=%2Fwp%2Fv2%2Fmedia&parent=41669"}],"wp:term":[{"taxonomy":"category","embeddable":true,"href":"https:\/\/www.achimbrueckner.de\/dxradio\/php\/wordpress\/index.php?rest_route=%2Fwp%2Fv2%2Fcategories&post=41669"},{"taxonomy":"post_tag","embeddable":true,"href":"https:\/\/www.achimbrueckner.de\/dxradio\/php\/wordpress\/index.php?rest_route=%2Fwp%2Fv2%2Ftags&post=41669"}],"curies":[{"name":"wp","href":"https:\/\/api.w.org\/{rel}","templated":true}]}}