{"id":4170,"date":"2015-03-04T20:13:37","date_gmt":"2015-03-04T20:13:37","guid":{"rendered":"https:\/\/www.achimbrueckner.de\/dxradio\/php\/wordpress\/?p=4170"},"modified":"2015-03-04T20:13:37","modified_gmt":"2015-03-04T20:13:37","slug":"luxemburger-sendeanlage-marnach-wird-ende-2015-stillgelegt","status":"publish","type":"post","link":"https:\/\/www.achimbrueckner.de\/dxradio\/php\/wordpress\/?p=4170","title":{"rendered":"Luxemburger Sendeanlage Marnach wird Ende 2015 stillgelegt"},"content":{"rendered":"<p><a href=\"http:\/\/www.radioszene.de\/77566\/luxemburger-sendeanlage-marnach-wird-ende-2015-stillgelegt.html\" target=\"_blank\">http:\/\/www.radioszene.de\/77566\/luxemburger-sendeanlage-marnach-wird-ende-2015-stillgelegt.html<\/a><\/p>\n","protected":false},"excerpt":{"rendered":"<p>http:\/\/www.radioszene.de\/77566\/luxemburger-sendeanlage-marnach-wird-ende-2015-stillgelegt.html<\/p>\n","protected":false},"author":1,"featured_media":0,"comment_status":"open","ping_status":"open","sticky":false,"template":"","format":"standard","meta":{"_jetpack_memberships_contains_paid_content":false,"footnotes":"","jetpack_publicize_message":"","jetpack_publicize_feature_enabled":true,"jetpack_social_post_already_shared":true,"jetpack_social_options":{"image_generator_settings":{"template":"highway","default_image_id":0,"font":"","enabled":false},"version":2}},"categories":[1,16],"tags":[41],"class_list":["post-4170","post","type-post","status-publish","format-standard","hentry","category-deutsch","category-radioszene","tag-radioszene"],"jetpack_publicize_connections":[],"jetpack_featured_media_url":"","jetpack_sharing_enabled":true,"jetpack_shortlink":"https:\/\/wp.me\/p5CDmr-15g","jetpack-related-posts":[{"id":1617,"url":"https:\/\/www.achimbrueckner.de\/dxradio\/php\/wordpress\/?p=1617","url_meta":{"origin":4170,"position":0},"title":"Hat Marnacher Sendeanlage bald \u00e2\u20ac\u017eausgestrahlt\u00e2\u20ac\u0153?","author":"Administrator","date":"June 21, 2011","format":false,"excerpt":"B\u00fcrgerinitiative vor Durchbruch: Hat Marnacher Sendeanlage bald \u00e2\u20ac\u017eausgestrahlt\u00e2\u20ac\u0153? http:\/\/www.wort.lu\/wort\/web\/letzebuerg\/artikel\/2011\/06\/153563\/hat-marnacher-sendeanlage-bald-ausgestrahlt.php Info via A-DX http:\/\/www.radioszene.de\/26048\/rtl-group-schliessung-der-sendestelle-marnach-absehbar.html","rel":"","context":"In &quot;Deutsch&quot;","block_context":{"text":"Deutsch","link":"https:\/\/www.achimbrueckner.de\/dxradio\/php\/wordpress\/?cat=1"},"img":{"alt_text":"","src":"","width":0,"height":0},"classes":[]},{"id":6000,"url":"https:\/\/www.achimbrueckner.de\/dxradio\/php\/wordpress\/?p=6000","url_meta":{"origin":4170,"position":1},"title":"Luxemburger Radioszene","author":"Administrator","date":"November 17, 2015","format":false,"excerpt":"http:\/\/www.radiolnw.eu\/Radioszene\/index.html","rel":"","context":"In &quot;Deutsch&quot;","block_context":{"text":"Deutsch","link":"https:\/\/www.achimbrueckner.de\/dxradio\/php\/wordpress\/?cat=1"},"img":{"alt_text":"","src":"","width":0,"height":0},"classes":[]},{"id":32793,"url":"https:\/\/www.achimbrueckner.de\/dxradio\/php\/wordpress\/?p=32793","url_meta":{"origin":4170,"position":2},"title":"Knall und Fall &#8211; Das Ende der SR-Sendeanlage","author":"Administrator","date":"May 30, 2021","format":false,"excerpt":"https:\/\/www.ardmediathek.de\/video\/dokumentationen-und-reportagen\/knall-und-fall-das-ende-der-sr-sendeanlage\/sr\/Y3JpZDovL3NyLW9ubGluZS5kZS9EVVJfNjU3MTk\/","rel":"","context":"In &quot;Deutsch&quot;","block_context":{"text":"Deutsch","link":"https:\/\/www.achimbrueckner.de\/dxradio\/php\/wordpress\/?cat=1"},"img":{"alt_text":"","src":"","width":0,"height":0},"classes":[]},{"id":1224,"url":"https:\/\/www.achimbrueckner.de\/dxradio\/php\/wordpress\/?p=1224","url_meta":{"origin":4170,"position":3},"title":"RAE &#8211; Ende der Vorstellung ?","author":"Administrator","date":"November 5, 2010","format":false,"excerpt":"Liebe Freunde, aus Umweltgr\u00fcnden muss der Betrieb der Sendeanlage von RAE - die f\u00fcr die Sendungen auf 15.345 und 11.710 kHz eingesetzt wird - bis Ende dieses Jahres eingestellt werden und es ist noch nicht sicher, ob sie \u00fcberhaupt ersetzt wird, was die Einstellung der Sendungen auf diesen Frequenzen bedeuten\u2026","rel":"","context":"In &quot;Deutsch&quot;","block_context":{"text":"Deutsch","link":"https:\/\/www.achimbrueckner.de\/dxradio\/php\/wordpress\/?cat=1"},"img":{"alt_text":"","src":"","width":0,"height":0},"classes":[]},{"id":3737,"url":"https:\/\/www.achimbrueckner.de\/dxradio\/php\/wordpress\/?p=3737","url_meta":{"origin":4170,"position":4},"title":"Marnach: Funkstille ab 2015?","author":"Administrator","date":"November 6, 2014","format":false,"excerpt":"http:\/\/www.wort.lu\/de\/politik\/petitionen-marnach-funkstille-ab-2015-541ff327b9b398870806967b","rel":"","context":"In &quot;Deutsch&quot;","block_context":{"text":"Deutsch","link":"https:\/\/www.achimbrueckner.de\/dxradio\/php\/wordpress\/?cat=1"},"img":{"alt_text":"","src":"","width":0,"height":0},"classes":[]},{"id":7128,"url":"https:\/\/www.achimbrueckner.de\/dxradio\/php\/wordpress\/?p=7128","url_meta":{"origin":4170,"position":5},"title":"LEGENDARISCHE MIDDENGOLFZENDER IN MARNACH ZWIJGT IN 2016","author":"Administrator","date":"December 31, 2015","format":false,"excerpt":"http:\/\/www.mediamagazine.nl\/legendarische-middengolfzender-in-marnach-zwijgt-in-2016\/","rel":"","context":"In &quot;Deutsch&quot;","block_context":{"text":"Deutsch","link":"https:\/\/www.achimbrueckner.de\/dxradio\/php\/wordpress\/?cat=1"},"img":{"alt_text":"","src":"","width":0,"height":0},"classes":[]}],"_links":{"self":[{"href":"https:\/\/www.achimbrueckner.de\/dxradio\/php\/wordpress\/index.php?rest_route=\/wp\/v2\/posts\/4170","targetHints":{"allow":["GET"]}}],"collection":[{"href":"https:\/\/www.achimbrueckner.de\/dxradio\/php\/wordpress\/index.php?rest_route=\/wp\/v2\/posts"}],"about":[{"href":"https:\/\/www.achimbrueckner.de\/dxradio\/php\/wordpress\/index.php?rest_route=\/wp\/v2\/types\/post"}],"author":[{"embeddable":true,"href":"https:\/\/www.achimbrueckner.de\/dxradio\/php\/wordpress\/index.php?rest_route=\/wp\/v2\/users\/1"}],"replies":[{"embeddable":true,"href":"https:\/\/www.achimbrueckner.de\/dxradio\/php\/wordpress\/index.php?rest_route=%2Fwp%2Fv2%2Fcomments&post=4170"}],"version-history":[{"count":0,"href":"https:\/\/www.achimbrueckner.de\/dxradio\/php\/wordpress\/index.php?rest_route=\/wp\/v2\/posts\/4170\/revisions"}],"wp:attachment":[{"href":"https:\/\/www.achimbrueckner.de\/dxradio\/php\/wordpress\/index.php?rest_route=%2Fwp%2Fv2%2Fmedia&parent=4170"}],"wp:term":[{"taxonomy":"category","embeddable":true,"href":"https:\/\/www.achimbrueckner.de\/dxradio\/php\/wordpress\/index.php?rest_route=%2Fwp%2Fv2%2Fcategories&post=4170"},{"taxonomy":"post_tag","embeddable":true,"href":"https:\/\/www.achimbrueckner.de\/dxradio\/php\/wordpress\/index.php?rest_route=%2Fwp%2Fv2%2Ftags&post=4170"}],"curies":[{"name":"wp","href":"https:\/\/api.w.org\/{rel}","templated":true}]}}