{"id":41775,"date":"2024-10-07T14:54:22","date_gmt":"2024-10-07T14:54:22","guid":{"rendered":"https:\/\/www.achimbrueckner.de\/dxradio\/php\/wordpress\/?p=41775"},"modified":"2024-10-07T14:54:22","modified_gmt":"2024-10-07T14:54:22","slug":"sondersendung-interview-mit-wolf-harranth-zum-nachhoren","status":"publish","type":"post","link":"https:\/\/www.achimbrueckner.de\/dxradio\/php\/wordpress\/?p=41775","title":{"rendered":"Sondersendung  &#8211; Interview mit Wolf Harranth &#8211; zum Nachh\u00f6ren"},"content":{"rendered":"<p><a href=\"https:\/\/www.oe1xrw.radio\/\" rel=\"noopener\" target=\"_blank\">https:\/\/www.oe1xrw.radio\/<\/a><\/p>\n","protected":false},"excerpt":{"rendered":"<p>https:\/\/www.oe1xrw.radio\/<\/p>\n","protected":false},"author":1,"featured_media":0,"comment_status":"closed","ping_status":"open","sticky":false,"template":"","format":"standard","meta":{"_jetpack_memberships_contains_paid_content":false,"footnotes":"","jetpack_publicize_message":"","jetpack_publicize_feature_enabled":true,"jetpack_social_post_already_shared":true,"jetpack_social_options":{"image_generator_settings":{"template":"highway","default_image_id":0,"font":"","enabled":false},"version":2}},"categories":[1],"tags":[],"class_list":["post-41775","post","type-post","status-publish","format-standard","hentry","category-deutsch"],"jetpack_publicize_connections":[],"jetpack_featured_media_url":"","jetpack_sharing_enabled":true,"jetpack_shortlink":"https:\/\/wp.me\/p5CDmr-aRN","jetpack-related-posts":[{"id":929,"url":"https:\/\/www.achimbrueckner.de\/dxradio\/php\/wordpress\/?p=929","url_meta":{"origin":41775,"position":0},"title":"Menschen im Gespr\u00e4ch &#8211; Wolf Harranth","author":"Administrator","date":"March 2, 2010","format":false,"excerpt":"in der o.g. Sendereihe beim ORF-Radio-Wien war am 13.2.2010: Zu Gast ist der Rundfunkhistoriker Wolf Harranth. Er arbeitet f\u00fcr das Dokumentationsarchiv Funk, das die \u00f6sterreichische Rundfunkgeschichte aufarbeitet und dokumentiert. Bernd Matschedolnig spricht mit ihm \u00fcber die Faszination des Radios, die Entwicklung des Rundfunks in \u00d6sterreich und \u00fcber ein stadtpr\u00e4gendes St\u00fcck\u2026","rel":"","context":"In &quot;Deutsch&quot;","block_context":{"text":"Deutsch","link":"https:\/\/www.achimbrueckner.de\/dxradio\/php\/wordpress\/?cat=1"},"img":{"alt_text":"","src":"","width":0,"height":0},"classes":[]},{"id":41742,"url":"https:\/\/www.achimbrueckner.de\/dxradio\/php\/wordpress\/?p=41742","url_meta":{"origin":41775,"position":1},"title":"Sondersendung 100 Jahre Radio in \u00d6sterreich 6 Oktober 2024","author":"Administrator","date":"September 28, 2024","format":false,"excerpt":"Anl\u00e4sslich 100 Jahre Radio in \u00d6sterreich sendet der Kurzwellensender Moosbrunn eines der letzten Interviews mit Professor Wolf Harranth, der im Sommer 2021 verstarb. Wolf Harranth, eine Legende in der Welt des Rundfunks, wird Ihnen in dieser Sondersendung einzigartige Einblicke in die Entstehungsgeschichte der RAVAG (Radio Verkehrs AG) und deren Bedeutung\u2026","rel":"","context":"In &quot;Deutsch&quot;","block_context":{"text":"Deutsch","link":"https:\/\/www.achimbrueckner.de\/dxradio\/php\/wordpress\/?cat=1"},"img":{"alt_text":"","src":"","width":0,"height":0},"classes":[]},{"id":35977,"url":"https:\/\/www.achimbrueckner.de\/dxradio\/php\/wordpress\/?p=35977","url_meta":{"origin":41775,"position":2},"title":"Frank Elstner Geburtstags-Interview zum Nachh\u00f6ren","author":"Administrator","date":"April 24, 2022","format":false,"excerpt":"https:\/\/www.radioszene.de\/163045\/frank-elstner-im-geburtstags-exklusiv-interview-mit-viktor-worms-bei-oldie-antenne.html","rel":"","context":"In &quot;Deutsch&quot;","block_context":{"text":"Deutsch","link":"https:\/\/www.achimbrueckner.de\/dxradio\/php\/wordpress\/?cat=1"},"img":{"alt_text":"","src":"","width":0,"height":0},"classes":[]},{"id":33236,"url":"https:\/\/www.achimbrueckner.de\/dxradio\/php\/wordpress\/?p=33236","url_meta":{"origin":41775,"position":3},"title":"\u00dcbersetzerlegende Wolf Harranth mit 79 Jahren verstorben","author":"Administrator","date":"August 4, 2021","format":false,"excerpt":"https:\/\/www.derstandard.de\/consent\/tcf\/story\/2000128682366\/uebersetzerlegende-wolf-harranth-mit-79-jahren-gestorben","rel":"","context":"In &quot;Deutsch&quot;","block_context":{"text":"Deutsch","link":"https:\/\/www.achimbrueckner.de\/dxradio\/php\/wordpress\/?cat=1"},"img":{"alt_text":"","src":"","width":0,"height":0},"classes":[]},{"id":42018,"url":"https:\/\/www.achimbrueckner.de\/dxradio\/php\/wordpress\/?p=42018","url_meta":{"origin":41775,"position":4},"title":"Abschiedssendung des Kurzwellensenders Moosbrunn 31.12.2024","author":"Administrator","date":"December 4, 2024","format":false,"excerpt":"Mit gro\u00dfer Freude darf ich euch hier in unserer A-DX Gruppe berichten, dass es eine Abschiedssendung des Kurzwellensenders Moosbrunn bei Wien geben wird: Als Abschiedssendung am 31.12.2024, 9 - 12 Uhr UTC, ist auf 6055 kHz mit 100 kW Sendeleistung ist folgendes Programm geplant: \u2022 Kurzwellen-Panorama von Herbert Richard Leutgeb\u2026","rel":"","context":"In &quot;Deutsch&quot;","block_context":{"text":"Deutsch","link":"https:\/\/www.achimbrueckner.de\/dxradio\/php\/wordpress\/?cat=1"},"img":{"alt_text":"","src":"","width":0,"height":0},"classes":[]},{"id":33234,"url":"https:\/\/www.achimbrueckner.de\/dxradio\/php\/wordpress\/?p=33234","url_meta":{"origin":41775,"position":5},"title":"In memoriam Wolf Harranth &#8220;F\u00e4hrnis zwischen zwei Ufern&#8221;. Eine Erinnerung an Wolf Harranth","author":"Administrator","date":"August 4, 2021","format":false,"excerpt":"https:\/\/oe1.orf.at\/programm\/20210808\/648033\/In-memoriam-Wolf-Harranth","rel":"","context":"In &quot;Deutsch&quot;","block_context":{"text":"Deutsch","link":"https:\/\/www.achimbrueckner.de\/dxradio\/php\/wordpress\/?cat=1"},"img":{"alt_text":"","src":"","width":0,"height":0},"classes":[]}],"_links":{"self":[{"href":"https:\/\/www.achimbrueckner.de\/dxradio\/php\/wordpress\/index.php?rest_route=\/wp\/v2\/posts\/41775","targetHints":{"allow":["GET"]}}],"collection":[{"href":"https:\/\/www.achimbrueckner.de\/dxradio\/php\/wordpress\/index.php?rest_route=\/wp\/v2\/posts"}],"about":[{"href":"https:\/\/www.achimbrueckner.de\/dxradio\/php\/wordpress\/index.php?rest_route=\/wp\/v2\/types\/post"}],"author":[{"embeddable":true,"href":"https:\/\/www.achimbrueckner.de\/dxradio\/php\/wordpress\/index.php?rest_route=\/wp\/v2\/users\/1"}],"replies":[{"embeddable":true,"href":"https:\/\/www.achimbrueckner.de\/dxradio\/php\/wordpress\/index.php?rest_route=%2Fwp%2Fv2%2Fcomments&post=41775"}],"version-history":[{"count":0,"href":"https:\/\/www.achimbrueckner.de\/dxradio\/php\/wordpress\/index.php?rest_route=\/wp\/v2\/posts\/41775\/revisions"}],"wp:attachment":[{"href":"https:\/\/www.achimbrueckner.de\/dxradio\/php\/wordpress\/index.php?rest_route=%2Fwp%2Fv2%2Fmedia&parent=41775"}],"wp:term":[{"taxonomy":"category","embeddable":true,"href":"https:\/\/www.achimbrueckner.de\/dxradio\/php\/wordpress\/index.php?rest_route=%2Fwp%2Fv2%2Fcategories&post=41775"},{"taxonomy":"post_tag","embeddable":true,"href":"https:\/\/www.achimbrueckner.de\/dxradio\/php\/wordpress\/index.php?rest_route=%2Fwp%2Fv2%2Ftags&post=41775"}],"curies":[{"name":"wp","href":"https:\/\/api.w.org\/{rel}","templated":true}]}}