{"id":41790,"date":"2024-10-12T07:48:03","date_gmt":"2024-10-12T07:48:03","guid":{"rendered":"https:\/\/www.achimbrueckner.de\/dxradio\/php\/wordpress\/?p=41790"},"modified":"2024-10-12T07:48:03","modified_gmt":"2024-10-12T07:48:03","slug":"40-jahre-private-medien-wer-vielfalt-mochte-muss-sie-aktiv-sichern","status":"publish","type":"post","link":"https:\/\/www.achimbrueckner.de\/dxradio\/php\/wordpress\/?p=41790","title":{"rendered":"40 Jahre Private Medien: \u201eWer Vielfalt m\u00f6chte, muss sie aktiv sichern\u201c"},"content":{"rendered":"<p><a href=\"https:\/\/www.radioszene.de\/191658\/40-jahre-private-medien-vaunet.html\" rel=\"noopener\" target=\"_blank\">https:\/\/www.radioszene.de\/191658\/40-jahre-private-medien-vaunet.html<\/a><\/p>\n","protected":false},"excerpt":{"rendered":"<p>https:\/\/www.radioszene.de\/191658\/40-jahre-private-medien-vaunet.html<\/p>\n","protected":false},"author":1,"featured_media":0,"comment_status":"closed","ping_status":"open","sticky":false,"template":"","format":"standard","meta":{"_jetpack_memberships_contains_paid_content":false,"footnotes":"","jetpack_publicize_message":"","jetpack_publicize_feature_enabled":true,"jetpack_social_post_already_shared":true,"jetpack_social_options":{"image_generator_settings":{"template":"highway","default_image_id":0,"font":"","enabled":false},"version":2}},"categories":[1],"tags":[],"class_list":["post-41790","post","type-post","status-publish","format-standard","hentry","category-deutsch"],"jetpack_publicize_connections":[],"jetpack_featured_media_url":"","jetpack_sharing_enabled":true,"jetpack_shortlink":"https:\/\/wp.me\/p5CDmr-aS2","jetpack-related-posts":[{"id":25382,"url":"https:\/\/www.achimbrueckner.de\/dxradio\/php\/wordpress\/?p=25382","url_meta":{"origin":41790,"position":0},"title":"60 Jahre ERF Medien: Ampelm\u00e4nnchen mit guter Botschaft","author":"Administrator","date":"October 18, 2019","format":false,"excerpt":"https:\/\/www.pro-medienmagazin.de\/medien\/radio\/2019\/10\/18\/60-jahre-erf-medien-ampelmaennchen-mit-guter-botschaft\/","rel":"","context":"In &quot;Deutsch&quot;","block_context":{"text":"Deutsch","link":"https:\/\/www.achimbrueckner.de\/dxradio\/php\/wordpress\/?cat=1"},"img":{"alt_text":"","src":"","width":0,"height":0},"classes":[]},{"id":10869,"url":"https:\/\/www.achimbrueckner.de\/dxradio\/php\/wordpress\/?p=10869","url_meta":{"origin":41790,"position":1},"title":"HTWK feiert 10 Jahre Medien-Fakult\u00e4t","author":"Administrator","date":"October 28, 2016","format":false,"excerpt":"http:\/\/www.radioleipzig.de\/nachrichten\/lokalnachrichten\/htwk-feiert-10-jahre-medien-fakultaet-1263634\/","rel":"","context":"In &quot;Deutsch&quot;","block_context":{"text":"Deutsch","link":"https:\/\/www.achimbrueckner.de\/dxradio\/php\/wordpress\/?cat=1"},"img":{"alt_text":"","src":"","width":0,"height":0},"classes":[]},{"id":17894,"url":"https:\/\/www.achimbrueckner.de\/dxradio\/php\/wordpress\/?p=17894","url_meta":{"origin":41790,"position":2},"title":"20 Jahre Community Medien \u2013 Public Value Bericht 2018","author":"Administrator","date":"May 23, 2018","format":false,"excerpt":"https:\/\/radiofabrik.at\/news\/20-jahre-community-medien-in-oesterreich-public-value-bericht\/","rel":"","context":"In &quot;Deutsch&quot;","block_context":{"text":"Deutsch","link":"https:\/\/www.achimbrueckner.de\/dxradio\/php\/wordpress\/?cat=1"},"img":{"alt_text":"","src":"","width":0,"height":0},"classes":[]},{"id":11742,"url":"https:\/\/www.achimbrueckner.de\/dxradio\/php\/wordpress\/?p=11742","url_meta":{"origin":41790,"position":3},"title":"Studien belegen: Das Vertrauen in Medien ist \u00fcber Jahre konstant","author":"Administrator","date":"January 15, 2017","format":false,"excerpt":"http:\/\/www.dw.com\/de\/studien-belegen-das-vertrauen-in-medien-ist-%C3%BCber-jahre-konstant\/a-37093513","rel":"","context":"In &quot;Deutsch&quot;","block_context":{"text":"Deutsch","link":"https:\/\/www.achimbrueckner.de\/dxradio\/php\/wordpress\/?cat=1"},"img":{"alt_text":"","src":"","width":0,"height":0},"classes":[]},{"id":20180,"url":"https:\/\/www.achimbrueckner.de\/dxradio\/php\/wordpress\/?p=20180","url_meta":{"origin":41790,"position":4},"title":"Schweizer Medien sp\u00fcren die brutalen Sp\u00e4tfolgen der \u00abgoldenen Jahre\u00bb","author":"Administrator","date":"November 27, 2018","format":false,"excerpt":"https:\/\/medienwoche.ch\/2018\/11\/27\/schweizer-medien-spueren-die-brutalen-spaetfolgen-der-goldenen-jahre\/","rel":"","context":"In &quot;Deutsch&quot;","block_context":{"text":"Deutsch","link":"https:\/\/www.achimbrueckner.de\/dxradio\/php\/wordpress\/?cat=1"},"img":{"alt_text":"","src":"","width":0,"height":0},"classes":[]},{"id":27745,"url":"https:\/\/www.achimbrueckner.de\/dxradio\/php\/wordpress\/?p=27745","url_meta":{"origin":41790,"position":5},"title":"Gastkommentar: \u201cViele \u00f6sterreichische Medien werden die n\u00e4chsten Jahre nicht \u00fcberleben\u201d","author":"Administrator","date":"March 25, 2020","format":false,"excerpt":"https:\/\/meedia.de\/2020\/03\/24\/gastkommentar-viele-oesterreichische-medien-werden-die-naechsten-jahre-nicht-ueberleben\/","rel":"","context":"In &quot;Deutsch&quot;","block_context":{"text":"Deutsch","link":"https:\/\/www.achimbrueckner.de\/dxradio\/php\/wordpress\/?cat=1"},"img":{"alt_text":"","src":"","width":0,"height":0},"classes":[]}],"_links":{"self":[{"href":"https:\/\/www.achimbrueckner.de\/dxradio\/php\/wordpress\/index.php?rest_route=\/wp\/v2\/posts\/41790","targetHints":{"allow":["GET"]}}],"collection":[{"href":"https:\/\/www.achimbrueckner.de\/dxradio\/php\/wordpress\/index.php?rest_route=\/wp\/v2\/posts"}],"about":[{"href":"https:\/\/www.achimbrueckner.de\/dxradio\/php\/wordpress\/index.php?rest_route=\/wp\/v2\/types\/post"}],"author":[{"embeddable":true,"href":"https:\/\/www.achimbrueckner.de\/dxradio\/php\/wordpress\/index.php?rest_route=\/wp\/v2\/users\/1"}],"replies":[{"embeddable":true,"href":"https:\/\/www.achimbrueckner.de\/dxradio\/php\/wordpress\/index.php?rest_route=%2Fwp%2Fv2%2Fcomments&post=41790"}],"version-history":[{"count":0,"href":"https:\/\/www.achimbrueckner.de\/dxradio\/php\/wordpress\/index.php?rest_route=\/wp\/v2\/posts\/41790\/revisions"}],"wp:attachment":[{"href":"https:\/\/www.achimbrueckner.de\/dxradio\/php\/wordpress\/index.php?rest_route=%2Fwp%2Fv2%2Fmedia&parent=41790"}],"wp:term":[{"taxonomy":"category","embeddable":true,"href":"https:\/\/www.achimbrueckner.de\/dxradio\/php\/wordpress\/index.php?rest_route=%2Fwp%2Fv2%2Fcategories&post=41790"},{"taxonomy":"post_tag","embeddable":true,"href":"https:\/\/www.achimbrueckner.de\/dxradio\/php\/wordpress\/index.php?rest_route=%2Fwp%2Fv2%2Ftags&post=41790"}],"curies":[{"name":"wp","href":"https:\/\/api.w.org\/{rel}","templated":true}]}}