{"id":41874,"date":"2024-10-28T15:39:37","date_gmt":"2024-10-28T15:39:37","guid":{"rendered":"https:\/\/www.achimbrueckner.de\/dxradio\/php\/wordpress\/?p=41874"},"modified":"2024-10-28T15:39:37","modified_gmt":"2024-10-28T15:39:37","slug":"wlan-radio-umstellung-weitere-hersteller-machen-mit","status":"publish","type":"post","link":"https:\/\/www.achimbrueckner.de\/dxradio\/php\/wordpress\/?p=41874","title":{"rendered":"WLAN-Radio-Umstellung: Weitere Hersteller machen mit"},"content":{"rendered":"<p><a href=\"https:\/\/www.radioblog.eu\/2024\/10\/26\/wlan-radio-umstellung-weitere-hersteller-machen-mit\/\" rel=\"noopener\" target=\"_blank\">https:\/\/www.radioblog.eu\/2024\/10\/26\/wlan-radio-umstellung-weitere-hersteller-machen-mit\/<\/a><\/p>\n","protected":false},"excerpt":{"rendered":"<p>https:\/\/www.radioblog.eu\/2024\/10\/26\/wlan-radio-umstellung-weitere-hersteller-machen-mit\/<\/p>\n","protected":false},"author":1,"featured_media":0,"comment_status":"closed","ping_status":"open","sticky":false,"template":"","format":"standard","meta":{"_jetpack_memberships_contains_paid_content":false,"footnotes":"","jetpack_publicize_message":"","jetpack_publicize_feature_enabled":true,"jetpack_social_post_already_shared":true,"jetpack_social_options":{"image_generator_settings":{"template":"highway","default_image_id":0,"font":"","enabled":false},"version":2}},"categories":[1],"tags":[],"class_list":["post-41874","post","type-post","status-publish","format-standard","hentry","category-deutsch"],"jetpack_publicize_connections":[],"jetpack_featured_media_url":"","jetpack_sharing_enabled":true,"jetpack_shortlink":"https:\/\/wp.me\/p5CDmr-aTo","jetpack-related-posts":[{"id":41888,"url":"https:\/\/www.achimbrueckner.de\/dxradio\/php\/wordpress\/?p=41888","url_meta":{"origin":41874,"position":0},"title":"Von Frontier zu Airable: WLAN-Radio-Umstellung im Liveticker","author":"Administrator","date":"October 30, 2024","format":false,"excerpt":"https:\/\/www.radioblog.eu\/2024\/10\/30\/von-frontier-zu-airable-wlan-radio-umstellung-im-liveticker\/","rel":"","context":"In &quot;Deutsch&quot;","block_context":{"text":"Deutsch","link":"https:\/\/www.achimbrueckner.de\/dxradio\/php\/wordpress\/?cat=1"},"img":{"alt_text":"","src":"","width":0,"height":0},"classes":[]},{"id":41894,"url":"https:\/\/www.achimbrueckner.de\/dxradio\/php\/wordpress\/?p=41894","url_meta":{"origin":41874,"position":1},"title":"Von Frontier zu Airable: WLAN-Radio-Umstellung im Liveticker","author":"Administrator","date":"November 1, 2024","format":false,"excerpt":"https:\/\/www.radioblog.eu\/2024\/10\/31\/von-frontier-zu-airable-wlan-radio-umstellung-im-liveticker\/","rel":"","context":"In &quot;Deutsch&quot;","block_context":{"text":"Deutsch","link":"https:\/\/www.achimbrueckner.de\/dxradio\/php\/wordpress\/?cat=1"},"img":{"alt_text":"","src":"","width":0,"height":0},"classes":[]},{"id":41916,"url":"https:\/\/www.achimbrueckner.de\/dxradio\/php\/wordpress\/?p=41916","url_meta":{"origin":41874,"position":2},"title":"WLAN-Radio-Umstellung: Es gibt noch Probleme","author":"Administrator","date":"November 4, 2024","format":false,"excerpt":"https:\/\/www.radioblog.eu\/2024\/11\/04\/wlan-radio-umstellung-es-gibt-noch-probleme\/","rel":"","context":"In &quot;Deutsch&quot;","block_context":{"text":"Deutsch","link":"https:\/\/www.achimbrueckner.de\/dxradio\/php\/wordpress\/?cat=1"},"img":{"alt_text":"","src":"","width":0,"height":0},"classes":[]},{"id":41710,"url":"https:\/\/www.achimbrueckner.de\/dxradio\/php\/wordpress\/?p=41710","url_meta":{"origin":41874,"position":3},"title":"WLAN-Radios: Erste Hersteller kooperieren mit Airable","author":"Administrator","date":"September 18, 2024","format":false,"excerpt":"https:\/\/www.radioblog.eu\/2024\/09\/15\/wlan-radios-erste-hersteller-kooperieren-mit-airable\/","rel":"","context":"In &quot;Deutsch&quot;","block_context":{"text":"Deutsch","link":"https:\/\/www.achimbrueckner.de\/dxradio\/php\/wordpress\/?cat=1"},"img":{"alt_text":"","src":"","width":0,"height":0},"classes":[]},{"id":44350,"url":"https:\/\/www.achimbrueckner.de\/dxradio\/php\/wordpress\/?p=44350","url_meta":{"origin":41874,"position":4},"title":"\u00d6sterreich: Probleme mit Radio G\u00d6D auf WLAN-Radios behoben","author":"Administrator","date":"November 22, 2025","format":false,"excerpt":"https:\/\/www.radioblog.eu\/2025\/11\/22\/oesterreich-probleme-mit-radio-goed-auf-wlan-radios-behoben\/","rel":"","context":"In &quot;Deutsch&quot;","block_context":{"text":"Deutsch","link":"https:\/\/www.achimbrueckner.de\/dxradio\/php\/wordpress\/?cat=1"},"img":{"alt_text":"","src":"","width":0,"height":0},"classes":[]},{"id":42916,"url":"https:\/\/www.achimbrueckner.de\/dxradio\/php\/wordpress\/?p=42916","url_meta":{"origin":41874,"position":5},"title":"\u00d6sterreich: R\u00e4tselhafte Empfangsprobleme mit Radio G\u00d6D auf WLAN-Radios","author":"Administrator","date":"May 30, 2025","format":false,"excerpt":"https:\/\/www.radioblog.eu\/2025\/05\/29\/oesterreich-raetselhafte-empfangsprobleme-mit-radio-goed-auf-wlan-radios\/","rel":"","context":"In &quot;Deutsch&quot;","block_context":{"text":"Deutsch","link":"https:\/\/www.achimbrueckner.de\/dxradio\/php\/wordpress\/?cat=1"},"img":{"alt_text":"","src":"","width":0,"height":0},"classes":[]}],"_links":{"self":[{"href":"https:\/\/www.achimbrueckner.de\/dxradio\/php\/wordpress\/index.php?rest_route=\/wp\/v2\/posts\/41874","targetHints":{"allow":["GET"]}}],"collection":[{"href":"https:\/\/www.achimbrueckner.de\/dxradio\/php\/wordpress\/index.php?rest_route=\/wp\/v2\/posts"}],"about":[{"href":"https:\/\/www.achimbrueckner.de\/dxradio\/php\/wordpress\/index.php?rest_route=\/wp\/v2\/types\/post"}],"author":[{"embeddable":true,"href":"https:\/\/www.achimbrueckner.de\/dxradio\/php\/wordpress\/index.php?rest_route=\/wp\/v2\/users\/1"}],"replies":[{"embeddable":true,"href":"https:\/\/www.achimbrueckner.de\/dxradio\/php\/wordpress\/index.php?rest_route=%2Fwp%2Fv2%2Fcomments&post=41874"}],"version-history":[{"count":0,"href":"https:\/\/www.achimbrueckner.de\/dxradio\/php\/wordpress\/index.php?rest_route=\/wp\/v2\/posts\/41874\/revisions"}],"wp:attachment":[{"href":"https:\/\/www.achimbrueckner.de\/dxradio\/php\/wordpress\/index.php?rest_route=%2Fwp%2Fv2%2Fmedia&parent=41874"}],"wp:term":[{"taxonomy":"category","embeddable":true,"href":"https:\/\/www.achimbrueckner.de\/dxradio\/php\/wordpress\/index.php?rest_route=%2Fwp%2Fv2%2Fcategories&post=41874"},{"taxonomy":"post_tag","embeddable":true,"href":"https:\/\/www.achimbrueckner.de\/dxradio\/php\/wordpress\/index.php?rest_route=%2Fwp%2Fv2%2Ftags&post=41874"}],"curies":[{"name":"wp","href":"https:\/\/api.w.org\/{rel}","templated":true}]}}