{"id":41901,"date":"2024-11-02T16:38:26","date_gmt":"2024-11-02T16:38:26","guid":{"rendered":"https:\/\/www.achimbrueckner.de\/dxradio\/php\/wordpress\/?p=41901"},"modified":"2024-11-02T16:38:26","modified_gmt":"2024-11-02T16:38:26","slug":"radio-tirana-im-westen-sendeschluss-fur-stalin","status":"publish","type":"post","link":"https:\/\/www.achimbrueckner.de\/dxradio\/php\/wordpress\/?p=41901","title":{"rendered":"Radio Tirana im Westen Sendeschluss f\u00fcr Stalin"},"content":{"rendered":"<p><a href=\"https:\/\/taz.de\/Radio-Tirana-im-Westen\/!6044756\/\" rel=\"noopener\" target=\"_blank\">https:\/\/taz.de\/Radio-Tirana-im-Westen\/!6044756\/<\/a><\/p>\n","protected":false},"excerpt":{"rendered":"<p>https:\/\/taz.de\/Radio-Tirana-im-Westen\/!6044756\/<\/p>\n","protected":false},"author":1,"featured_media":0,"comment_status":"closed","ping_status":"open","sticky":false,"template":"","format":"standard","meta":{"_jetpack_memberships_contains_paid_content":false,"footnotes":"","jetpack_publicize_message":"","jetpack_publicize_feature_enabled":true,"jetpack_social_post_already_shared":true,"jetpack_social_options":{"image_generator_settings":{"template":"highway","default_image_id":0,"font":"","enabled":false},"version":2}},"categories":[1],"tags":[],"class_list":["post-41901","post","type-post","status-publish","format-standard","hentry","category-deutsch"],"jetpack_publicize_connections":[],"jetpack_featured_media_url":"","jetpack_sharing_enabled":true,"jetpack_shortlink":"https:\/\/wp.me\/p5CDmr-aTP","jetpack-related-posts":[{"id":25597,"url":"https:\/\/www.achimbrueckner.de\/dxradio\/php\/wordpress\/?p=25597","url_meta":{"origin":41901,"position":0},"title":"Mauerfall musikalisch: Das lief vor 30 Jahren im Radio \u2013 im Westen und Osten","author":"Administrator","date":"November 1, 2019","format":false,"excerpt":"https:\/\/www.maz-online.de\/Brandenburg\/Mauerfall-musikalisch-Das-lief-vor-30-Jahren-im-Radio-im-Westen-und-Osten","rel":"","context":"In &quot;Deutsch&quot;","block_context":{"text":"Deutsch","link":"https:\/\/www.achimbrueckner.de\/dxradio\/php\/wordpress\/?cat=1"},"img":{"alt_text":"","src":"","width":0,"height":0},"classes":[]},{"id":34518,"url":"https:\/\/www.achimbrueckner.de\/dxradio\/php\/wordpress\/?p=34518","url_meta":{"origin":41901,"position":1},"title":"Abschied Astrit Ibros von Radio Tirana (26. Januar 2022)","author":"Administrator","date":"January 28, 2022","format":false,"excerpt":"Abschied Astrit Ibros von Radio Tirana (26. Januar 2022): Liebe H\u00f6rerinnen und liebe H\u00f6rer des deutschen Programms von Radio Tirana, liebe Leserinnen und Leser der Webseite von Radio Tirana, Es ist f\u00fcr mich gar nicht leicht, diese Abschiedszeilen an EUCH zu schreiben.Nach 42 Jahren einer ununterbrochenen Arbeit in Radio Tirana,\u2026","rel":"","context":"In &quot;Deutsch&quot;","block_context":{"text":"Deutsch","link":"https:\/\/www.achimbrueckner.de\/dxradio\/php\/wordpress\/?cat=1"},"img":{"alt_text":"","src":"","width":0,"height":0},"classes":[]},{"id":40520,"url":"https:\/\/www.achimbrueckner.de\/dxradio\/php\/wordpress\/?p=40520","url_meta":{"origin":41901,"position":2},"title":"\u00bbDer Deutschlandsender: SED-Radio f\u00fcr den Westen?\u00ab","author":"Administrator","date":"November 18, 2023","format":false,"excerpt":"https:\/\/www.dra.de\/de\/aktuelles\/artikel\/dra-kollegin-bei-wdr-zeitzeichen-der-deutschlandsender-sed-radio-fuer-den-westen","rel":"","context":"In &quot;Deutsch&quot;","block_context":{"text":"Deutsch","link":"https:\/\/www.achimbrueckner.de\/dxradio\/php\/wordpress\/?cat=1"},"img":{"alt_text":"","src":"","width":0,"height":0},"classes":[]},{"id":41266,"url":"https:\/\/www.achimbrueckner.de\/dxradio\/php\/wordpress\/?p=41266","url_meta":{"origin":41901,"position":3},"title":"Meister-Moderation im Radio: Reiner Calmund weckt den Westen auf WDR 2","author":"Administrator","date":"May 16, 2024","format":false,"excerpt":"https:\/\/www.radioszene.de\/186805\/reiner-calmund-wdr2.html","rel":"","context":"In &quot;Deutsch&quot;","block_context":{"text":"Deutsch","link":"https:\/\/www.achimbrueckner.de\/dxradio\/php\/wordpress\/?cat=1"},"img":{"alt_text":"","src":"","width":0,"height":0},"classes":[]},{"id":676,"url":"https:\/\/www.achimbrueckner.de\/dxradio\/php\/wordpress\/?p=676","url_meta":{"origin":41901,"position":4},"title":"Radio Tirana H\u00f6rerklubs","author":"Administrator","date":"November 5, 2009","format":false,"excerpt":"F\u00fcr die Freunde von Radio Tirana Der neue Mitglieder-Rundbrief ist verf\u00fcgbar, - Nr. 40 (November 2009) Das Faltblatt mit aktualisiertem Sendeplan ist ebenfalls verf\u00fcgbar. Alles - und noch viel mehr - auf der Web Site des Radio Tirana H\u00f6rerklubs http:\/\/www.agdx.de\/rthk\/ Info via A-DX","rel":"","context":"In &quot;links&quot;","block_context":{"text":"links","link":"https:\/\/www.achimbrueckner.de\/dxradio\/php\/wordpress\/?cat=7"},"img":{"alt_text":"","src":"","width":0,"height":0},"classes":[]},{"id":2038,"url":"https:\/\/www.achimbrueckner.de\/dxradio\/php\/wordpress\/?p=2038","url_meta":{"origin":41901,"position":5},"title":"Radio Tirana H\u00f6rerklub","author":"Administrator","date":"December 12, 2011","format":false,"excerpt":"Hallo! Der Radio Tirana H\u00f6rerklub mit Neuigkeiten: Der RTHK Mitgliederrundbrief Nr. 46 (Dezember 2011) und ein neues Faltblatt sind erschienen. Beides steht \u00fcber die Web Site des Radio Tirana H\u00f6rer Klubs zum Herunterladen bereit. http:\/\/www.agdx.de\/rthk\/ Info via A-DX","rel":"","context":"In &quot;Deutsch&quot;","block_context":{"text":"Deutsch","link":"https:\/\/www.achimbrueckner.de\/dxradio\/php\/wordpress\/?cat=1"},"img":{"alt_text":"","src":"","width":0,"height":0},"classes":[]}],"_links":{"self":[{"href":"https:\/\/www.achimbrueckner.de\/dxradio\/php\/wordpress\/index.php?rest_route=\/wp\/v2\/posts\/41901","targetHints":{"allow":["GET"]}}],"collection":[{"href":"https:\/\/www.achimbrueckner.de\/dxradio\/php\/wordpress\/index.php?rest_route=\/wp\/v2\/posts"}],"about":[{"href":"https:\/\/www.achimbrueckner.de\/dxradio\/php\/wordpress\/index.php?rest_route=\/wp\/v2\/types\/post"}],"author":[{"embeddable":true,"href":"https:\/\/www.achimbrueckner.de\/dxradio\/php\/wordpress\/index.php?rest_route=\/wp\/v2\/users\/1"}],"replies":[{"embeddable":true,"href":"https:\/\/www.achimbrueckner.de\/dxradio\/php\/wordpress\/index.php?rest_route=%2Fwp%2Fv2%2Fcomments&post=41901"}],"version-history":[{"count":0,"href":"https:\/\/www.achimbrueckner.de\/dxradio\/php\/wordpress\/index.php?rest_route=\/wp\/v2\/posts\/41901\/revisions"}],"wp:attachment":[{"href":"https:\/\/www.achimbrueckner.de\/dxradio\/php\/wordpress\/index.php?rest_route=%2Fwp%2Fv2%2Fmedia&parent=41901"}],"wp:term":[{"taxonomy":"category","embeddable":true,"href":"https:\/\/www.achimbrueckner.de\/dxradio\/php\/wordpress\/index.php?rest_route=%2Fwp%2Fv2%2Fcategories&post=41901"},{"taxonomy":"post_tag","embeddable":true,"href":"https:\/\/www.achimbrueckner.de\/dxradio\/php\/wordpress\/index.php?rest_route=%2Fwp%2Fv2%2Ftags&post=41901"}],"curies":[{"name":"wp","href":"https:\/\/api.w.org\/{rel}","templated":true}]}}