{"id":41908,"date":"2024-11-03T09:59:00","date_gmt":"2024-11-03T09:59:00","guid":{"rendered":"https:\/\/www.achimbrueckner.de\/dxradio\/php\/wordpress\/?p=41908"},"modified":"2024-11-03T09:59:00","modified_gmt":"2024-11-03T09:59:00","slug":"bauhaus-fm-ukw-lizenz-fur-uni-radio-bis-2028-verlangert","status":"publish","type":"post","link":"https:\/\/www.achimbrueckner.de\/dxradio\/php\/wordpress\/?p=41908","title":{"rendered":"bauhaus.fm: UKW-Lizenz f\u00fcr Uni-Radio bis 2028 verl\u00e4ngert"},"content":{"rendered":"<p><a href=\"https:\/\/www.radioszene.de\/192297\/bauhaus-uni-radio.html\" rel=\"noopener\" target=\"_blank\">https:\/\/www.radioszene.de\/192297\/bauhaus-uni-radio.html<\/a><\/p>\n","protected":false},"excerpt":{"rendered":"<p>https:\/\/www.radioszene.de\/192297\/bauhaus-uni-radio.html<\/p>\n","protected":false},"author":1,"featured_media":0,"comment_status":"closed","ping_status":"open","sticky":false,"template":"","format":"standard","meta":{"_jetpack_memberships_contains_paid_content":false,"footnotes":"","jetpack_publicize_message":"","jetpack_publicize_feature_enabled":true,"jetpack_social_post_already_shared":true,"jetpack_social_options":{"image_generator_settings":{"template":"highway","default_image_id":0,"font":"","enabled":false},"version":2}},"categories":[1],"tags":[],"class_list":["post-41908","post","type-post","status-publish","format-standard","hentry","category-deutsch"],"jetpack_publicize_connections":[],"jetpack_featured_media_url":"","jetpack_sharing_enabled":true,"jetpack_shortlink":"https:\/\/wp.me\/p5CDmr-aTW","jetpack-related-posts":[{"id":42538,"url":"https:\/\/www.achimbrueckner.de\/dxradio\/php\/wordpress\/?p=42538","url_meta":{"origin":41908,"position":0},"title":"Freies Radio Stuttgart: UKW-Lizenz bis Ende 2032 verl\u00e4ngert","author":"Administrator","date":"April 7, 2025","format":false,"excerpt":"https:\/\/www.radioblog.eu\/2025\/04\/07\/freies-radio-stuttgart-ukw-lizenz-bis-ende-2032-verlaengert\/","rel":"","context":"In &quot;Deutsch&quot;","block_context":{"text":"Deutsch","link":"https:\/\/www.achimbrueckner.de\/dxradio\/php\/wordpress\/?cat=1"},"img":{"alt_text":"","src":"","width":0,"height":0},"classes":[]},{"id":44216,"url":"https:\/\/www.achimbrueckner.de\/dxradio\/php\/wordpress\/?p=44216","url_meta":{"origin":41908,"position":1},"title":"RADIO ROLAND: Sendelizenz f\u00fcr UKW 96.1 MHz bis 2036 verl\u00e4ngert","author":"Administrator","date":"November 5, 2025","format":false,"excerpt":"https:\/\/www.radioszene.de\/207627\/radio-roland-sendelizenz.html","rel":"","context":"In &quot;Deutsch&quot;","block_context":{"text":"Deutsch","link":"https:\/\/www.achimbrueckner.de\/dxradio\/php\/wordpress\/?cat=1"},"img":{"alt_text":"","src":"","width":0,"height":0},"classes":[]},{"id":44319,"url":"https:\/\/www.achimbrueckner.de\/dxradio\/php\/wordpress\/?p=44319","url_meta":{"origin":41908,"position":2},"title":"Sendelizenz f\u00fcr planet radio um zehn Jahre verl\u00e4ngert","author":"Administrator","date":"November 18, 2025","format":false,"excerpt":"https:\/\/www.radioszene.de\/207969\/sendelizenz-planet-radio.html","rel":"","context":"In &quot;Deutsch&quot;","block_context":{"text":"Deutsch","link":"https:\/\/www.achimbrueckner.de\/dxradio\/php\/wordpress\/?cat=1"},"img":{"alt_text":"","src":"","width":0,"height":0},"classes":[]},{"id":26286,"url":"https:\/\/www.achimbrueckner.de\/dxradio\/php\/wordpress\/?p=26286","url_meta":{"origin":41908,"position":3},"title":"Schwarzer Tag f\u00fcr die Medienfreiheit in Ungarn","author":"Administrator","date":"December 21, 2019","format":false,"excerpt":"Heute ist ein weiterer schwarzer Tag f\u00fcr die Medienfreiheit in Ungarn. Das selbstverwaltete, nichtkommerzielle CIVIL R\u00c1DI\u00d3 - FM 98 muss heute Nacht zum Sonntag um 2 Uhr nach 25 Jahren seine UKW-Frequenz 98,0 MHz in Budapest aufgeben und im Internet weitersenden. Die Medienbeh\u00f6rde hatte die UKW-Lizenz nicht verl\u00e4ngert. Damit wird\u2026","rel":"","context":"In &quot;Deutsch&quot;","block_context":{"text":"Deutsch","link":"https:\/\/www.achimbrueckner.de\/dxradio\/php\/wordpress\/?cat=1"},"img":{"alt_text":"","src":"","width":0,"height":0},"classes":[]},{"id":30249,"url":"https:\/\/www.achimbrueckner.de\/dxradio\/php\/wordpress\/?p=30249","url_meta":{"origin":41908,"position":4},"title":"ENERGY Hamburg-Lizenz wird um 10 Jahre verl\u00e4ngert \u2013 \u201cRadio Moin\u201d darf senden","author":"Administrator","date":"September 29, 2020","format":false,"excerpt":"https:\/\/www.radioszene.de\/147955\/energy-hamburg-radio-moin.html","rel":"","context":"In &quot;Deutsch&quot;","block_context":{"text":"Deutsch","link":"https:\/\/www.achimbrueckner.de\/dxradio\/php\/wordpress\/?cat=1"},"img":{"alt_text":"","src":"","width":0,"height":0},"classes":[]},{"id":45123,"url":"https:\/\/www.achimbrueckner.de\/dxradio\/php\/wordpress\/?p=45123","url_meta":{"origin":41908,"position":5},"title":"Metropol FM: UKW-Lizenz vorzeitig verl\u00e4ngert","author":"Administrator","date":"February 26, 2026","format":false,"excerpt":"https:\/\/www.radioblog.eu\/2026\/02\/26\/metropol-fm-ukw-lizenz-vorzeitig-verlaengert\/","rel":"","context":"In &quot;Deutsch&quot;","block_context":{"text":"Deutsch","link":"https:\/\/www.achimbrueckner.de\/dxradio\/php\/wordpress\/?cat=1"},"img":{"alt_text":"","src":"","width":0,"height":0},"classes":[]}],"_links":{"self":[{"href":"https:\/\/www.achimbrueckner.de\/dxradio\/php\/wordpress\/index.php?rest_route=\/wp\/v2\/posts\/41908","targetHints":{"allow":["GET"]}}],"collection":[{"href":"https:\/\/www.achimbrueckner.de\/dxradio\/php\/wordpress\/index.php?rest_route=\/wp\/v2\/posts"}],"about":[{"href":"https:\/\/www.achimbrueckner.de\/dxradio\/php\/wordpress\/index.php?rest_route=\/wp\/v2\/types\/post"}],"author":[{"embeddable":true,"href":"https:\/\/www.achimbrueckner.de\/dxradio\/php\/wordpress\/index.php?rest_route=\/wp\/v2\/users\/1"}],"replies":[{"embeddable":true,"href":"https:\/\/www.achimbrueckner.de\/dxradio\/php\/wordpress\/index.php?rest_route=%2Fwp%2Fv2%2Fcomments&post=41908"}],"version-history":[{"count":0,"href":"https:\/\/www.achimbrueckner.de\/dxradio\/php\/wordpress\/index.php?rest_route=\/wp\/v2\/posts\/41908\/revisions"}],"wp:attachment":[{"href":"https:\/\/www.achimbrueckner.de\/dxradio\/php\/wordpress\/index.php?rest_route=%2Fwp%2Fv2%2Fmedia&parent=41908"}],"wp:term":[{"taxonomy":"category","embeddable":true,"href":"https:\/\/www.achimbrueckner.de\/dxradio\/php\/wordpress\/index.php?rest_route=%2Fwp%2Fv2%2Fcategories&post=41908"},{"taxonomy":"post_tag","embeddable":true,"href":"https:\/\/www.achimbrueckner.de\/dxradio\/php\/wordpress\/index.php?rest_route=%2Fwp%2Fv2%2Ftags&post=41908"}],"curies":[{"name":"wp","href":"https:\/\/api.w.org\/{rel}","templated":true}]}}