{"id":41909,"date":"2024-11-03T09:59:35","date_gmt":"2024-11-03T09:59:35","guid":{"rendered":"https:\/\/www.achimbrueckner.de\/dxradio\/php\/wordpress\/?p=41909"},"modified":"2024-11-03T09:59:35","modified_gmt":"2024-11-03T09:59:35","slug":"berlin-verdoppelt-forderungen-fur-nicht-kommerzielle-radios","status":"publish","type":"post","link":"https:\/\/www.achimbrueckner.de\/dxradio\/php\/wordpress\/?p=41909","title":{"rendered":"Berlin verdoppelt F\u00f6rderungen f\u00fcr nicht-kommerzielle Radios"},"content":{"rendered":"<p><a href=\"https:\/\/www.radioszene.de\/192288\/berlin-verdoppelt-foerderungen-fuer-nicht-kommerzielle-radios.html\" rel=\"noopener\" target=\"_blank\">https:\/\/www.radioszene.de\/192288\/berlin-verdoppelt-foerderungen-fuer-nicht-kommerzielle-radios.html<\/a><\/p>\n","protected":false},"excerpt":{"rendered":"<p>https:\/\/www.radioszene.de\/192288\/berlin-verdoppelt-foerderungen-fuer-nicht-kommerzielle-radios.html<\/p>\n","protected":false},"author":1,"featured_media":0,"comment_status":"closed","ping_status":"open","sticky":false,"template":"","format":"standard","meta":{"_jetpack_memberships_contains_paid_content":false,"footnotes":"","jetpack_publicize_message":"","jetpack_publicize_feature_enabled":true,"jetpack_social_post_already_shared":true,"jetpack_social_options":{"image_generator_settings":{"template":"highway","default_image_id":0,"font":"","enabled":false},"version":2}},"categories":[1],"tags":[],"class_list":["post-41909","post","type-post","status-publish","format-standard","hentry","category-deutsch"],"jetpack_publicize_connections":[],"jetpack_featured_media_url":"","jetpack_sharing_enabled":true,"jetpack_shortlink":"https:\/\/wp.me\/p5CDmr-aTX","jetpack-related-posts":[{"id":36691,"url":"https:\/\/www.achimbrueckner.de\/dxradio\/php\/wordpress\/?p=36691","url_meta":{"origin":41909,"position":0},"title":"\u00d6sterreich: F\u00f6rdermittel f\u00fcr freie Radios und nicht kommerzielle TV-Sender werden auf 5 Mio. \u20ac aufgestockt","author":"Administrator","date":"June 24, 2022","format":false,"excerpt":"https:\/\/www.radiowoche.de\/oesterreich-foerdermittel-fuer-freie-radios-und-nicht-kommerzielle-tv-sender-werden-auf-5-mio-e-aufgestockt\/","rel":"","context":"In &quot;Deutsch&quot;","block_context":{"text":"Deutsch","link":"https:\/\/www.achimbrueckner.de\/dxradio\/php\/wordpress\/?cat=1"},"img":{"alt_text":"","src":"","width":0,"height":0},"classes":[]},{"id":34562,"url":"https:\/\/www.achimbrueckner.de\/dxradio\/php\/wordpress\/?p=34562","url_meta":{"origin":41909,"position":1},"title":"Streit um DAB+ in Niedersachsen: Private sollen nicht-kommerzielle Lokalsender mitfinanzieren","author":"Administrator","date":"February 3, 2022","format":false,"excerpt":"https:\/\/www.satellifax.de\/mlesen.php?id=286f23001ce30706851a4dce116b4e42","rel":"","context":"In &quot;Deutsch&quot;","block_context":{"text":"Deutsch","link":"https:\/\/www.achimbrueckner.de\/dxradio\/php\/wordpress\/?cat=1"},"img":{"alt_text":"","src":"","width":0,"height":0},"classes":[]},{"id":30269,"url":"https:\/\/www.achimbrueckner.de\/dxradio\/php\/wordpress\/?p=30269","url_meta":{"origin":41909,"position":2},"title":"Frei f\u00fcr nicht-kommerzielle Nutzung ARD stellt Teile der &#8220;Tagesschau&#8221; unter Creative Commons","author":"Administrator","date":"October 1, 2020","format":false,"excerpt":"https:\/\/www.dwdl.de\/nachrichten\/79637\/ard_stellt_teile_der_tagesschau_unter_creative_commons\/","rel":"","context":"In &quot;Deutsch&quot;","block_context":{"text":"Deutsch","link":"https:\/\/www.achimbrueckner.de\/dxradio\/php\/wordpress\/?cat=1"},"img":{"alt_text":"","src":"","width":0,"height":0},"classes":[]},{"id":15360,"url":"https:\/\/www.achimbrueckner.de\/dxradio\/php\/wordpress\/?p=15360","url_meta":{"origin":41909,"position":3},"title":"SRG-Pr\u00e4sident: \u00abKommerzielle Angebote w\u00fcrden f\u00fcr die Schweiz nicht gen\u00fcgen\u00bb","author":"Administrator","date":"November 7, 2017","format":false,"excerpt":"http:\/\/www.luzernerzeitung.ch\/nachrichten\/wirtschaft\/wir-muessen-den-overhead-anschauen;art178477,1132690","rel":"","context":"In &quot;Deutsch&quot;","block_context":{"text":"Deutsch","link":"https:\/\/www.achimbrueckner.de\/dxradio\/php\/wordpress\/?cat=1"},"img":{"alt_text":"","src":"","width":0,"height":0},"classes":[]},{"id":42405,"url":"https:\/\/www.achimbrueckner.de\/dxradio\/php\/wordpress\/?p=42405","url_meta":{"origin":41909,"position":4},"title":"Kommerzielle 5G Broadcast Dienste ab 2027?","author":"Administrator","date":"March 20, 2025","format":false,"excerpt":"https:\/\/www.radioblog.eu\/2025\/03\/20\/kommerzielle-5g-broadcast-dienste-ab-2027\/","rel":"","context":"In &quot;Deutsch&quot;","block_context":{"text":"Deutsch","link":"https:\/\/www.achimbrueckner.de\/dxradio\/php\/wordpress\/?cat=1"},"img":{"alt_text":"","src":"","width":0,"height":0},"classes":[]},{"id":27616,"url":"https:\/\/www.achimbrueckner.de\/dxradio\/php\/wordpress\/?p=27616","url_meta":{"origin":41909,"position":5},"title":"Internet : &#8220;Wenn halb Berlin Videoanrufe f\u00fchrt, verdoppelt sich der Traffic&#8221;","author":"Administrator","date":"March 17, 2020","format":false,"excerpt":"https:\/\/www.zeit.de\/digital\/internet\/2020-03\/internet-coronavirus-pandemie-datenverkehr-traffic","rel":"","context":"In &quot;Deutsch&quot;","block_context":{"text":"Deutsch","link":"https:\/\/www.achimbrueckner.de\/dxradio\/php\/wordpress\/?cat=1"},"img":{"alt_text":"","src":"","width":0,"height":0},"classes":[]}],"_links":{"self":[{"href":"https:\/\/www.achimbrueckner.de\/dxradio\/php\/wordpress\/index.php?rest_route=\/wp\/v2\/posts\/41909","targetHints":{"allow":["GET"]}}],"collection":[{"href":"https:\/\/www.achimbrueckner.de\/dxradio\/php\/wordpress\/index.php?rest_route=\/wp\/v2\/posts"}],"about":[{"href":"https:\/\/www.achimbrueckner.de\/dxradio\/php\/wordpress\/index.php?rest_route=\/wp\/v2\/types\/post"}],"author":[{"embeddable":true,"href":"https:\/\/www.achimbrueckner.de\/dxradio\/php\/wordpress\/index.php?rest_route=\/wp\/v2\/users\/1"}],"replies":[{"embeddable":true,"href":"https:\/\/www.achimbrueckner.de\/dxradio\/php\/wordpress\/index.php?rest_route=%2Fwp%2Fv2%2Fcomments&post=41909"}],"version-history":[{"count":0,"href":"https:\/\/www.achimbrueckner.de\/dxradio\/php\/wordpress\/index.php?rest_route=\/wp\/v2\/posts\/41909\/revisions"}],"wp:attachment":[{"href":"https:\/\/www.achimbrueckner.de\/dxradio\/php\/wordpress\/index.php?rest_route=%2Fwp%2Fv2%2Fmedia&parent=41909"}],"wp:term":[{"taxonomy":"category","embeddable":true,"href":"https:\/\/www.achimbrueckner.de\/dxradio\/php\/wordpress\/index.php?rest_route=%2Fwp%2Fv2%2Fcategories&post=41909"},{"taxonomy":"post_tag","embeddable":true,"href":"https:\/\/www.achimbrueckner.de\/dxradio\/php\/wordpress\/index.php?rest_route=%2Fwp%2Fv2%2Ftags&post=41909"}],"curies":[{"name":"wp","href":"https:\/\/api.w.org\/{rel}","templated":true}]}}