{"id":41976,"date":"2024-11-24T09:51:24","date_gmt":"2024-11-24T09:51:24","guid":{"rendered":"https:\/\/www.achimbrueckner.de\/dxradio\/php\/wordpress\/?p=41976"},"modified":"2024-11-24T09:51:24","modified_gmt":"2024-11-24T09:51:24","slug":"offiziell-allgau-wird-erste-bayerische-region-ohne-lokalradio-auf-ukw","status":"publish","type":"post","link":"https:\/\/www.achimbrueckner.de\/dxradio\/php\/wordpress\/?p=41976","title":{"rendered":"Offiziell: Allg\u00e4u wird erste bayerische Region ohne Lokalradio auf UKW"},"content":{"rendered":"<p><a href=\"https:\/\/www.radioblog.eu\/2024\/11\/22\/offiziell-allgaeu-wird-erste-bayerische-region-ohne-lokalradio-auf-ukw\/\" target=\"_blank\">https:\/\/www.radioblog.eu\/2024\/11\/22\/offiziell-allgaeu-wird-erste-bayerische-region-ohne-lokalradio-auf-ukw\/<\/a><\/p>\n","protected":false},"excerpt":{"rendered":"<p>https:\/\/www.radioblog.eu\/2024\/11\/22\/offiziell-allgaeu-wird-erste-bayerische-region-ohne-lokalradio-auf-ukw\/<\/p>\n","protected":false},"author":1,"featured_media":0,"comment_status":"closed","ping_status":"open","sticky":false,"template":"","format":"standard","meta":{"_jetpack_memberships_contains_paid_content":false,"footnotes":"","jetpack_publicize_message":"","jetpack_publicize_feature_enabled":true,"jetpack_social_post_already_shared":true,"jetpack_social_options":{"image_generator_settings":{"template":"highway","default_image_id":0,"font":"","enabled":false},"version":2}},"categories":[1],"tags":[],"class_list":["post-41976","post","type-post","status-publish","format-standard","hentry","category-deutsch"],"jetpack_publicize_connections":[],"jetpack_featured_media_url":"","jetpack_sharing_enabled":true,"jetpack_shortlink":"https:\/\/wp.me\/p5CDmr-aV2","jetpack-related-posts":[{"id":15746,"url":"https:\/\/www.achimbrueckner.de\/dxradio\/php\/wordpress\/?p=15746","url_meta":{"origin":41976,"position":0},"title":"25 Jahre Radio Eins: So feiert der &#8220;bayerische Meister im Lokalradio&#8221;","author":"Administrator","date":"December 2, 2017","format":false,"excerpt":"http:\/\/www.infranken.de\/regional\/coburg\/25-jahre-radio-eins-so-feiert-der-bayerische-meister-im-lokalradio;art214,3049980","rel":"","context":"In &quot;Deutsch&quot;","block_context":{"text":"Deutsch","link":"https:\/\/www.achimbrueckner.de\/dxradio\/php\/wordpress\/?cat=1"},"img":{"alt_text":"","src":"","width":0,"height":0},"classes":[]},{"id":43682,"url":"https:\/\/www.achimbrueckner.de\/dxradio\/php\/wordpress\/?p=43682","url_meta":{"origin":41976,"position":1},"title":"Nach 15 Jahren: dein fm wird eingestellt \u2013 Sp\u00e4tschicht zieht ins Lokalradio ein.","author":"Administrator","date":"August 29, 2025","format":false,"excerpt":"Nach 15 Jahren: dein fm wird eingestellt \u2013 Sp\u00e4tschicht zieht ins Lokalradio ein. Nach rund 15 Jahren wird der Radiosender dein fm eingestellt. Eine \u00dcberf\u00fchrung des Senders ins Digitalradio (DAB+) ist derzeit nicht geplant. Damit endet eine \u00c4ra f\u00fcr viele treue H\u00f6rerinnen und H\u00f6rer, die den lokalen Radiosender \u00fcber die\u2026","rel":"","context":"In &quot;Deutsch&quot;","block_context":{"text":"Deutsch","link":"https:\/\/www.achimbrueckner.de\/dxradio\/php\/wordpress\/?cat=1"},"img":{"alt_text":"","src":"","width":0,"height":0},"classes":[]},{"id":30677,"url":"https:\/\/www.achimbrueckner.de\/dxradio\/php\/wordpress\/?p=30677","url_meta":{"origin":41976,"position":2},"title":"Frankfurt (Oder) bekommt neues Lokalradio auf UKW: ODERWELLE darf starten","author":"Administrator","date":"November 3, 2020","format":false,"excerpt":"https:\/\/www.radiowoche.de\/frankfurt-oder-bekommt-neues-lokalradio-auf-ukw-oderwelle-darf-starten\/","rel":"","context":"In &quot;Deutsch&quot;","block_context":{"text":"Deutsch","link":"https:\/\/www.achimbrueckner.de\/dxradio\/php\/wordpress\/?cat=1"},"img":{"alt_text":"","src":"","width":0,"height":0},"classes":[]},{"id":21465,"url":"https:\/\/www.achimbrueckner.de\/dxradio\/php\/wordpress\/?p=21465","url_meta":{"origin":41976,"position":3},"title":"Auffangkonzept f\u00fcr Sylter Lokalradio steht: Antenne Sylt startet morgen auf UKW","author":"Administrator","date":"February 11, 2019","format":false,"excerpt":"http:\/\/www.radiowoche.de\/auffangkonzept-fuer-sylter-lokalradio-steht-antenne-sylt-startet-morgen-auf-ukw\/","rel":"","context":"In &quot;Deutsch&quot;","block_context":{"text":"Deutsch","link":"https:\/\/www.achimbrueckner.de\/dxradio\/php\/wordpress\/?cat=1"},"img":{"alt_text":"","src":"","width":0,"height":0},"classes":[]},{"id":41475,"url":"https:\/\/www.achimbrueckner.de\/dxradio\/php\/wordpress\/?p=41475","url_meta":{"origin":41976,"position":4},"title":"Ver\u00e4nderte Audio-Nutzung: Lokalradio im Allg\u00e4u gibt auf","author":"Administrator","date":"July 13, 2024","format":false,"excerpt":"https:\/\/www.teltarif.de\/radio-ukw-dab-lokalradio\/news\/95983.html","rel":"","context":"In &quot;Deutsch&quot;","block_context":{"text":"Deutsch","link":"https:\/\/www.achimbrueckner.de\/dxradio\/php\/wordpress\/?cat=1"},"img":{"alt_text":"","src":"","width":0,"height":0},"classes":[]},{"id":10489,"url":"https:\/\/www.achimbrueckner.de\/dxradio\/php\/wordpress\/?p=10489","url_meta":{"origin":41976,"position":5},"title":"UKW-Nachrichten aus Tschechien","author":"Administrator","date":"September 25, 2016","format":false,"excerpt":"http:\/\/www.radiowoche.de\/lokalradio-in-maehren-auf-ukw-gestartet\/","rel":"","context":"In &quot;Deutsch&quot;","block_context":{"text":"Deutsch","link":"https:\/\/www.achimbrueckner.de\/dxradio\/php\/wordpress\/?cat=1"},"img":{"alt_text":"","src":"","width":0,"height":0},"classes":[]}],"_links":{"self":[{"href":"https:\/\/www.achimbrueckner.de\/dxradio\/php\/wordpress\/index.php?rest_route=\/wp\/v2\/posts\/41976","targetHints":{"allow":["GET"]}}],"collection":[{"href":"https:\/\/www.achimbrueckner.de\/dxradio\/php\/wordpress\/index.php?rest_route=\/wp\/v2\/posts"}],"about":[{"href":"https:\/\/www.achimbrueckner.de\/dxradio\/php\/wordpress\/index.php?rest_route=\/wp\/v2\/types\/post"}],"author":[{"embeddable":true,"href":"https:\/\/www.achimbrueckner.de\/dxradio\/php\/wordpress\/index.php?rest_route=\/wp\/v2\/users\/1"}],"replies":[{"embeddable":true,"href":"https:\/\/www.achimbrueckner.de\/dxradio\/php\/wordpress\/index.php?rest_route=%2Fwp%2Fv2%2Fcomments&post=41976"}],"version-history":[{"count":0,"href":"https:\/\/www.achimbrueckner.de\/dxradio\/php\/wordpress\/index.php?rest_route=\/wp\/v2\/posts\/41976\/revisions"}],"wp:attachment":[{"href":"https:\/\/www.achimbrueckner.de\/dxradio\/php\/wordpress\/index.php?rest_route=%2Fwp%2Fv2%2Fmedia&parent=41976"}],"wp:term":[{"taxonomy":"category","embeddable":true,"href":"https:\/\/www.achimbrueckner.de\/dxradio\/php\/wordpress\/index.php?rest_route=%2Fwp%2Fv2%2Fcategories&post=41976"},{"taxonomy":"post_tag","embeddable":true,"href":"https:\/\/www.achimbrueckner.de\/dxradio\/php\/wordpress\/index.php?rest_route=%2Fwp%2Fv2%2Ftags&post=41976"}],"curies":[{"name":"wp","href":"https:\/\/api.w.org\/{rel}","templated":true}]}}