{"id":41980,"date":"2024-11-25T16:57:03","date_gmt":"2024-11-25T16:57:03","guid":{"rendered":"https:\/\/www.achimbrueckner.de\/dxradio\/php\/wordpress\/?p=41980"},"modified":"2024-11-25T16:57:03","modified_gmt":"2024-11-25T16:57:03","slug":"feindsender-mit-schlagern-gegen-hitler","status":"publish","type":"post","link":"https:\/\/www.achimbrueckner.de\/dxradio\/php\/wordpress\/?p=41980","title":{"rendered":"\u201eFeindsender\u201c  Mit Schlagern gegen Hitler"},"content":{"rendered":"<p><a href=\"https:\/\/topos.orf.at\/100-jahre-radio-alliierte100\" target=\"_blank\">https:\/\/topos.orf.at\/100-jahre-radio-alliierte100<\/a><\/p>\n","protected":false},"excerpt":{"rendered":"<p>https:\/\/topos.orf.at\/100-jahre-radio-alliierte100<\/p>\n","protected":false},"author":1,"featured_media":0,"comment_status":"closed","ping_status":"open","sticky":false,"template":"","format":"standard","meta":{"_jetpack_memberships_contains_paid_content":false,"footnotes":"","jetpack_publicize_message":"","jetpack_publicize_feature_enabled":true,"jetpack_social_post_already_shared":true,"jetpack_social_options":{"image_generator_settings":{"template":"highway","default_image_id":0,"font":"","enabled":false},"version":2}},"categories":[1],"tags":[],"class_list":["post-41980","post","type-post","status-publish","format-standard","hentry","category-deutsch"],"jetpack_publicize_connections":[],"jetpack_featured_media_url":"","jetpack_sharing_enabled":true,"jetpack_shortlink":"https:\/\/wp.me\/p5CDmr-aV6","jetpack-related-posts":[{"id":42098,"url":"https:\/\/www.achimbrueckner.de\/dxradio\/php\/wordpress\/?p=42098","url_meta":{"origin":41980,"position":0},"title":"Nachkriegszeit  Radio erfindet sich neu","author":"Administrator","date":"January 2, 2025","format":false,"excerpt":"https:\/\/topos.orf.at\/100-jahre-radio-besatzungszeit100","rel":"","context":"In &quot;Deutsch&quot;","block_context":{"text":"Deutsch","link":"https:\/\/www.achimbrueckner.de\/dxradio\/php\/wordpress\/?cat=1"},"img":{"alt_text":"","src":"","width":0,"height":0},"classes":[]},{"id":37276,"url":"https:\/\/www.achimbrueckner.de\/dxradio\/php\/wordpress\/?p=37276","url_meta":{"origin":41980,"position":1},"title":"100 Jahre Radio: LUX Radio begleitet Ausstellung mit Veranstaltungsfunk","author":"Administrator","date":"August 15, 2022","format":false,"excerpt":"https:\/\/www.radioblog.eu\/2022\/08\/15\/100-jahre-radio-lux-radio-begleitet-ausstellung-mit-veranstaltungsfunk\/","rel":"","context":"In &quot;Deutsch&quot;","block_context":{"text":"Deutsch","link":"https:\/\/www.achimbrueckner.de\/dxradio\/php\/wordpress\/?cat=1"},"img":{"alt_text":"","src":"","width":0,"height":0},"classes":[]},{"id":40400,"url":"https:\/\/www.achimbrueckner.de\/dxradio\/php\/wordpress\/?p=40400","url_meta":{"origin":41980,"position":2},"title":"100 Jahre Radio \u2013 ByteFM w\u00fcrdigt das Jubil\u00e4um mit Sondersendungen","author":"Administrator","date":"October 24, 2023","format":false,"excerpt":"https:\/\/www.radiowoche.de\/100-jahre-radio-bytefm-wuerdigt-das-jubilaeum-mit-sondersendungen\/","rel":"","context":"In &quot;Deutsch&quot;","block_context":{"text":"Deutsch","link":"https:\/\/www.achimbrueckner.de\/dxradio\/php\/wordpress\/?cat=1"},"img":{"alt_text":"","src":"","width":0,"height":0},"classes":[]},{"id":19698,"url":"https:\/\/www.achimbrueckner.de\/dxradio\/php\/wordpress\/?p=19698","url_meta":{"origin":41980,"position":3},"title":"Sch\u00e4fer k\u00e4mpft mit Radio gegen W\u00f6lfe","author":"Administrator","date":"October 23, 2018","format":false,"excerpt":"https:\/\/www.mdr.de\/sachsen-anhalt\/dessau\/wittenberg\/schaefer-gegen-woelfe-mit-radio-100.html","rel":"","context":"In &quot;Deutsch&quot;","block_context":{"text":"Deutsch","link":"https:\/\/www.achimbrueckner.de\/dxradio\/php\/wordpress\/?cat=1"},"img":{"alt_text":"","src":"","width":0,"height":0},"classes":[]},{"id":40383,"url":"https:\/\/www.achimbrueckner.de\/dxradio\/php\/wordpress\/?p=40383","url_meta":{"origin":41980,"position":4},"title":"100 Jahre Radio \u2013 ByteFM w\u00fcrdigt das Jubil\u00e4um mit Sondersendungen","author":"Administrator","date":"October 21, 2023","format":false,"excerpt":"https:\/\/www.radioszene.de\/180700\/100-jahre-radio-bytefm.html","rel":"","context":"In &quot;Deutsch&quot;","block_context":{"text":"Deutsch","link":"https:\/\/www.achimbrueckner.de\/dxradio\/php\/wordpress\/?cat=1"},"img":{"alt_text":"","src":"","width":0,"height":0},"classes":[]},{"id":40309,"url":"https:\/\/www.achimbrueckner.de\/dxradio\/php\/wordpress\/?p=40309","url_meta":{"origin":41980,"position":5},"title":"Deutschlandfunk-Sender feiern 100 Jahre Radio: Sonderprogramm mit Highlights und Fundst\u00fccken","author":"Administrator","date":"October 11, 2023","format":false,"excerpt":"https:\/\/www.digitalfernsehen.de\/news\/inhalte\/radio-inhalte\/deutschlandfunk-100-jahre-radio-sonderprogramm-1104265\/","rel":"","context":"In &quot;Deutsch&quot;","block_context":{"text":"Deutsch","link":"https:\/\/www.achimbrueckner.de\/dxradio\/php\/wordpress\/?cat=1"},"img":{"alt_text":"","src":"","width":0,"height":0},"classes":[]}],"_links":{"self":[{"href":"https:\/\/www.achimbrueckner.de\/dxradio\/php\/wordpress\/index.php?rest_route=\/wp\/v2\/posts\/41980","targetHints":{"allow":["GET"]}}],"collection":[{"href":"https:\/\/www.achimbrueckner.de\/dxradio\/php\/wordpress\/index.php?rest_route=\/wp\/v2\/posts"}],"about":[{"href":"https:\/\/www.achimbrueckner.de\/dxradio\/php\/wordpress\/index.php?rest_route=\/wp\/v2\/types\/post"}],"author":[{"embeddable":true,"href":"https:\/\/www.achimbrueckner.de\/dxradio\/php\/wordpress\/index.php?rest_route=\/wp\/v2\/users\/1"}],"replies":[{"embeddable":true,"href":"https:\/\/www.achimbrueckner.de\/dxradio\/php\/wordpress\/index.php?rest_route=%2Fwp%2Fv2%2Fcomments&post=41980"}],"version-history":[{"count":0,"href":"https:\/\/www.achimbrueckner.de\/dxradio\/php\/wordpress\/index.php?rest_route=\/wp\/v2\/posts\/41980\/revisions"}],"wp:attachment":[{"href":"https:\/\/www.achimbrueckner.de\/dxradio\/php\/wordpress\/index.php?rest_route=%2Fwp%2Fv2%2Fmedia&parent=41980"}],"wp:term":[{"taxonomy":"category","embeddable":true,"href":"https:\/\/www.achimbrueckner.de\/dxradio\/php\/wordpress\/index.php?rest_route=%2Fwp%2Fv2%2Fcategories&post=41980"},{"taxonomy":"post_tag","embeddable":true,"href":"https:\/\/www.achimbrueckner.de\/dxradio\/php\/wordpress\/index.php?rest_route=%2Fwp%2Fv2%2Ftags&post=41980"}],"curies":[{"name":"wp","href":"https:\/\/api.w.org\/{rel}","templated":true}]}}