{"id":42000,"date":"2024-11-29T15:14:22","date_gmt":"2024-11-29T15:14:22","guid":{"rendered":"https:\/\/www.achimbrueckner.de\/dxradio\/php\/wordpress\/?p=42000"},"modified":"2024-11-29T15:14:22","modified_gmt":"2024-11-29T15:14:22","slug":"einladung-zum-1-horertreffen-der-satzentrale","status":"publish","type":"post","link":"https:\/\/www.achimbrueckner.de\/dxradio\/php\/wordpress\/?p=42000","title":{"rendered":"**Einladung zum 1. H\u00f6rertreffen der SATzentrale**"},"content":{"rendered":"<p>**Einladung zum 1. H\u00f6rertreffen der SATzentrale**<br \/>\nLiebe H\u00f6rerinnen und H\u00f6rer,<br \/>\nwir freuen uns, Euch zu unserem ersten H\u00f6rertreffen der SATzentrale einzuladen! Markiert Euch den 22. M\u00e4rz 2025 rot im Kalender, denn an diesem Tag treffen wir uns in Coswig OT S\u00f6rnewitz \u2013 ein pers\u00f6nliches Treffen, das es in sich hat!<br \/>\nIn lockerer Atmosph\u00e4re m\u00f6chten wir mit Euch plaudern, Ideen austauschen und die Menschen hinter den Mikrofonen kennenlernen. Dieses Treffen bietet eine gro\u00dfartige Gelegenheit, direkt mit unseren Moderatoren in Kontakt zu treten. Seid gespannt auf spannende Gespr\u00e4che, interessante Einblicke und sicherlich auch den einen oder anderen Anekdote aus dem Senderalltag.<br \/>\nAber das ist noch nicht alles! Neben dem Austausch und dem Kennenlernen wird es auch einige aktuelle Technikvorstellungen geben. Wer Interesse an den neuesten Entwicklungen hat oder einfach neugierig ist, wie die Technik bei uns funktioniert, ist herzlich eingeladen, sich inspirieren zu lassen.<br \/>\nUnd was w\u00e4re ein solches Treffen ohne das leibliche Wohl? Nat\u00fcrlich haben wir auch kulinarisch etwas f\u00fcr Euch im Angebot. Freut Euch auf leckere Snacks und erfrischende Getr\u00e4nke, die f\u00fcr eine entspannte Atmosph\u00e4re sorgen werden. In der Tenne von F\u00f6rsters Stammlokal ( www.foersters-stammlokal.de ) erwartet Euch nicht nur eine gem\u00fctliche Umgebung, sondern auch zahlreiche Gaumenfreuden.<br \/>\nUm an diesem besonderen Ereignis teilzunehmen, erheben wir einen Unkostenbeitrag von ca. 50,- Euro pro Person. Dieser Beitrag hilft uns, die Kosten f\u00fcr die Verpflegung und die Raummiete zu decken, damit wir Euch ein rundum gelungenes Event bieten k\u00f6nnen.<br \/>\nWenn Ihr Interesse habt, dann meldet Euch bitte per E-Mail bis sp\u00e4testens 15.02.2025 unter radio(at)satzentrale.de an. Bitte denkt daran, Euch rechtzeitig anzumelden, da die Pl\u00e4tze begrenzt sind. Wir m\u00f6chten sicherstellen, dass jeder genug Platz hat, um sich wohlzuf\u00fchlen und aktiv am Geschehen teilzuhaben.<br \/>\nWir freuen uns auf einen unvergesslichen Nachmittag\/Abend mit Euch und darauf, viele von Euch pers\u00f6nlich kennenzulernen! Lasst uns zusammenkommen, um die SATzentrale zu feiern und einen Blick in die Zukunft unseres Programms zu werfen.<br \/>\nBis bald in S\u00f6rnewitz!<br \/>\nEuer Team der SATzentrale<\/p>\n","protected":false},"excerpt":{"rendered":"<p>**Einladung zum 1. H\u00f6rertreffen der SATzentrale** Liebe H\u00f6rerinnen und H\u00f6rer, wir freuen uns, Euch zu unserem ersten H\u00f6rertreffen der SATzentrale einzuladen! Markiert Euch den 22. M\u00e4rz 2025 rot im Kalender, denn an diesem Tag treffen wir uns in Coswig OT S\u00f6rnewitz \u2013 ein pers\u00f6nliches Treffen, das es in sich hat! In lockerer Atmosph\u00e4re m\u00f6chten wir &hellip; <a href=\"https:\/\/www.achimbrueckner.de\/dxradio\/php\/wordpress\/?p=42000\" class=\"more-link\">Continue reading <span class=\"screen-reader-text\">**Einladung zum 1. H\u00f6rertreffen der SATzentrale**<\/span><\/a><\/p>\n","protected":false},"author":1,"featured_media":0,"comment_status":"closed","ping_status":"open","sticky":false,"template":"","format":"standard","meta":{"_jetpack_memberships_contains_paid_content":false,"footnotes":"","jetpack_publicize_message":"","jetpack_publicize_feature_enabled":true,"jetpack_social_post_already_shared":true,"jetpack_social_options":{"image_generator_settings":{"template":"highway","default_image_id":0,"font":"","enabled":false},"version":2}},"categories":[1],"tags":[],"class_list":["post-42000","post","type-post","status-publish","format-standard","hentry","category-deutsch"],"jetpack_publicize_connections":[],"jetpack_featured_media_url":"","jetpack_sharing_enabled":true,"jetpack_shortlink":"https:\/\/wp.me\/p5CDmr-aVq","jetpack-related-posts":[{"id":4424,"url":"https:\/\/www.achimbrueckner.de\/dxradio\/php\/wordpress\/?p=4424","url_meta":{"origin":42000,"position":0},"title":"SAT- und DX\u00e9r Magazins der SATzentrale 21.04.2015","author":"Administrator","date":"April 20, 2015","format":false,"excerpt":"Hallo liebe Radio und DX\u00e9r Freunde, am 21.04.2015 ist es wieder soweit. An diesem Tag l\u00e4uft um 21:00 Uhr MEZ eine neue Ausgabe des SAT- und DX\u00e9r Magazins der SATzentrale. In der mittlerweile 13. Ausgabe gibt es wieder interessante Themen: Im Mai und Juni finden wieder zahlreiche DX\u00e9r Treffen statt.\u2026","rel":"","context":"In &quot;Deutsch&quot;","block_context":{"text":"Deutsch","link":"https:\/\/www.achimbrueckner.de\/dxradio\/php\/wordpress\/?cat=1"},"img":{"alt_text":"","src":"","width":0,"height":0},"classes":[]},{"id":486,"url":"https:\/\/www.achimbrueckner.de\/dxradio\/php\/wordpress\/?p=486","url_meta":{"origin":42000,"position":1},"title":"H\u00f6rertreffen IFA Berlin","author":"Administrator","date":"August 8, 2009","format":false,"excerpt":"Einladung zum H\u00f6rertreffen w\u00e4hrend der Internationalen Funkausstellung 2009 \"Wie es schon seit vielen Jahren Tradition ist, wird es auch in diesem Jahr zur Internationalen Funkausstellung, f\u00fcr alle die am Radio-Hobby interessiert sind, in Berlin ein Treffen geben. Wir laden alle Hobbyfreunde am 05. September 2009 nach Berlin zu einem Austausch\u2026","rel":"","context":"In &quot;camps&quot;","block_context":{"text":"camps","link":"https:\/\/www.achimbrueckner.de\/dxradio\/php\/wordpress\/?cat=5"},"img":{"alt_text":"","src":"","width":0,"height":0},"classes":[]},{"id":487,"url":"https:\/\/www.achimbrueckner.de\/dxradio\/php\/wordpress\/?p=487","url_meta":{"origin":42000,"position":2},"title":"KBS H\u00f6rertreffen IFA Berlin","author":"Administrator","date":"August 8, 2009","format":false,"excerpt":"KBS-H\u00f6rertreffen \"Liebe H\u00f6rerfreundin, Lieber H\u00f6rerfreund, Am 28.August 2009 ist es wieder soweit, die Internationale Funkausstellung \u00f6ffnet in Berlin ihre Pforten und aus diesem Anlass findet zum 5.Mal das KBS-H\u00f6rertreffen statt. Sehr gerne lade ich Euch zu diesem Treffen ein. Wie auch in den vergangenen Jahren stellt uns die Kulturabteilung der\u2026","rel":"","context":"In &quot;camps&quot;","block_context":{"text":"camps","link":"https:\/\/www.achimbrueckner.de\/dxradio\/php\/wordpress\/?cat=5"},"img":{"alt_text":"","src":"","width":0,"height":0},"classes":[]},{"id":4211,"url":"https:\/\/www.achimbrueckner.de\/dxradio\/php\/wordpress\/?p=4211","url_meta":{"origin":42000,"position":3},"title":"34. \u00fcberregionales DX-Treffen des Ottenauer Kurzwellenh\u00f6rerklubs Murgtal mit RTI H\u00f6rertreffen am 9. Mai 2015.","author":"Administrator","date":"March 14, 2015","format":false,"excerpt":"Kurzwellenh\u00f6rerklub Murgtal, Bernd Seiser, Hauptstr. 205-207, D-76571 Gaggenau-Ottenau, Deutschland Telefon 0(049) 7225-981213 34. \u00fcberregionales DX-Treffen des Ottenauer Kurzwellenh\u00f6rerklubs Murgtal mit RTI H\u00f6rertreffen am 9. Mai 2015. Am Samstag, 9. Mai 2015 findet ab 1300 Uhr Mitteleurop\u00e4ischer Sommerzeit im Gasthaus Adler in der Hauptstr. 255 in D-76571 Gaggenau-Ottenau das 34. \u00fcberregionale\u2026","rel":"","context":"In &quot;camps&quot;","block_context":{"text":"camps","link":"https:\/\/www.achimbrueckner.de\/dxradio\/php\/wordpress\/?cat=5"},"img":{"alt_text":"","src":"","width":0,"height":0},"classes":[]},{"id":1256,"url":"https:\/\/www.achimbrueckner.de\/dxradio\/php\/wordpress\/?p=1256","url_meta":{"origin":42000,"position":4},"title":"Treffen Stimme Russlands","author":"Administrator","date":"November 30, 2010","format":false,"excerpt":"Wir bleiben unseren Tradition der Advent-Treffen treu. Auch in diesem Jahr veranstaltet der deutschsprachige Sendedienst der \u00e2\u20ac\u017eStimme Russlands\u00e2\u20ac\u0153 am 4. Dezember in Berlin und am 5. Dezember in M\u00fcnchen zwei H\u00f6rertreffen. Wir sprechen \u00fcber die Entwicklung unseres Senders im digitalen Zeitalter, beantworten Ihre beliebigen Fragen zur Innen- undAu\u00dfenpolitik Russlands. Angefragt\u2026","rel":"","context":"In &quot;camps&quot;","block_context":{"text":"camps","link":"https:\/\/www.achimbrueckner.de\/dxradio\/php\/wordpress\/?cat=5"},"img":{"alt_text":"","src":"","width":0,"height":0},"classes":[]},{"id":679,"url":"https:\/\/www.achimbrueckner.de\/dxradio\/php\/wordpress\/?p=679","url_meta":{"origin":42000,"position":5},"title":"Stimme Russlands  &#8211;   H\u00d6RERTREFFEN IN BERLIN","author":"Administrator","date":"November 7, 2009","format":false,"excerpt":"Stimme Russlands - H\u00d6RERTREFFEN IN BERLIN AM 28. NOVEMBER 2009 Der deutschsprachige Sendedienst der \u00e2\u20ac\u017eStimme Russlands\u00e2\u20ac\u0153 will den 80. Gr\u00fcndungstag des Senders zusammen mit Ihnen feiern. Aus diesem Anlass veranstalten wir am Sonnabend dem 28. November 2009 in Berlin das traditionelle H\u00f6rertreffen. Wir werden nicht nur \u00fcber die Geschichte reden,\u2026","rel":"","context":"In &quot;camps&quot;","block_context":{"text":"camps","link":"https:\/\/www.achimbrueckner.de\/dxradio\/php\/wordpress\/?cat=5"},"img":{"alt_text":"","src":"","width":0,"height":0},"classes":[]}],"_links":{"self":[{"href":"https:\/\/www.achimbrueckner.de\/dxradio\/php\/wordpress\/index.php?rest_route=\/wp\/v2\/posts\/42000","targetHints":{"allow":["GET"]}}],"collection":[{"href":"https:\/\/www.achimbrueckner.de\/dxradio\/php\/wordpress\/index.php?rest_route=\/wp\/v2\/posts"}],"about":[{"href":"https:\/\/www.achimbrueckner.de\/dxradio\/php\/wordpress\/index.php?rest_route=\/wp\/v2\/types\/post"}],"author":[{"embeddable":true,"href":"https:\/\/www.achimbrueckner.de\/dxradio\/php\/wordpress\/index.php?rest_route=\/wp\/v2\/users\/1"}],"replies":[{"embeddable":true,"href":"https:\/\/www.achimbrueckner.de\/dxradio\/php\/wordpress\/index.php?rest_route=%2Fwp%2Fv2%2Fcomments&post=42000"}],"version-history":[{"count":0,"href":"https:\/\/www.achimbrueckner.de\/dxradio\/php\/wordpress\/index.php?rest_route=\/wp\/v2\/posts\/42000\/revisions"}],"wp:attachment":[{"href":"https:\/\/www.achimbrueckner.de\/dxradio\/php\/wordpress\/index.php?rest_route=%2Fwp%2Fv2%2Fmedia&parent=42000"}],"wp:term":[{"taxonomy":"category","embeddable":true,"href":"https:\/\/www.achimbrueckner.de\/dxradio\/php\/wordpress\/index.php?rest_route=%2Fwp%2Fv2%2Fcategories&post=42000"},{"taxonomy":"post_tag","embeddable":true,"href":"https:\/\/www.achimbrueckner.de\/dxradio\/php\/wordpress\/index.php?rest_route=%2Fwp%2Fv2%2Ftags&post=42000"}],"curies":[{"name":"wp","href":"https:\/\/api.w.org\/{rel}","templated":true}]}}