{"id":42001,"date":"2024-11-29T15:16:18","date_gmt":"2024-11-29T15:16:18","guid":{"rendered":"https:\/\/www.achimbrueckner.de\/dxradio\/php\/wordpress\/?p=42001"},"modified":"2024-11-29T15:16:18","modified_gmt":"2024-11-29T15:16:18","slug":"radio-darc-sendet-ab-januar-aus-grosbritannien","status":"publish","type":"post","link":"https:\/\/www.achimbrueckner.de\/dxradio\/php\/wordpress\/?p=42001","title":{"rendered":"Radio DARC sendet ab Januar aus Gro\u00dfbritannien"},"content":{"rendered":"<p><a href=\"https:\/\/www.radioblog.eu\/2024\/11\/29\/radio-darc-sendet-ab-januar-aus-grossbritannien\/\" target=\"_blank\">https:\/\/www.radioblog.eu\/2024\/11\/29\/radio-darc-sendet-ab-januar-aus-grossbritannien\/<\/a><\/p>\n","protected":false},"excerpt":{"rendered":"<p>https:\/\/www.radioblog.eu\/2024\/11\/29\/radio-darc-sendet-ab-januar-aus-grossbritannien\/<\/p>\n","protected":false},"author":1,"featured_media":0,"comment_status":"closed","ping_status":"open","sticky":false,"template":"","format":"standard","meta":{"_jetpack_memberships_contains_paid_content":false,"footnotes":"","jetpack_publicize_message":"","jetpack_publicize_feature_enabled":true,"jetpack_social_post_already_shared":true,"jetpack_social_options":{"image_generator_settings":{"template":"highway","default_image_id":0,"font":"","enabled":false},"version":2}},"categories":[1],"tags":[],"class_list":["post-42001","post","type-post","status-publish","format-standard","hentry","category-deutsch"],"jetpack_publicize_connections":[],"jetpack_featured_media_url":"","jetpack_sharing_enabled":true,"jetpack_shortlink":"https:\/\/wp.me\/p5CDmr-aVr","jetpack-related-posts":[{"id":41981,"url":"https:\/\/www.achimbrueckner.de\/dxradio\/php\/wordpress\/?p=41981","url_meta":{"origin":42001,"position":0},"title":"RADIO DARC sendet ab 2025 aus England","author":"Administrator","date":"November 26, 2024","format":false,"excerpt":"RADIO DARC sendet ab 2025 aus England Fast 10 Jahre lang hat RADIO DARC f\u00fcr seine Kurzwellen-Ausstrahlungen am Sonntag vormittag den ORS-Sender in Moosbrunn bei Wien genutzt. Am Jahresende soll nun damit Schluss sein, die Anlage wird stillgelegt. Alle Versuche einer Rettung schlugen fehl, der \u00d6sterreichische Rundfunk will das angeblich\u2026","rel":"","context":"In &quot;Deutsch&quot;","block_context":{"text":"Deutsch","link":"https:\/\/www.achimbrueckner.de\/dxradio\/php\/wordpress\/?cat=1"},"img":{"alt_text":"","src":"","width":0,"height":0},"classes":[]},{"id":20403,"url":"https:\/\/www.achimbrueckner.de\/dxradio\/php\/wordpress\/?p=20403","url_meta":{"origin":42001,"position":1},"title":"RADIO DARC sendet seine 200. Sendung","author":"Administrator","date":"December 14, 2018","format":false,"excerpt":"Radiostimme des DARC e.V. RADIO DARC sendet seine 200. Sendung \"Die Sendung am kommenden Sonntag den 16.12.18 ist unser Jubil\u00e4um, es ist genau das 200. Programm\" so Chefredakteur Rainer Englert DF2NU. Gestartet am 22. M\u00e4rz 2015 hat sich der Deutsche Amateur Radio Club e.V. mit einen regelm\u00e4\u00dfigen Kurzwellen- und Funktechnik-Magazinen\u2026","rel":"","context":"In &quot;Deutsch&quot;","block_context":{"text":"Deutsch","link":"https:\/\/www.achimbrueckner.de\/dxradio\/php\/wordpress\/?cat=1"},"img":{"alt_text":"","src":"","width":0,"height":0},"classes":[]},{"id":10973,"url":"https:\/\/www.achimbrueckner.de\/dxradio\/php\/wordpress\/?p=10973","url_meta":{"origin":42001,"position":2},"title":"Radio Munot sendet ab morgen aus neuem Studio","author":"Administrator","date":"November 8, 2016","format":false,"excerpt":"http:\/\/www.schaffhausen.net\/2016\/11\/radio-munot-sendet-ab-morgen-aus-neuem.html?m=1","rel":"","context":"In &quot;Deutsch&quot;","block_context":{"text":"Deutsch","link":"https:\/\/www.achimbrueckner.de\/dxradio\/php\/wordpress\/?cat=1"},"img":{"alt_text":"","src":"","width":0,"height":0},"classes":[]},{"id":42489,"url":"https:\/\/www.achimbrueckner.de\/dxradio\/php\/wordpress\/?p=42489","url_meta":{"origin":42001,"position":3},"title":"Gro\u00dfbritannien: Aus Virgin Radio Anthems wurde Virgin Radio Legends","author":"Administrator","date":"April 1, 2025","format":false,"excerpt":"https:\/\/www.radioblog.eu\/2025\/04\/01\/grossbritannien-aus-virgin-radio-anthems-wurde-virgin-radio-legends\/","rel":"","context":"In &quot;Deutsch&quot;","block_context":{"text":"Deutsch","link":"https:\/\/www.achimbrueckner.de\/dxradio\/php\/wordpress\/?cat=1"},"img":{"alt_text":"","src":"","width":0,"height":0},"classes":[]},{"id":43876,"url":"https:\/\/www.achimbrueckner.de\/dxradio\/php\/wordpress\/?p=43876","url_meta":{"origin":42001,"position":4},"title":"Gro\u00dfbritannien: Aus Virgin Radio 80s Plus wurde Virgin Radio 80s","author":"Administrator","date":"September 24, 2025","format":false,"excerpt":"https:\/\/www.radioblog.eu\/2025\/09\/24\/grossbritannien-aus-virgin-radio-80s-plus-wurde-virgin-radio-80s\/","rel":"","context":"In &quot;Deutsch&quot;","block_context":{"text":"Deutsch","link":"https:\/\/www.achimbrueckner.de\/dxradio\/php\/wordpress\/?cat=1"},"img":{"alt_text":"","src":"","width":0,"height":0},"classes":[]},{"id":7683,"url":"https:\/\/www.achimbrueckner.de\/dxradio\/php\/wordpress\/?p=7683","url_meta":{"origin":42001,"position":5},"title":"Radio Antenne MV sendet ab 1. M\u00e4rz aus der Hansestadt","author":"Administrator","date":"February 25, 2016","format":false,"excerpt":"http:\/\/www.ostsee-zeitung.de\/Region-Rostock\/Rostock\/Kultur\/Radio-Antenne-MV-sendet-ab-1.-Maerz-aus-der-Hansestadt","rel":"","context":"In &quot;Deutsch&quot;","block_context":{"text":"Deutsch","link":"https:\/\/www.achimbrueckner.de\/dxradio\/php\/wordpress\/?cat=1"},"img":{"alt_text":"","src":"","width":0,"height":0},"classes":[]}],"_links":{"self":[{"href":"https:\/\/www.achimbrueckner.de\/dxradio\/php\/wordpress\/index.php?rest_route=\/wp\/v2\/posts\/42001","targetHints":{"allow":["GET"]}}],"collection":[{"href":"https:\/\/www.achimbrueckner.de\/dxradio\/php\/wordpress\/index.php?rest_route=\/wp\/v2\/posts"}],"about":[{"href":"https:\/\/www.achimbrueckner.de\/dxradio\/php\/wordpress\/index.php?rest_route=\/wp\/v2\/types\/post"}],"author":[{"embeddable":true,"href":"https:\/\/www.achimbrueckner.de\/dxradio\/php\/wordpress\/index.php?rest_route=\/wp\/v2\/users\/1"}],"replies":[{"embeddable":true,"href":"https:\/\/www.achimbrueckner.de\/dxradio\/php\/wordpress\/index.php?rest_route=%2Fwp%2Fv2%2Fcomments&post=42001"}],"version-history":[{"count":0,"href":"https:\/\/www.achimbrueckner.de\/dxradio\/php\/wordpress\/index.php?rest_route=\/wp\/v2\/posts\/42001\/revisions"}],"wp:attachment":[{"href":"https:\/\/www.achimbrueckner.de\/dxradio\/php\/wordpress\/index.php?rest_route=%2Fwp%2Fv2%2Fmedia&parent=42001"}],"wp:term":[{"taxonomy":"category","embeddable":true,"href":"https:\/\/www.achimbrueckner.de\/dxradio\/php\/wordpress\/index.php?rest_route=%2Fwp%2Fv2%2Fcategories&post=42001"},{"taxonomy":"post_tag","embeddable":true,"href":"https:\/\/www.achimbrueckner.de\/dxradio\/php\/wordpress\/index.php?rest_route=%2Fwp%2Fv2%2Ftags&post=42001"}],"curies":[{"name":"wp","href":"https:\/\/api.w.org\/{rel}","templated":true}]}}