{"id":42018,"date":"2024-12-04T15:55:57","date_gmt":"2024-12-04T15:55:57","guid":{"rendered":"https:\/\/www.achimbrueckner.de\/dxradio\/php\/wordpress\/?p=42018"},"modified":"2024-12-04T15:55:57","modified_gmt":"2024-12-04T15:55:57","slug":"abschiedssendung-des-kurzwellensenders-moosbrunn-31-12-2024","status":"publish","type":"post","link":"https:\/\/www.achimbrueckner.de\/dxradio\/php\/wordpress\/?p=42018","title":{"rendered":"Abschiedssendung des Kurzwellensenders Moosbrunn 31.12.2024"},"content":{"rendered":"<p>Mit gro\u00dfer Freude darf ich euch hier in unserer A-DX Gruppe berichten, dass es eine Abschiedssendung des Kurzwellensenders Moosbrunn bei Wien geben wird:<\/p>\n<p>Als Abschiedssendung am 31.12.2024, 9 &#8211; 12 Uhr UTC, ist auf 6055 kHz mit 100 kW Sendeleistung ist folgendes Programm geplant:<\/p>\n<p>\u2022 Kurzwellen-Panorama von Herbert Richard Leutgeb und Charlotte Trnka anl\u00e4sslich 50 Jahre Radio in \u00d6sterreich<br \/>\n\u2022 Wiederholung vom 6.10.24 \u2013 Wolf Harranth Interview anl\u00e4sslich 100 Jahre Radio in \u00d6sterreich<br \/>\n\u2022 Radiokolleg \u201eHallo Welt, hier Radio \u00d6sterreich International!\u201c<\/p>\n<p>Es ist eine sch\u00f6ne Geste der Stationsmitarbeiter, dass diese an ihrem letzten Arbeitstag dieses Programm erm\u00f6glicht haben. Besonders freue ich mich, dass Wolf Harranth nochmals auf den kurzen Wellen aus Moosbrunn zu h\u00f6ren ist. Ein w\u00fcrdiger Abschied.<\/p>\n<p>Info via A-DX Facebook<\/p>\n","protected":false},"excerpt":{"rendered":"<p>Mit gro\u00dfer Freude darf ich euch hier in unserer A-DX Gruppe berichten, dass es eine Abschiedssendung des Kurzwellensenders Moosbrunn bei Wien geben wird: Als Abschiedssendung am 31.12.2024, 9 &#8211; 12 Uhr UTC, ist auf 6055 kHz mit 100 kW Sendeleistung ist folgendes Programm geplant: \u2022 Kurzwellen-Panorama von Herbert Richard Leutgeb und Charlotte Trnka anl\u00e4sslich 50 &hellip; <a href=\"https:\/\/www.achimbrueckner.de\/dxradio\/php\/wordpress\/?p=42018\" class=\"more-link\">Continue reading <span class=\"screen-reader-text\">Abschiedssendung des Kurzwellensenders Moosbrunn 31.12.2024<\/span><\/a><\/p>\n","protected":false},"author":1,"featured_media":0,"comment_status":"closed","ping_status":"open","sticky":false,"template":"","format":"standard","meta":{"_jetpack_memberships_contains_paid_content":false,"footnotes":"","jetpack_publicize_message":"","jetpack_publicize_feature_enabled":true,"jetpack_social_post_already_shared":true,"jetpack_social_options":{"image_generator_settings":{"template":"highway","default_image_id":0,"font":"","enabled":false},"version":2}},"categories":[1],"tags":[],"class_list":["post-42018","post","type-post","status-publish","format-standard","hentry","category-deutsch"],"jetpack_publicize_connections":[],"jetpack_featured_media_url":"","jetpack_sharing_enabled":true,"jetpack_shortlink":"https:\/\/wp.me\/p5CDmr-aVI","jetpack-related-posts":[{"id":41742,"url":"https:\/\/www.achimbrueckner.de\/dxradio\/php\/wordpress\/?p=41742","url_meta":{"origin":42018,"position":0},"title":"Sondersendung 100 Jahre Radio in \u00d6sterreich 6 Oktober 2024","author":"Administrator","date":"September 28, 2024","format":false,"excerpt":"Anl\u00e4sslich 100 Jahre Radio in \u00d6sterreich sendet der Kurzwellensender Moosbrunn eines der letzten Interviews mit Professor Wolf Harranth, der im Sommer 2021 verstarb. Wolf Harranth, eine Legende in der Welt des Rundfunks, wird Ihnen in dieser Sondersendung einzigartige Einblicke in die Entstehungsgeschichte der RAVAG (Radio Verkehrs AG) und deren Bedeutung\u2026","rel":"","context":"In &quot;Deutsch&quot;","block_context":{"text":"Deutsch","link":"https:\/\/www.achimbrueckner.de\/dxradio\/php\/wordpress\/?cat=1"},"img":{"alt_text":"","src":"","width":0,"height":0},"classes":[]},{"id":12354,"url":"https:\/\/www.achimbrueckner.de\/dxradio\/php\/wordpress\/?p=12354","url_meta":{"origin":42018,"position":1},"title":"100. Sendung Radio DARC","author":"Administrator","date":"March 2, 2017","format":false,"excerpt":"Liebe YLs und OMs, am kommenden Sonntag,den 05. M\u00e4rz 2017 ist es soweit, die 100. Sendung von RADIO DARC geht \u00fcber die Antennen. Urspr\u00fcnglich als eine Serie von Sondersendungen anl\u00e4sslich des 65. Gr\u00fcndungsjubil\u00e4ums des Deutschen Amateur Radio Clubs e,V, gedacht, haben sich unsere w\u00f6chentlichen DX-Magazine zu einer festen Gr\u00f6\u00dfe entwickelt.\u2026","rel":"","context":"In &quot;Deutsch&quot;","block_context":{"text":"Deutsch","link":"https:\/\/www.achimbrueckner.de\/dxradio\/php\/wordpress\/?cat=1"},"img":{"alt_text":"","src":"","width":0,"height":0},"classes":[]},{"id":41981,"url":"https:\/\/www.achimbrueckner.de\/dxradio\/php\/wordpress\/?p=41981","url_meta":{"origin":42018,"position":2},"title":"RADIO DARC sendet ab 2025 aus England","author":"Administrator","date":"November 26, 2024","format":false,"excerpt":"RADIO DARC sendet ab 2025 aus England Fast 10 Jahre lang hat RADIO DARC f\u00fcr seine Kurzwellen-Ausstrahlungen am Sonntag vormittag den ORS-Sender in Moosbrunn bei Wien genutzt. Am Jahresende soll nun damit Schluss sein, die Anlage wird stillgelegt. Alle Versuche einer Rettung schlugen fehl, der \u00d6sterreichische Rundfunk will das angeblich\u2026","rel":"","context":"In &quot;Deutsch&quot;","block_context":{"text":"Deutsch","link":"https:\/\/www.achimbrueckner.de\/dxradio\/php\/wordpress\/?cat=1"},"img":{"alt_text":"","src":"","width":0,"height":0},"classes":[]},{"id":929,"url":"https:\/\/www.achimbrueckner.de\/dxradio\/php\/wordpress\/?p=929","url_meta":{"origin":42018,"position":3},"title":"Menschen im Gespr\u00e4ch &#8211; Wolf Harranth","author":"Administrator","date":"March 2, 2010","format":false,"excerpt":"in der o.g. Sendereihe beim ORF-Radio-Wien war am 13.2.2010: Zu Gast ist der Rundfunkhistoriker Wolf Harranth. Er arbeitet f\u00fcr das Dokumentationsarchiv Funk, das die \u00f6sterreichische Rundfunkgeschichte aufarbeitet und dokumentiert. Bernd Matschedolnig spricht mit ihm \u00fcber die Faszination des Radios, die Entwicklung des Rundfunks in \u00d6sterreich und \u00fcber ein stadtpr\u00e4gendes St\u00fcck\u2026","rel":"","context":"In &quot;Deutsch&quot;","block_context":{"text":"Deutsch","link":"https:\/\/www.achimbrueckner.de\/dxradio\/php\/wordpress\/?cat=1"},"img":{"alt_text":"","src":"","width":0,"height":0},"classes":[]},{"id":1146,"url":"https:\/\/www.achimbrueckner.de\/dxradio\/php\/wordpress\/?p=1146","url_meta":{"origin":42018,"position":4},"title":"Sondersendung AMRS Moosbrunn","author":"Administrator","date":"September 16, 2010","format":false,"excerpt":"Das \u00f6sterreichische Bundesheer stellt seit seiner Neuaufstellung Kontingente zu Friedensmissionen ab. Die nichtmilit\u00e4rische Verbindung zwischen der Truppe und der Heimat wird im Amateurfunk durch den \"Heimatfunk\" hergestellt. Dem \u00d6VSV geh\u00f6rt neben dem neun Landesverb\u00e4nden (der neun \u00f6sterr. Bundesl\u00e4nder) die AMRS an, die Austrian Military Radio Society, in der die lizenzierten\u2026","rel":"","context":"In &quot;Deutsch&quot;","block_context":{"text":"Deutsch","link":"https:\/\/www.achimbrueckner.de\/dxradio\/php\/wordpress\/?cat=1"},"img":{"alt_text":"","src":"","width":0,"height":0},"classes":[]},{"id":33366,"url":"https:\/\/www.achimbrueckner.de\/dxradio\/php\/wordpress\/?p=33366","url_meta":{"origin":42018,"position":5},"title":"Feature auf RADIO DARC: Helden, Schurken, Abenteurer \u2013 die Geschichte der Gro\u00dfen DX-Expeditionen","author":"Administrator","date":"August 17, 2021","format":false,"excerpt":"Feature auf RADIO DARC: Helden, Schurken, Abenteurer \u2013 die Geschichte der Gro\u00dfen DX-Expeditionen Das ist der Titel eines kurzweiligen und spannenden Radio-Features, das der k\u00fcrzlich verstorbene Journalist Wolf Harranth, OE1WHC, aus Wien f\u00fcr RADIO DARC hinterlassen hat. Die Aussendung erfolgt am Sonntag, den 22. August ab 11 Uhr MESZ auf\u2026","rel":"","context":"In &quot;Deutsch&quot;","block_context":{"text":"Deutsch","link":"https:\/\/www.achimbrueckner.de\/dxradio\/php\/wordpress\/?cat=1"},"img":{"alt_text":"","src":"","width":0,"height":0},"classes":[]}],"_links":{"self":[{"href":"https:\/\/www.achimbrueckner.de\/dxradio\/php\/wordpress\/index.php?rest_route=\/wp\/v2\/posts\/42018","targetHints":{"allow":["GET"]}}],"collection":[{"href":"https:\/\/www.achimbrueckner.de\/dxradio\/php\/wordpress\/index.php?rest_route=\/wp\/v2\/posts"}],"about":[{"href":"https:\/\/www.achimbrueckner.de\/dxradio\/php\/wordpress\/index.php?rest_route=\/wp\/v2\/types\/post"}],"author":[{"embeddable":true,"href":"https:\/\/www.achimbrueckner.de\/dxradio\/php\/wordpress\/index.php?rest_route=\/wp\/v2\/users\/1"}],"replies":[{"embeddable":true,"href":"https:\/\/www.achimbrueckner.de\/dxradio\/php\/wordpress\/index.php?rest_route=%2Fwp%2Fv2%2Fcomments&post=42018"}],"version-history":[{"count":0,"href":"https:\/\/www.achimbrueckner.de\/dxradio\/php\/wordpress\/index.php?rest_route=\/wp\/v2\/posts\/42018\/revisions"}],"wp:attachment":[{"href":"https:\/\/www.achimbrueckner.de\/dxradio\/php\/wordpress\/index.php?rest_route=%2Fwp%2Fv2%2Fmedia&parent=42018"}],"wp:term":[{"taxonomy":"category","embeddable":true,"href":"https:\/\/www.achimbrueckner.de\/dxradio\/php\/wordpress\/index.php?rest_route=%2Fwp%2Fv2%2Fcategories&post=42018"},{"taxonomy":"post_tag","embeddable":true,"href":"https:\/\/www.achimbrueckner.de\/dxradio\/php\/wordpress\/index.php?rest_route=%2Fwp%2Fv2%2Ftags&post=42018"}],"curies":[{"name":"wp","href":"https:\/\/api.w.org\/{rel}","templated":true}]}}