{"id":4204,"date":"2015-03-13T22:16:27","date_gmt":"2015-03-13T22:16:27","guid":{"rendered":"https:\/\/www.achimbrueckner.de\/dxradio\/php\/wordpress\/?p=4204"},"modified":"2015-03-13T22:16:27","modified_gmt":"2015-03-13T22:16:27","slug":"valerie-weber-ich-wurde-mich-beim-wdr-nie-an-quote-messen-lassen","status":"publish","type":"post","link":"https:\/\/www.achimbrueckner.de\/dxradio\/php\/wordpress\/?p=4204","title":{"rendered":"Valerie Weber: \u201cIch w\u00fcrde mich beim WDR nie an Quote messen lassen.\u201d"},"content":{"rendered":"<p><a href=\"http:\/\/www.radioszene.de\/77907\/valerie-weber-ich-wuerde-mich-beim-wdr-nie-quote-messen-lassen.html\" target=\"_blank\">http:\/\/www.radioszene.de\/77907\/valerie-weber-ich-wuerde-mich-beim-wdr-nie-quote-messen-lassen.html<\/a><\/p>\n","protected":false},"excerpt":{"rendered":"<p>http:\/\/www.radioszene.de\/77907\/valerie-weber-ich-wuerde-mich-beim-wdr-nie-quote-messen-lassen.html<\/p>\n","protected":false},"author":1,"featured_media":0,"comment_status":"open","ping_status":"open","sticky":false,"template":"","format":"standard","meta":{"_jetpack_memberships_contains_paid_content":false,"footnotes":"","jetpack_publicize_message":"","jetpack_publicize_feature_enabled":true,"jetpack_social_post_already_shared":true,"jetpack_social_options":{"image_generator_settings":{"template":"highway","default_image_id":0,"font":"","enabled":false},"version":2}},"categories":[1,16],"tags":[41],"class_list":["post-4204","post","type-post","status-publish","format-standard","hentry","category-deutsch","category-radioszene","tag-radioszene"],"jetpack_publicize_connections":[],"jetpack_featured_media_url":"","jetpack_sharing_enabled":true,"jetpack_shortlink":"https:\/\/wp.me\/p5CDmr-15O","jetpack-related-posts":[{"id":5084,"url":"https:\/\/www.achimbrueckner.de\/dxradio\/php\/wordpress\/?p=5084","url_meta":{"origin":4204,"position":0},"title":"Interview mit WDR Leaks: \u201eIm WDR haben viele Schiss vor Valerie Weber\u201c","author":"Administrator","date":"July 2, 2015","format":false,"excerpt":"http:\/\/www.radiowatcher.de\/2015\/07\/02\/interview-mit-wdr-leaks-im-wdr-haben-viele-schiss-vor-valerie-weber\/4620\/","rel":"","context":"In &quot;Deutsch&quot;","block_context":{"text":"Deutsch","link":"https:\/\/www.achimbrueckner.de\/dxradio\/php\/wordpress\/?cat=1"},"img":{"alt_text":"","src":"","width":0,"height":0},"classes":[]},{"id":4130,"url":"https:\/\/www.achimbrueckner.de\/dxradio\/php\/wordpress\/?p=4130","url_meta":{"origin":4204,"position":1},"title":"Interview mit WDR-H\u00f6rfunkchefin Valerie Weber &#8220;\u00d6ffentlich-rechtlich bedeutet: Qualit\u00e4t vor Quote stellen&#8221;","author":"Administrator","date":"February 22, 2015","format":false,"excerpt":"http:\/\/www.dwdl.de\/interviews\/49805\/oeffentlichrechtlich_bedeutet_qualitaet_vor_quote_stellen\/","rel":"","context":"In &quot;Deutsch&quot;","block_context":{"text":"Deutsch","link":"https:\/\/www.achimbrueckner.de\/dxradio\/php\/wordpress\/?cat=1"},"img":{"alt_text":"","src":"","width":0,"height":0},"classes":[]},{"id":34196,"url":"https:\/\/www.achimbrueckner.de\/dxradio\/php\/wordpress\/?p=34196","url_meta":{"origin":4204,"position":2},"title":"WDR: Andrea Schafarczyk soll Nachfolgerin von Valerie Weber werden","author":"Administrator","date":"December 17, 2021","format":false,"excerpt":"https:\/\/www.radioszene.de\/159700\/andrea-schafarczyk-valerie-weber-wdr.html","rel":"","context":"In &quot;Deutsch&quot;","block_context":{"text":"Deutsch","link":"https:\/\/www.achimbrueckner.de\/dxradio\/php\/wordpress\/?cat=1"},"img":{"alt_text":"","src":"","width":0,"height":0},"classes":[]},{"id":30693,"url":"https:\/\/www.achimbrueckner.de\/dxradio\/php\/wordpress\/?p=30693","url_meta":{"origin":4204,"position":3},"title":"Radiosendungen \u201eStichtag\u201c und \u201eZeitzeichen\u201c: Offener Brief an WDR-Intendant Tom Buhrow und WDR-Programmdirektorin Valerie Weber","author":"Administrator","date":"November 7, 2020","format":false,"excerpt":"https:\/\/www.medienkorrespondenz.de\/dokumentation\/artikel\/radiosendungen-stichtag-und-zeitzeichen-offener-brief-an-wdr-intendant-tomnbspbuhrow-und-wdr.html","rel":"","context":"In &quot;Deutsch&quot;","block_context":{"text":"Deutsch","link":"https:\/\/www.achimbrueckner.de\/dxradio\/php\/wordpress\/?cat=1"},"img":{"alt_text":"","src":"","width":0,"height":0},"classes":[]},{"id":4095,"url":"https:\/\/www.achimbrueckner.de\/dxradio\/php\/wordpress\/?p=4095","url_meta":{"origin":4204,"position":4},"title":"WDR auf halbem Weg zum Dudelfunk","author":"Administrator","date":"February 13, 2015","format":false,"excerpt":"http:\/\/www.ksta.de\/medien\/kritik-an-hoerfunk-chefin-valerie-weber-wdr-auf-halbem-weg-zum-dudelfunk,15189656,29839638.html","rel":"","context":"In &quot;Deutsch&quot;","block_context":{"text":"Deutsch","link":"https:\/\/www.achimbrueckner.de\/dxradio\/php\/wordpress\/?cat=1"},"img":{"alt_text":"","src":"","width":0,"height":0},"classes":[]},{"id":32306,"url":"https:\/\/www.achimbrueckner.de\/dxradio\/php\/wordpress\/?p=32306","url_meta":{"origin":4204,"position":5},"title":"\u201eSchonen Sie die Kultur nicht vor dem Publikum\u201c \/ WDR Programmdirektorin Valerie Weber fordert erweiterten Kulturbegriff","author":"Administrator","date":"March 19, 2021","format":false,"excerpt":"https:\/\/presse.wdr.de\/plounge\/wdr\/unternehmen\/2021\/03\/20210319_valerie_weber_zu_kulturbegriff.html","rel":"","context":"In &quot;Deutsch&quot;","block_context":{"text":"Deutsch","link":"https:\/\/www.achimbrueckner.de\/dxradio\/php\/wordpress\/?cat=1"},"img":{"alt_text":"","src":"","width":0,"height":0},"classes":[]}],"_links":{"self":[{"href":"https:\/\/www.achimbrueckner.de\/dxradio\/php\/wordpress\/index.php?rest_route=\/wp\/v2\/posts\/4204","targetHints":{"allow":["GET"]}}],"collection":[{"href":"https:\/\/www.achimbrueckner.de\/dxradio\/php\/wordpress\/index.php?rest_route=\/wp\/v2\/posts"}],"about":[{"href":"https:\/\/www.achimbrueckner.de\/dxradio\/php\/wordpress\/index.php?rest_route=\/wp\/v2\/types\/post"}],"author":[{"embeddable":true,"href":"https:\/\/www.achimbrueckner.de\/dxradio\/php\/wordpress\/index.php?rest_route=\/wp\/v2\/users\/1"}],"replies":[{"embeddable":true,"href":"https:\/\/www.achimbrueckner.de\/dxradio\/php\/wordpress\/index.php?rest_route=%2Fwp%2Fv2%2Fcomments&post=4204"}],"version-history":[{"count":0,"href":"https:\/\/www.achimbrueckner.de\/dxradio\/php\/wordpress\/index.php?rest_route=\/wp\/v2\/posts\/4204\/revisions"}],"wp:attachment":[{"href":"https:\/\/www.achimbrueckner.de\/dxradio\/php\/wordpress\/index.php?rest_route=%2Fwp%2Fv2%2Fmedia&parent=4204"}],"wp:term":[{"taxonomy":"category","embeddable":true,"href":"https:\/\/www.achimbrueckner.de\/dxradio\/php\/wordpress\/index.php?rest_route=%2Fwp%2Fv2%2Fcategories&post=4204"},{"taxonomy":"post_tag","embeddable":true,"href":"https:\/\/www.achimbrueckner.de\/dxradio\/php\/wordpress\/index.php?rest_route=%2Fwp%2Fv2%2Ftags&post=4204"}],"curies":[{"name":"wp","href":"https:\/\/api.w.org\/{rel}","templated":true}]}}