{"id":42041,"date":"2024-12-11T17:20:28","date_gmt":"2024-12-11T17:20:28","guid":{"rendered":"https:\/\/www.achimbrueckner.de\/dxradio\/php\/wordpress\/?p=42041"},"modified":"2024-12-11T17:20:28","modified_gmt":"2024-12-11T17:20:28","slug":"bigfm-hessen-kunftig-in-ganz-hessen-uber-dab-zu-empfangen","status":"publish","type":"post","link":"https:\/\/www.achimbrueckner.de\/dxradio\/php\/wordpress\/?p=42041","title":{"rendered":"bigFM Hessen k\u00fcnftig in ganz Hessen \u00fcber DAB+ zu empfangen"},"content":{"rendered":"<p><a href=\"https:\/\/www.radioszene.de\/197044\/bigfm-hessen-landesweit.html\" target=\"_blank\">https:\/\/www.radioszene.de\/197044\/bigfm-hessen-landesweit.html<\/a><\/p>\n","protected":false},"excerpt":{"rendered":"<p>https:\/\/www.radioszene.de\/197044\/bigfm-hessen-landesweit.html<\/p>\n","protected":false},"author":1,"featured_media":0,"comment_status":"closed","ping_status":"open","sticky":false,"template":"","format":"standard","meta":{"_jetpack_memberships_contains_paid_content":false,"footnotes":"","jetpack_publicize_message":"","jetpack_publicize_feature_enabled":true,"jetpack_social_post_already_shared":true,"jetpack_social_options":{"image_generator_settings":{"template":"highway","default_image_id":0,"font":"","enabled":false},"version":2}},"categories":[1],"tags":[],"class_list":["post-42041","post","type-post","status-publish","format-standard","hentry","category-deutsch"],"jetpack_publicize_connections":[],"jetpack_featured_media_url":"","jetpack_sharing_enabled":true,"jetpack_shortlink":"https:\/\/wp.me\/p5CDmr-aW5","jetpack-related-posts":[{"id":42055,"url":"https:\/\/www.achimbrueckner.de\/dxradio\/php\/wordpress\/?p=42055","url_meta":{"origin":42041,"position":0},"title":"Kurz notiert: bigFM Hessen, Antenne Wiesbaden, Radio Top Two &#038; mehr","author":"Administrator","date":"December 17, 2024","format":false,"excerpt":"https:\/\/www.radioblog.eu\/2024\/12\/13\/kurz-notiert-bigfm-hessen-antenne-wiesbaden-radio-top-two-mehr\/","rel":"","context":"In &quot;Deutsch&quot;","block_context":{"text":"Deutsch","link":"https:\/\/www.achimbrueckner.de\/dxradio\/php\/wordpress\/?cat=1"},"img":{"alt_text":"","src":"","width":0,"height":0},"classes":[]},{"id":44576,"url":"https:\/\/www.achimbrueckner.de\/dxradio\/php\/wordpress\/?p=44576","url_meta":{"origin":42041,"position":1},"title":"NIUS RADIO k\u00fcnftig auch in Hessen \u00fcber DAB+ verf\u00fcgbar","author":"Administrator","date":"December 17, 2025","format":false,"excerpt":"https:\/\/www.radioszene.de\/208836\/nius-das-radio-hessen.html","rel":"","context":"In &quot;Deutsch&quot;","block_context":{"text":"Deutsch","link":"https:\/\/www.achimbrueckner.de\/dxradio\/php\/wordpress\/?cat=1"},"img":{"alt_text":"","src":"","width":0,"height":0},"classes":[]},{"id":17164,"url":"https:\/\/www.achimbrueckner.de\/dxradio\/php\/wordpress\/?p=17164","url_meta":{"origin":42041,"position":2},"title":"Digitalradio: FFH, planet radio und harmony.fm bald in ganz Hessen \u00fcber DAB+ zu h\u00f6ren","author":"Administrator","date":"March 30, 2018","format":false,"excerpt":"http:\/\/www.radioszene.de\/120546\/ffh-planet-radio-harmonyfm-digitalradio-dab.html","rel":"","context":"In &quot;Deutsch&quot;","block_context":{"text":"Deutsch","link":"https:\/\/www.achimbrueckner.de\/dxradio\/php\/wordpress\/?cat=1"},"img":{"alt_text":"","src":"","width":0,"height":0},"classes":[]},{"id":25732,"url":"https:\/\/www.achimbrueckner.de\/dxradio\/php\/wordpress\/?p=25732","url_meta":{"origin":42041,"position":3},"title":"Ab Dezember \u201eJOKE FM \u2013 Comedy und Hits\u201c \u00fcber DAB+ in Hessen","author":"Administrator","date":"November 11, 2019","format":false,"excerpt":"https:\/\/www.radioszene.de\/138256\/joke-fm.html","rel":"","context":"In &quot;Deutsch&quot;","block_context":{"text":"Deutsch","link":"https:\/\/www.achimbrueckner.de\/dxradio\/php\/wordpress\/?cat=1"},"img":{"alt_text":"","src":"","width":0,"height":0},"classes":[]},{"id":26026,"url":"https:\/\/www.achimbrueckner.de\/dxradio\/php\/wordpress\/?p=26026","url_meta":{"origin":42041,"position":4},"title":"Joke FM seit Mitternacht \u00fcber DAB+ in Hessen","author":"Administrator","date":"December 1, 2019","format":false,"excerpt":"https:\/\/www.smartphonefan.de\/2019\/12\/01\/joke-fm-seit-mitternacht-ueber-dab-in-hessen\/","rel":"","context":"In &quot;Deutsch&quot;","block_context":{"text":"Deutsch","link":"https:\/\/www.achimbrueckner.de\/dxradio\/php\/wordpress\/?cat=1"},"img":{"alt_text":"","src":"","width":0,"height":0},"classes":[]},{"id":34646,"url":"https:\/\/www.achimbrueckner.de\/dxradio\/php\/wordpress\/?p=34646","url_meta":{"origin":42041,"position":5},"title":"Radio Bollerwagen jetzt auch in Hessen \u00fcber DAB+","author":"Administrator","date":"February 16, 2022","format":false,"excerpt":"https:\/\/www.smartphonefan.de\/2022\/02\/16\/radio-bollerwagen-jetzt-auch-in-hessen-ueber-dab\/","rel":"","context":"In &quot;Deutsch&quot;","block_context":{"text":"Deutsch","link":"https:\/\/www.achimbrueckner.de\/dxradio\/php\/wordpress\/?cat=1"},"img":{"alt_text":"","src":"","width":0,"height":0},"classes":[]}],"_links":{"self":[{"href":"https:\/\/www.achimbrueckner.de\/dxradio\/php\/wordpress\/index.php?rest_route=\/wp\/v2\/posts\/42041","targetHints":{"allow":["GET"]}}],"collection":[{"href":"https:\/\/www.achimbrueckner.de\/dxradio\/php\/wordpress\/index.php?rest_route=\/wp\/v2\/posts"}],"about":[{"href":"https:\/\/www.achimbrueckner.de\/dxradio\/php\/wordpress\/index.php?rest_route=\/wp\/v2\/types\/post"}],"author":[{"embeddable":true,"href":"https:\/\/www.achimbrueckner.de\/dxradio\/php\/wordpress\/index.php?rest_route=\/wp\/v2\/users\/1"}],"replies":[{"embeddable":true,"href":"https:\/\/www.achimbrueckner.de\/dxradio\/php\/wordpress\/index.php?rest_route=%2Fwp%2Fv2%2Fcomments&post=42041"}],"version-history":[{"count":0,"href":"https:\/\/www.achimbrueckner.de\/dxradio\/php\/wordpress\/index.php?rest_route=\/wp\/v2\/posts\/42041\/revisions"}],"wp:attachment":[{"href":"https:\/\/www.achimbrueckner.de\/dxradio\/php\/wordpress\/index.php?rest_route=%2Fwp%2Fv2%2Fmedia&parent=42041"}],"wp:term":[{"taxonomy":"category","embeddable":true,"href":"https:\/\/www.achimbrueckner.de\/dxradio\/php\/wordpress\/index.php?rest_route=%2Fwp%2Fv2%2Fcategories&post=42041"},{"taxonomy":"post_tag","embeddable":true,"href":"https:\/\/www.achimbrueckner.de\/dxradio\/php\/wordpress\/index.php?rest_route=%2Fwp%2Fv2%2Ftags&post=42041"}],"curies":[{"name":"wp","href":"https:\/\/api.w.org\/{rel}","templated":true}]}}