{"id":42142,"date":"2025-01-23T16:34:10","date_gmt":"2025-01-23T16:34:10","guid":{"rendered":"https:\/\/www.achimbrueckner.de\/dxradio\/php\/wordpress\/?p=42142"},"modified":"2025-01-23T16:34:10","modified_gmt":"2025-01-23T16:34:10","slug":"sender-moosbrunn-fur-heute-geplante-sprengung-der-antenne-verschoben","status":"publish","type":"post","link":"https:\/\/www.achimbrueckner.de\/dxradio\/php\/wordpress\/?p=42142","title":{"rendered":"Sender Moosbrunn: F\u00fcr heute geplante Sprengung der Antenne verschoben"},"content":{"rendered":"<p><a href=\"https:\/\/www.radioszene.de\/199519\/sender-moosbrunn-sprengung.html\" target=\"_blank\">https:\/\/www.radioszene.de\/199519\/sender-moosbrunn-sprengung.html<\/a><\/p>\n","protected":false},"excerpt":{"rendered":"<p>https:\/\/www.radioszene.de\/199519\/sender-moosbrunn-sprengung.html<\/p>\n","protected":false},"author":1,"featured_media":0,"comment_status":"closed","ping_status":"open","sticky":false,"template":"","format":"standard","meta":{"_jetpack_memberships_contains_paid_content":false,"footnotes":"","jetpack_publicize_message":"","jetpack_publicize_feature_enabled":true,"jetpack_social_post_already_shared":true,"jetpack_social_options":{"image_generator_settings":{"template":"highway","default_image_id":0,"font":"","enabled":false},"version":2}},"categories":[1],"tags":[],"class_list":["post-42142","post","type-post","status-publish","format-standard","hentry","category-deutsch"],"jetpack_publicize_connections":[],"jetpack_featured_media_url":"","jetpack_sharing_enabled":true,"jetpack_shortlink":"https:\/\/wp.me\/p5CDmr-aXI","jetpack-related-posts":[{"id":29221,"url":"https:\/\/www.achimbrueckner.de\/dxradio\/php\/wordpress\/?p=29221","url_meta":{"origin":42142,"position":0},"title":"Abschaltung Moosbrunn 2020","author":"Administrator","date":"June 29, 2020","format":false,"excerpt":"Die Leitung des Sendezentrums Moosbrunn teilt mir soeben Folgendes mit: \"Die Fake News einer Abschaltung 2020 wurde bereits 2015 von der Gemeinde Moosbrunn ohne R\u00fccksprache mit uns verbreitet. Seither ist sie nicht mehr wegzukriegen. Tatsache ist, dass kein Ende oder Abschaltung der Sendeanlage beabsichtigt ist. Wir freuen uns, bis auf\u2026","rel":"","context":"In &quot;Deutsch&quot;","block_context":{"text":"Deutsch","link":"https:\/\/www.achimbrueckner.de\/dxradio\/php\/wordpress\/?cat=1"},"img":{"alt_text":"","src":"","width":0,"height":0},"classes":[]},{"id":42152,"url":"https:\/\/www.achimbrueckner.de\/dxradio\/php\/wordpress\/?p=42152","url_meta":{"origin":42142,"position":1},"title":"R\u00fcckbau durch ORS Kurzwellen-Sender Moosbrunn gesprengt","author":"Administrator","date":"January 29, 2025","format":false,"excerpt":"https:\/\/www.horizont.at\/medien\/news\/rueckbau-durch-ors-kurzwellen-sender-moosbrunn-gesprengt-96852","rel":"","context":"In &quot;Deutsch&quot;","block_context":{"text":"Deutsch","link":"https:\/\/www.achimbrueckner.de\/dxradio\/php\/wordpress\/?cat=1"},"img":{"alt_text":"","src":"","width":0,"height":0},"classes":[]},{"id":33270,"url":"https:\/\/www.achimbrueckner.de\/dxradio\/php\/wordpress\/?p=33270","url_meta":{"origin":42142,"position":2},"title":"Radio Andorra 7 August 2021 1900 MESZ 6180 Khz","author":"Administrator","date":"August 7, 2021","format":false,"excerpt":"Radio Andorra wurde am 7 vor 82 Jahren geboren, tags\u00fcber. Verpasst nicht die heute Abend auf Kurzwellen ausgestrahlte au\u00dfergew\u00f6hnliche Show, die die restaurierte Kopie einer im Sommer 1979 ausgestrahlten Sendung ist: \u2032\u2032 Carte Blanche \u00e0... Sacha Distel \u2032\u2032 pr\u00e4sentiert von Arty Parera. Diese Sendung wurde auf Band aufgenommen und 40\u2026","rel":"","context":"In &quot;Deutsch&quot;","block_context":{"text":"Deutsch","link":"https:\/\/www.achimbrueckner.de\/dxradio\/php\/wordpress\/?cat=1"},"img":{"alt_text":"","src":"","width":0,"height":0},"classes":[]},{"id":41981,"url":"https:\/\/www.achimbrueckner.de\/dxradio\/php\/wordpress\/?p=41981","url_meta":{"origin":42142,"position":3},"title":"RADIO DARC sendet ab 2025 aus England","author":"Administrator","date":"November 26, 2024","format":false,"excerpt":"RADIO DARC sendet ab 2025 aus England Fast 10 Jahre lang hat RADIO DARC f\u00fcr seine Kurzwellen-Ausstrahlungen am Sonntag vormittag den ORS-Sender in Moosbrunn bei Wien genutzt. Am Jahresende soll nun damit Schluss sein, die Anlage wird stillgelegt. Alle Versuche einer Rettung schlugen fehl, der \u00d6sterreichische Rundfunk will das angeblich\u2026","rel":"","context":"In &quot;Deutsch&quot;","block_context":{"text":"Deutsch","link":"https:\/\/www.achimbrueckner.de\/dxradio\/php\/wordpress\/?cat=1"},"img":{"alt_text":"","src":"","width":0,"height":0},"classes":[]},{"id":27375,"url":"https:\/\/www.achimbrueckner.de\/dxradio\/php\/wordpress\/?p=27375","url_meta":{"origin":42142,"position":4},"title":"Sender Moosbrunn","author":"Administrator","date":"March 1, 2020","format":false,"excerpt":"https:\/\/www.wikiwand.com\/de\/Sender_Moosbrunn","rel":"","context":"In &quot;Deutsch&quot;","block_context":{"text":"Deutsch","link":"https:\/\/www.achimbrueckner.de\/dxradio\/php\/wordpress\/?cat=1"},"img":{"alt_text":"","src":"","width":0,"height":0},"classes":[]},{"id":33828,"url":"https:\/\/www.achimbrueckner.de\/dxradio\/php\/wordpress\/?p=33828","url_meta":{"origin":42142,"position":5},"title":"ORS &#8211; Sender Moosbrunn","author":"Administrator","date":"October 19, 2021","format":false,"excerpt":"https:\/\/www.youtube.com\/watch?v=xiwj-7EdDCk","rel":"","context":"In &quot;Deutsch&quot;","block_context":{"text":"Deutsch","link":"https:\/\/www.achimbrueckner.de\/dxradio\/php\/wordpress\/?cat=1"},"img":{"alt_text":"","src":"","width":0,"height":0},"classes":[]}],"_links":{"self":[{"href":"https:\/\/www.achimbrueckner.de\/dxradio\/php\/wordpress\/index.php?rest_route=\/wp\/v2\/posts\/42142","targetHints":{"allow":["GET"]}}],"collection":[{"href":"https:\/\/www.achimbrueckner.de\/dxradio\/php\/wordpress\/index.php?rest_route=\/wp\/v2\/posts"}],"about":[{"href":"https:\/\/www.achimbrueckner.de\/dxradio\/php\/wordpress\/index.php?rest_route=\/wp\/v2\/types\/post"}],"author":[{"embeddable":true,"href":"https:\/\/www.achimbrueckner.de\/dxradio\/php\/wordpress\/index.php?rest_route=\/wp\/v2\/users\/1"}],"replies":[{"embeddable":true,"href":"https:\/\/www.achimbrueckner.de\/dxradio\/php\/wordpress\/index.php?rest_route=%2Fwp%2Fv2%2Fcomments&post=42142"}],"version-history":[{"count":0,"href":"https:\/\/www.achimbrueckner.de\/dxradio\/php\/wordpress\/index.php?rest_route=\/wp\/v2\/posts\/42142\/revisions"}],"wp:attachment":[{"href":"https:\/\/www.achimbrueckner.de\/dxradio\/php\/wordpress\/index.php?rest_route=%2Fwp%2Fv2%2Fmedia&parent=42142"}],"wp:term":[{"taxonomy":"category","embeddable":true,"href":"https:\/\/www.achimbrueckner.de\/dxradio\/php\/wordpress\/index.php?rest_route=%2Fwp%2Fv2%2Fcategories&post=42142"},{"taxonomy":"post_tag","embeddable":true,"href":"https:\/\/www.achimbrueckner.de\/dxradio\/php\/wordpress\/index.php?rest_route=%2Fwp%2Fv2%2Ftags&post=42142"}],"curies":[{"name":"wp","href":"https:\/\/api.w.org\/{rel}","templated":true}]}}