{"id":42203,"date":"2025-02-10T14:10:51","date_gmt":"2025-02-10T14:10:51","guid":{"rendered":"https:\/\/www.achimbrueckner.de\/dxradio\/php\/wordpress\/?p=42203"},"modified":"2025-02-10T14:10:51","modified_gmt":"2025-02-10T14:10:51","slug":"neu-anna-und-alex-die-nachmittagsshow-bei-antenne-thuringen","status":"publish","type":"post","link":"https:\/\/www.achimbrueckner.de\/dxradio\/php\/wordpress\/?p=42203","title":{"rendered":"Neu: Anna und Alex. Die Nachmittagsshow bei ANTENNE TH\u00dcRINGEN"},"content":{"rendered":"<p><a href=\"https:\/\/www.radioszene.de\/200109\/anna-und-alex-antenne-thueringen.html\" target=\"_blank\">https:\/\/www.radioszene.de\/200109\/anna-und-alex-antenne-thueringen.html<\/a><\/p>\n","protected":false},"excerpt":{"rendered":"<p>https:\/\/www.radioszene.de\/200109\/anna-und-alex-antenne-thueringen.html<\/p>\n","protected":false},"author":1,"featured_media":0,"comment_status":"closed","ping_status":"open","sticky":false,"template":"","format":"standard","meta":{"_jetpack_memberships_contains_paid_content":false,"footnotes":"","jetpack_publicize_message":"","jetpack_publicize_feature_enabled":true,"jetpack_social_post_already_shared":true,"jetpack_social_options":{"image_generator_settings":{"template":"highway","default_image_id":0,"font":"","enabled":false},"version":2}},"categories":[1],"tags":[],"class_list":["post-42203","post","type-post","status-publish","format-standard","hentry","category-deutsch"],"jetpack_publicize_connections":[],"jetpack_featured_media_url":"","jetpack_sharing_enabled":true,"jetpack_shortlink":"https:\/\/wp.me\/p5CDmr-aYH","jetpack-related-posts":[{"id":39461,"url":"https:\/\/www.achimbrueckner.de\/dxradio\/php\/wordpress\/?p=39461","url_meta":{"origin":42203,"position":0},"title":"ANTENNE TH\u00dcRINGEN und LandesWelle Th\u00fcringen starten weitreichende Kooperation","author":"Administrator","date":"May 9, 2023","format":false,"excerpt":"https:\/\/www.radioszene.de\/174806\/audio-media-plus-antenne-landeswelle-thueringen.html","rel":"","context":"In &quot;Deutsch&quot;","block_context":{"text":"Deutsch","link":"https:\/\/www.achimbrueckner.de\/dxradio\/php\/wordpress\/?cat=1"},"img":{"alt_text":"","src":"","width":0,"height":0},"classes":[]},{"id":43813,"url":"https:\/\/www.achimbrueckner.de\/dxradio\/php\/wordpress\/?p=43813","url_meta":{"origin":42203,"position":1},"title":"Jens May verl\u00e4sst ANTENNE TH\u00dcRINGEN nach fast 25 Jahren","author":"Administrator","date":"September 16, 2025","format":false,"excerpt":"https:\/\/www.radioszene.de\/206233\/jens-may-antenne-thueringen.html","rel":"","context":"In &quot;Deutsch&quot;","block_context":{"text":"Deutsch","link":"https:\/\/www.achimbrueckner.de\/dxradio\/php\/wordpress\/?cat=1"},"img":{"alt_text":"","src":"","width":0,"height":0},"classes":[]},{"id":16624,"url":"https:\/\/www.achimbrueckner.de\/dxradio\/php\/wordpress\/?p=16624","url_meta":{"origin":42203,"position":2},"title":"Geburtstagskonzert: 25 Jahre ANTENNE TH\u00dcRINGEN","author":"Administrator","date":"February 24, 2018","format":false,"excerpt":"http:\/\/www.radioszene.de\/118916\/25-jahre-antenne-thueringen.html","rel":"","context":"In &quot;Deutsch&quot;","block_context":{"text":"Deutsch","link":"https:\/\/www.achimbrueckner.de\/dxradio\/php\/wordpress\/?cat=1"},"img":{"alt_text":"","src":"","width":0,"height":0},"classes":[]},{"id":40634,"url":"https:\/\/www.achimbrueckner.de\/dxradio\/php\/wordpress\/?p=40634","url_meta":{"origin":42203,"position":3},"title":"ANTENNE TH\u00dcRINGEN und LandesWelle Th\u00fcringen starten regionalisierte Programme \u00fcber DAB+","author":"Administrator","date":"December 14, 2023","format":false,"excerpt":"https:\/\/www.radioszene.de\/182233\/antenne-thueringen-und-landeswelle-thueringen-dab-regionalisierung.html","rel":"","context":"In &quot;Deutsch&quot;","block_context":{"text":"Deutsch","link":"https:\/\/www.achimbrueckner.de\/dxradio\/php\/wordpress\/?cat=1"},"img":{"alt_text":"","src":"","width":0,"height":0},"classes":[]},{"id":43811,"url":"https:\/\/www.achimbrueckner.de\/dxradio\/php\/wordpress\/?p=43811","url_meta":{"origin":42203,"position":4},"title":"\u201eK\u00f6nig und Crew\u201c: Neue Morgensendung bei LandesWelle Th\u00fcringen","author":"Administrator","date":"September 16, 2025","format":false,"excerpt":"https:\/\/www.radioszene.de\/206257\/koenig-und-crew-landeswelle-thueringen.html","rel":"","context":"In &quot;Deutsch&quot;","block_context":{"text":"Deutsch","link":"https:\/\/www.achimbrueckner.de\/dxradio\/php\/wordpress\/?cat=1"},"img":{"alt_text":"","src":"","width":0,"height":0},"classes":[]},{"id":29867,"url":"https:\/\/www.achimbrueckner.de\/dxradio\/php\/wordpress\/?p=29867","url_meta":{"origin":42203,"position":5},"title":"Neues Funkhaus f\u00fcr ANTENNE TH\u00dcRINGEN und radio TOP40","author":"Administrator","date":"September 1, 2020","format":false,"excerpt":"https:\/\/www.radioszene.de\/147059\/antenne-thueringen-neues-funkhaus.html","rel":"","context":"In &quot;Deutsch&quot;","block_context":{"text":"Deutsch","link":"https:\/\/www.achimbrueckner.de\/dxradio\/php\/wordpress\/?cat=1"},"img":{"alt_text":"","src":"","width":0,"height":0},"classes":[]}],"_links":{"self":[{"href":"https:\/\/www.achimbrueckner.de\/dxradio\/php\/wordpress\/index.php?rest_route=\/wp\/v2\/posts\/42203","targetHints":{"allow":["GET"]}}],"collection":[{"href":"https:\/\/www.achimbrueckner.de\/dxradio\/php\/wordpress\/index.php?rest_route=\/wp\/v2\/posts"}],"about":[{"href":"https:\/\/www.achimbrueckner.de\/dxradio\/php\/wordpress\/index.php?rest_route=\/wp\/v2\/types\/post"}],"author":[{"embeddable":true,"href":"https:\/\/www.achimbrueckner.de\/dxradio\/php\/wordpress\/index.php?rest_route=\/wp\/v2\/users\/1"}],"replies":[{"embeddable":true,"href":"https:\/\/www.achimbrueckner.de\/dxradio\/php\/wordpress\/index.php?rest_route=%2Fwp%2Fv2%2Fcomments&post=42203"}],"version-history":[{"count":0,"href":"https:\/\/www.achimbrueckner.de\/dxradio\/php\/wordpress\/index.php?rest_route=\/wp\/v2\/posts\/42203\/revisions"}],"wp:attachment":[{"href":"https:\/\/www.achimbrueckner.de\/dxradio\/php\/wordpress\/index.php?rest_route=%2Fwp%2Fv2%2Fmedia&parent=42203"}],"wp:term":[{"taxonomy":"category","embeddable":true,"href":"https:\/\/www.achimbrueckner.de\/dxradio\/php\/wordpress\/index.php?rest_route=%2Fwp%2Fv2%2Fcategories&post=42203"},{"taxonomy":"post_tag","embeddable":true,"href":"https:\/\/www.achimbrueckner.de\/dxradio\/php\/wordpress\/index.php?rest_route=%2Fwp%2Fv2%2Ftags&post=42203"}],"curies":[{"name":"wp","href":"https:\/\/api.w.org\/{rel}","templated":true}]}}