{"id":42207,"date":"2025-02-13T17:19:47","date_gmt":"2025-02-13T17:19:47","guid":{"rendered":"https:\/\/www.achimbrueckner.de\/dxradio\/php\/wordpress\/?p=42207"},"modified":"2025-02-13T17:19:47","modified_gmt":"2025-02-13T17:19:47","slug":"wann-kriegt-der-orf-seine-radioprogramme-in-den-griff","status":"publish","type":"post","link":"https:\/\/www.achimbrueckner.de\/dxradio\/php\/wordpress\/?p=42207","title":{"rendered":"Wann kriegt der ORF seine Radioprogramme in den Griff?"},"content":{"rendered":"<p><a href=\"https:\/\/www.digitalfernsehen.de\/news\/empfang\/satellit\/wann-kriegt-der-orf-seine-radioprogramme-in-den-griff-1134629\/\" target=\"_blank\">https:\/\/www.digitalfernsehen.de\/news\/empfang\/satellit\/wann-kriegt-der-orf-seine-radioprogramme-in-den-griff-1134629\/<\/a><\/p>\n","protected":false},"excerpt":{"rendered":"<p>https:\/\/www.digitalfernsehen.de\/news\/empfang\/satellit\/wann-kriegt-der-orf-seine-radioprogramme-in-den-griff-1134629\/<\/p>\n","protected":false},"author":1,"featured_media":0,"comment_status":"closed","ping_status":"open","sticky":false,"template":"","format":"standard","meta":{"_jetpack_memberships_contains_paid_content":false,"footnotes":"","jetpack_publicize_message":"","jetpack_publicize_feature_enabled":true,"jetpack_social_post_already_shared":true,"jetpack_social_options":{"image_generator_settings":{"template":"highway","default_image_id":0,"font":"","enabled":false},"version":2}},"categories":[1],"tags":[],"class_list":["post-42207","post","type-post","status-publish","format-standard","hentry","category-deutsch"],"jetpack_publicize_connections":[],"jetpack_featured_media_url":"","jetpack_sharing_enabled":true,"jetpack_shortlink":"https:\/\/wp.me\/p5CDmr-aYL","jetpack-related-posts":[{"id":44682,"url":"https:\/\/www.achimbrueckner.de\/dxradio\/php\/wordpress\/?p=44682","url_meta":{"origin":42207,"position":0},"title":"\u00d6sterreich: ORF Sound erweitert Angebot um elf Radioprogramme","author":"Administrator","date":"December 31, 2025","format":false,"excerpt":"https:\/\/www.radioblog.eu\/2025\/12\/30\/oesterreich-orf-sound-erweitert-angebot-um-elf-radioprogramme\/","rel":"","context":"In &quot;Deutsch&quot;","block_context":{"text":"Deutsch","link":"https:\/\/www.achimbrueckner.de\/dxradio\/php\/wordpress\/?cat=1"},"img":{"alt_text":"","src":"","width":0,"height":0},"classes":[]},{"id":6252,"url":"https:\/\/www.achimbrueckner.de\/dxradio\/php\/wordpress\/?p=6252","url_meta":{"origin":42207,"position":1},"title":"ORF-Kurzwelle Moosbrunn, Tag der offenen T\u00fcr beim ORF 1974","author":"Administrator","date":"October 16, 2015","format":false,"excerpt":"Im Jahr 1974 lud der ORF seine Zuseher und Zuh\u00f6rer zu einem Tag der offenen T\u00fcr ein. In allen Bundesl\u00e4ndern und in Wien waren technische Einrichtungen, Studios und Sendeanlagen auf den Besuch der G\u00e4ste vorbereitet. Mehr als 75.000 G\u00e4ste kamen allein ins ORF-Zentrum. Sendung: ORF-Transparent Moderator: Hans Georg Heinke Interview\u2026","rel":"","context":"In &quot;Deutsch&quot;","block_context":{"text":"Deutsch","link":"https:\/\/www.achimbrueckner.de\/dxradio\/php\/wordpress\/?cat=1"},"img":{"alt_text":"","src":"","width":0,"height":0},"classes":[]},{"id":18133,"url":"https:\/\/www.achimbrueckner.de\/dxradio\/php\/wordpress\/?p=18133","url_meta":{"origin":42207,"position":2},"title":"Bussi und Baba, Facebook und YouTube: Der ORF schrumpft seine Social-Media-Accounts um 80 Prozent","author":"Administrator","date":"June 9, 2018","format":false,"excerpt":"https:\/\/meedia.de\/2018\/06\/08\/bussi-und-baba-facebook-und-youtube-der-orf-schrumpft-seine-social-media-accounts-um-80-prozent\/","rel":"","context":"In &quot;Deutsch&quot;","block_context":{"text":"Deutsch","link":"https:\/\/www.achimbrueckner.de\/dxradio\/php\/wordpress\/?cat=1"},"img":{"alt_text":"","src":"","width":0,"height":0},"classes":[]},{"id":43220,"url":"https:\/\/www.achimbrueckner.de\/dxradio\/php\/wordpress\/?p=43220","url_meta":{"origin":42207,"position":3},"title":"Diese Radioprogramme streicht der Bayerische Rundfunk","author":"Administrator","date":"July 5, 2025","format":false,"excerpt":"https:\/\/www.radioblog.eu\/2025\/07\/04\/diese-radioprogramme-streicht-der-bayerische-rundfunk\/","rel":"","context":"In &quot;Deutsch&quot;","block_context":{"text":"Deutsch","link":"https:\/\/www.achimbrueckner.de\/dxradio\/php\/wordpress\/?cat=1"},"img":{"alt_text":"","src":"","width":0,"height":0},"classes":[]},{"id":29901,"url":"https:\/\/www.achimbrueckner.de\/dxradio\/php\/wordpress\/?p=29901","url_meta":{"origin":42207,"position":4},"title":"Besserer Empfang der WDR-Radioprogramme in Ostwestfalen-Lippe","author":"Administrator","date":"September 4, 2020","format":false,"excerpt":"http:\/\/www.radiowoche.de\/besserer-empfang-der-wdr-radioprogramme-in-ostwestfalen-lippe\/","rel":"","context":"In &quot;Deutsch&quot;","block_context":{"text":"Deutsch","link":"https:\/\/www.achimbrueckner.de\/dxradio\/php\/wordpress\/?cat=1"},"img":{"alt_text":"","src":"","width":0,"height":0},"classes":[]},{"id":32608,"url":"https:\/\/www.achimbrueckner.de\/dxradio\/php\/wordpress\/?p=32608","url_meta":{"origin":42207,"position":5},"title":"bremen eins: Eines der besten Radioprogramme im Norden feiert 20. Geburtstag","author":"Administrator","date":"May 2, 2021","format":false,"excerpt":"https:\/\/www.smartphonefan.de\/2021\/05\/01\/bremen-eins-eines-der-besten-radioprogramme-im-norden-feiert-20-geburtstag\/","rel":"","context":"In &quot;Deutsch&quot;","block_context":{"text":"Deutsch","link":"https:\/\/www.achimbrueckner.de\/dxradio\/php\/wordpress\/?cat=1"},"img":{"alt_text":"","src":"","width":0,"height":0},"classes":[]}],"_links":{"self":[{"href":"https:\/\/www.achimbrueckner.de\/dxradio\/php\/wordpress\/index.php?rest_route=\/wp\/v2\/posts\/42207","targetHints":{"allow":["GET"]}}],"collection":[{"href":"https:\/\/www.achimbrueckner.de\/dxradio\/php\/wordpress\/index.php?rest_route=\/wp\/v2\/posts"}],"about":[{"href":"https:\/\/www.achimbrueckner.de\/dxradio\/php\/wordpress\/index.php?rest_route=\/wp\/v2\/types\/post"}],"author":[{"embeddable":true,"href":"https:\/\/www.achimbrueckner.de\/dxradio\/php\/wordpress\/index.php?rest_route=\/wp\/v2\/users\/1"}],"replies":[{"embeddable":true,"href":"https:\/\/www.achimbrueckner.de\/dxradio\/php\/wordpress\/index.php?rest_route=%2Fwp%2Fv2%2Fcomments&post=42207"}],"version-history":[{"count":0,"href":"https:\/\/www.achimbrueckner.de\/dxradio\/php\/wordpress\/index.php?rest_route=\/wp\/v2\/posts\/42207\/revisions"}],"wp:attachment":[{"href":"https:\/\/www.achimbrueckner.de\/dxradio\/php\/wordpress\/index.php?rest_route=%2Fwp%2Fv2%2Fmedia&parent=42207"}],"wp:term":[{"taxonomy":"category","embeddable":true,"href":"https:\/\/www.achimbrueckner.de\/dxradio\/php\/wordpress\/index.php?rest_route=%2Fwp%2Fv2%2Fcategories&post=42207"},{"taxonomy":"post_tag","embeddable":true,"href":"https:\/\/www.achimbrueckner.de\/dxradio\/php\/wordpress\/index.php?rest_route=%2Fwp%2Fv2%2Ftags&post=42207"}],"curies":[{"name":"wp","href":"https:\/\/api.w.org\/{rel}","templated":true}]}}