{"id":42222,"date":"2025-02-14T21:55:18","date_gmt":"2025-02-14T21:55:18","guid":{"rendered":"https:\/\/www.achimbrueckner.de\/dxradio\/php\/wordpress\/?p=42222"},"modified":"2025-02-14T21:55:18","modified_gmt":"2025-02-14T21:55:18","slug":"hit-radio-ffh-eroffnet-studio-im-hessischen-landtag","status":"publish","type":"post","link":"https:\/\/www.achimbrueckner.de\/dxradio\/php\/wordpress\/?p=42222","title":{"rendered":"HIT RADIO FFH er\u00f6ffnet Studio im Hessischen Landtag"},"content":{"rendered":"<p><a href=\"https:\/\/www.radioszene.de\/200206\/ffh-studio-im-hessischen-landtag.html\" target=\"_blank\">https:\/\/www.radioszene.de\/200206\/ffh-studio-im-hessischen-landtag.html<\/a><\/p>\n","protected":false},"excerpt":{"rendered":"<p>https:\/\/www.radioszene.de\/200206\/ffh-studio-im-hessischen-landtag.html<\/p>\n","protected":false},"author":1,"featured_media":0,"comment_status":"closed","ping_status":"open","sticky":false,"template":"","format":"standard","meta":{"_jetpack_memberships_contains_paid_content":false,"footnotes":"","jetpack_publicize_message":"","jetpack_publicize_feature_enabled":true,"jetpack_social_post_already_shared":true,"jetpack_social_options":{"image_generator_settings":{"template":"highway","default_image_id":0,"font":"","enabled":false},"version":2}},"categories":[1],"tags":[],"class_list":["post-42222","post","type-post","status-publish","format-standard","hentry","category-deutsch"],"jetpack_publicize_connections":[],"jetpack_featured_media_url":"","jetpack_sharing_enabled":true,"jetpack_shortlink":"https:\/\/wp.me\/p5CDmr-aZ0","jetpack-related-posts":[{"id":20554,"url":"https:\/\/www.achimbrueckner.de\/dxradio\/php\/wordpress\/?p=20554","url_meta":{"origin":42222,"position":0},"title":"Hit Radio FFH: Regionalprogramme jetzt auch im Livestream","author":"Administrator","date":"December 26, 2018","format":false,"excerpt":"https:\/\/www.smartphonefan.de\/2018\/12\/26\/hit-radio-ffh-regionalprogramme-jetzt-auch-im-livestream\/","rel":"","context":"In &quot;Deutsch&quot;","block_context":{"text":"Deutsch","link":"https:\/\/www.achimbrueckner.de\/dxradio\/php\/wordpress\/?cat=1"},"img":{"alt_text":"","src":"","width":0,"height":0},"classes":[]},{"id":24320,"url":"https:\/\/www.achimbrueckner.de\/dxradio\/php\/wordpress\/?p=24320","url_meta":{"origin":42222,"position":1},"title":"Radio-Revolution bei FFH: H\u00f6rer k\u00f6nnen w\u00e4hlen, welche Art von Musik im Programm l\u00e4uft","author":"Administrator","date":"August 19, 2019","format":false,"excerpt":"https:\/\/www.radioszene.de\/135756\/ffh-hoerer-waehlen-musikgenre-radio-revolution.html","rel":"","context":"In &quot;Deutsch&quot;","block_context":{"text":"Deutsch","link":"https:\/\/www.achimbrueckner.de\/dxradio\/php\/wordpress\/?cat=1"},"img":{"alt_text":"","src":"","width":0,"height":0},"classes":[]},{"id":25042,"url":"https:\/\/www.achimbrueckner.de\/dxradio\/php\/wordpress\/?p=25042","url_meta":{"origin":42222,"position":2},"title":"Beste Comedy im deutschen Radio FFH GEWINNT DEUTSCHEN RADIOPREIS 2019","author":"Administrator","date":"September 29, 2019","format":false,"excerpt":"https:\/\/www.ffh.de\/ffh-welt\/presse\/detail\/toController\/Topic\/toAction\/show\/toId\/215436\/toTopic\/hit-radio-ffh-gewinnt-deutschen-radiopreis-2019.html","rel":"","context":"In &quot;Deutsch&quot;","block_context":{"text":"Deutsch","link":"https:\/\/www.achimbrueckner.de\/dxradio\/php\/wordpress\/?cat=1"},"img":{"alt_text":"","src":"","width":0,"height":0},"classes":[]},{"id":27831,"url":"https:\/\/www.achimbrueckner.de\/dxradio\/php\/wordpress\/?p=27831","url_meta":{"origin":42222,"position":3},"title":"HIT RADIO FFH startet neue Radio-App","author":"Administrator","date":"March 30, 2020","format":false,"excerpt":"https:\/\/www.radioszene.de\/142392\/ffh-neue-radio-app.html","rel":"","context":"In &quot;Deutsch&quot;","block_context":{"text":"Deutsch","link":"https:\/\/www.achimbrueckner.de\/dxradio\/php\/wordpress\/?cat=1"},"img":{"alt_text":"","src":"","width":0,"height":0},"classes":[]},{"id":21683,"url":"https:\/\/www.achimbrueckner.de\/dxradio\/php\/wordpress\/?p=21683","url_meta":{"origin":42222,"position":4},"title":"FFH-Stars im hr-fernsehen: \u201eHessen lacht zur Fassenacht\u201c","author":"Administrator","date":"February 18, 2019","format":false,"excerpt":"https:\/\/www.radioszene.de\/130483\/ffh-stars-im-hr-fernsehen-hessen-lacht-zur-fassenacht.html","rel":"","context":"In &quot;Deutsch&quot;","block_context":{"text":"Deutsch","link":"https:\/\/www.achimbrueckner.de\/dxradio\/php\/wordpress\/?cat=1"},"img":{"alt_text":"","src":"","width":0,"height":0},"classes":[]},{"id":17901,"url":"https:\/\/www.achimbrueckner.de\/dxradio\/php\/wordpress\/?p=17901","url_meta":{"origin":42222,"position":5},"title":"Neue Digital-Studios bei HIT RADIO FFH, planet radio und harmony.fm","author":"Administrator","date":"May 24, 2018","format":false,"excerpt":"https:\/\/www.radioszene.de\/122399\/neue-studios-ffh-planet-radio-harmony.html","rel":"","context":"In &quot;Deutsch&quot;","block_context":{"text":"Deutsch","link":"https:\/\/www.achimbrueckner.de\/dxradio\/php\/wordpress\/?cat=1"},"img":{"alt_text":"","src":"","width":0,"height":0},"classes":[]}],"_links":{"self":[{"href":"https:\/\/www.achimbrueckner.de\/dxradio\/php\/wordpress\/index.php?rest_route=\/wp\/v2\/posts\/42222","targetHints":{"allow":["GET"]}}],"collection":[{"href":"https:\/\/www.achimbrueckner.de\/dxradio\/php\/wordpress\/index.php?rest_route=\/wp\/v2\/posts"}],"about":[{"href":"https:\/\/www.achimbrueckner.de\/dxradio\/php\/wordpress\/index.php?rest_route=\/wp\/v2\/types\/post"}],"author":[{"embeddable":true,"href":"https:\/\/www.achimbrueckner.de\/dxradio\/php\/wordpress\/index.php?rest_route=\/wp\/v2\/users\/1"}],"replies":[{"embeddable":true,"href":"https:\/\/www.achimbrueckner.de\/dxradio\/php\/wordpress\/index.php?rest_route=%2Fwp%2Fv2%2Fcomments&post=42222"}],"version-history":[{"count":0,"href":"https:\/\/www.achimbrueckner.de\/dxradio\/php\/wordpress\/index.php?rest_route=\/wp\/v2\/posts\/42222\/revisions"}],"wp:attachment":[{"href":"https:\/\/www.achimbrueckner.de\/dxradio\/php\/wordpress\/index.php?rest_route=%2Fwp%2Fv2%2Fmedia&parent=42222"}],"wp:term":[{"taxonomy":"category","embeddable":true,"href":"https:\/\/www.achimbrueckner.de\/dxradio\/php\/wordpress\/index.php?rest_route=%2Fwp%2Fv2%2Fcategories&post=42222"},{"taxonomy":"post_tag","embeddable":true,"href":"https:\/\/www.achimbrueckner.de\/dxradio\/php\/wordpress\/index.php?rest_route=%2Fwp%2Fv2%2Ftags&post=42222"}],"curies":[{"name":"wp","href":"https:\/\/api.w.org\/{rel}","templated":true}]}}