{"id":42237,"date":"2025-02-24T16:44:06","date_gmt":"2025-02-24T16:44:06","guid":{"rendered":"https:\/\/www.achimbrueckner.de\/dxradio\/php\/wordpress\/?p=42237"},"modified":"2025-02-24T16:44:06","modified_gmt":"2025-02-24T16:44:06","slug":"de-zendmasten-van-radio-luxemburg-in-junglinster-staan-op-de-slooplijst","status":"publish","type":"post","link":"https:\/\/www.achimbrueckner.de\/dxradio\/php\/wordpress\/?p=42237","title":{"rendered":"De zendmasten van Radio Luxemburg in Junglinster staan op de slooplijst"},"content":{"rendered":"<p><a href=\"https:\/\/www.radiotrefpunt.nl\/entry\/8161-de-zendmasten-van-radio-luxemburg-in-junglinster-staan-op-de-slooplijst\/\" target=\"_blank\">https:\/\/www.radiotrefpunt.nl\/entry\/8161-de-zendmasten-van-radio-luxemburg-in-junglinster-staan-op-de-slooplijst\/<\/a><\/p>\n","protected":false},"excerpt":{"rendered":"<p>https:\/\/www.radiotrefpunt.nl\/entry\/8161-de-zendmasten-van-radio-luxemburg-in-junglinster-staan-op-de-slooplijst\/<\/p>\n","protected":false},"author":1,"featured_media":0,"comment_status":"closed","ping_status":"open","sticky":false,"template":"","format":"standard","meta":{"_jetpack_memberships_contains_paid_content":false,"footnotes":"","jetpack_publicize_message":"","jetpack_publicize_feature_enabled":true,"jetpack_social_post_already_shared":true,"jetpack_social_options":{"image_generator_settings":{"template":"highway","default_image_id":0,"font":"","enabled":false},"version":2}},"categories":[1],"tags":[],"class_list":["post-42237","post","type-post","status-publish","format-standard","hentry","category-deutsch"],"jetpack_publicize_connections":[],"jetpack_featured_media_url":"","jetpack_sharing_enabled":true,"jetpack_shortlink":"https:\/\/wp.me\/p5CDmr-aZf","jetpack-related-posts":[{"id":42290,"url":"https:\/\/www.achimbrueckner.de\/dxradio\/php\/wordpress\/?p=42290","url_meta":{"origin":42237,"position":0},"title":"Toekomst Radio Luxemburg-zendmasten: Beidweiller wordt gesloopt, Junglinster in onzekerheid","author":"Administrator","date":"March 2, 2025","format":false,"excerpt":"https:\/\/www.radiotrefpunt.nl\/entry\/8200-toekomst-radio-luxemburg-zendmasten-beidweiller-wordt-gesloopt-junglinster-in-onzekerheid\/","rel":"","context":"In &quot;Deutsch&quot;","block_context":{"text":"Deutsch","link":"https:\/\/www.achimbrueckner.de\/dxradio\/php\/wordpress\/?cat=1"},"img":{"alt_text":"","src":"","width":0,"height":0},"classes":[]},{"id":43652,"url":"https:\/\/www.achimbrueckner.de\/dxradio\/php\/wordpress\/?p=43652","url_meta":{"origin":42237,"position":1},"title":"Historische zendmast Junglinster: Een eeuw aan radiouitzendingen in Luxemburg","author":"Administrator","date":"August 26, 2025","format":false,"excerpt":"https:\/\/www.radiotrefpunt.nl\/entry\/8162-historische-zendmast-junglinster-een-eeuw-aan-radiouitzendingen-in-luxemburg\/","rel":"","context":"In &quot;Deutsch&quot;","block_context":{"text":"Deutsch","link":"https:\/\/www.achimbrueckner.de\/dxradio\/php\/wordpress\/?cat=1"},"img":{"alt_text":"","src":"","width":0,"height":0},"classes":[]},{"id":42420,"url":"https:\/\/www.achimbrueckner.de\/dxradio\/php\/wordpress\/?p=42420","url_meta":{"origin":42237,"position":2},"title":"Radio Onda Ausschreibung Kurzwelle","author":"Administrator","date":"March 23, 2025","format":false,"excerpt":"LUXEMBURG: Eine Lizenz f\u00fcr den Betrieb von vier Kurzwellensendern in Junglinster wurde von Elisabeth Margue, der f\u00fcr Medien und Konnektivit\u00e4t zust\u00e4ndigen Ministerin des Premierministers, eine Lizenz f\u00fcr den Betrieb von vier Kurzwellensendern in Junglinster erteilt. Der belgische Rundfunk RADIO ONDA hat die Ausschreibung f\u00fcr die \u00dcbertragung auf folgenden Frequenzen gewonnen:\u2026","rel":"","context":"In &quot;Deutsch&quot;","block_context":{"text":"Deutsch","link":"https:\/\/www.achimbrueckner.de\/dxradio\/php\/wordpress\/?cat=1"},"img":{"alt_text":"","src":"","width":0,"height":0},"classes":[]},{"id":20826,"url":"https:\/\/www.achimbrueckner.de\/dxradio\/php\/wordpress\/?p=20826","url_meta":{"origin":42237,"position":3},"title":"Zendmasten Vogelweg zijn opgeblazen","author":"Administrator","date":"January 9, 2019","format":false,"excerpt":"https:\/\/www.omroepflevoland.nl\/nieuws\/167123\/live-zendmasten-worden-opgeblazen","rel":"","context":"In &quot;Deutsch&quot;","block_context":{"text":"Deutsch","link":"https:\/\/www.achimbrueckner.de\/dxradio\/php\/wordpress\/?cat=1"},"img":{"alt_text":"","src":"","width":0,"height":0},"classes":[]},{"id":27990,"url":"https:\/\/www.achimbrueckner.de\/dxradio\/php\/wordpress\/?p=27990","url_meta":{"origin":42237,"position":4},"title":"Zendmasten in Verenigd Koninkrijk in brand gestoken uit angst coronavirus","author":"Administrator","date":"April 5, 2020","format":false,"excerpt":"https:\/\/www.nu.nl\/tech\/6042695\/zendmasten-in-verenigd-koninkrijk-in-brand-gestoken-uit-angst-coronavirus.html","rel":"","context":"In &quot;Deutsch&quot;","block_context":{"text":"Deutsch","link":"https:\/\/www.achimbrueckner.de\/dxradio\/php\/wordpress\/?cat=1"},"img":{"alt_text":"","src":"","width":0,"height":0},"classes":[]},{"id":44272,"url":"https:\/\/www.achimbrueckner.de\/dxradio\/php\/wordpress\/?p=44272","url_meta":{"origin":42237,"position":5},"title":"Abschied mit Tr\u00e4nen in den AugenDie Sendemasten in Junglinster verschwinden \u2013 f\u00fcr die Einwohner ist es eine Katastrophe","author":"Administrator","date":"November 12, 2025","format":false,"excerpt":"https:\/\/www.tageblatt.lu\/headlines\/die-sendemasten-in-junglinster-verschwinden-fuer-die-einwohner-ist-es-eine-katastrophe\/","rel":"","context":"In &quot;Deutsch&quot;","block_context":{"text":"Deutsch","link":"https:\/\/www.achimbrueckner.de\/dxradio\/php\/wordpress\/?cat=1"},"img":{"alt_text":"","src":"","width":0,"height":0},"classes":[]}],"_links":{"self":[{"href":"https:\/\/www.achimbrueckner.de\/dxradio\/php\/wordpress\/index.php?rest_route=\/wp\/v2\/posts\/42237","targetHints":{"allow":["GET"]}}],"collection":[{"href":"https:\/\/www.achimbrueckner.de\/dxradio\/php\/wordpress\/index.php?rest_route=\/wp\/v2\/posts"}],"about":[{"href":"https:\/\/www.achimbrueckner.de\/dxradio\/php\/wordpress\/index.php?rest_route=\/wp\/v2\/types\/post"}],"author":[{"embeddable":true,"href":"https:\/\/www.achimbrueckner.de\/dxradio\/php\/wordpress\/index.php?rest_route=\/wp\/v2\/users\/1"}],"replies":[{"embeddable":true,"href":"https:\/\/www.achimbrueckner.de\/dxradio\/php\/wordpress\/index.php?rest_route=%2Fwp%2Fv2%2Fcomments&post=42237"}],"version-history":[{"count":0,"href":"https:\/\/www.achimbrueckner.de\/dxradio\/php\/wordpress\/index.php?rest_route=\/wp\/v2\/posts\/42237\/revisions"}],"wp:attachment":[{"href":"https:\/\/www.achimbrueckner.de\/dxradio\/php\/wordpress\/index.php?rest_route=%2Fwp%2Fv2%2Fmedia&parent=42237"}],"wp:term":[{"taxonomy":"category","embeddable":true,"href":"https:\/\/www.achimbrueckner.de\/dxradio\/php\/wordpress\/index.php?rest_route=%2Fwp%2Fv2%2Fcategories&post=42237"},{"taxonomy":"post_tag","embeddable":true,"href":"https:\/\/www.achimbrueckner.de\/dxradio\/php\/wordpress\/index.php?rest_route=%2Fwp%2Fv2%2Ftags&post=42237"}],"curies":[{"name":"wp","href":"https:\/\/api.w.org\/{rel}","templated":true}]}}