{"id":42249,"date":"2025-02-24T17:07:53","date_gmt":"2025-02-24T17:07:53","guid":{"rendered":"https:\/\/www.achimbrueckner.de\/dxradio\/php\/wordpress\/?p=42249"},"modified":"2025-02-24T17:07:53","modified_gmt":"2025-02-24T17:07:53","slug":"radio-luxemburgs-erbe-sendeturme-vor-abriss","status":"publish","type":"post","link":"https:\/\/www.achimbrueckner.de\/dxradio\/php\/wordpress\/?p=42249","title":{"rendered":"Radio Luxemburgs Erbe: Sendet\u00fcrme vor Abriss"},"content":{"rendered":"<p><a href=\"https:\/\/www.radioszene.de\/200369\/radio-luxemburg-antennen-abriss.html\" target=\"_blank\">https:\/\/www.radioszene.de\/200369\/radio-luxemburg-antennen-abriss.html<\/a><\/p>\n","protected":false},"excerpt":{"rendered":"<p>https:\/\/www.radioszene.de\/200369\/radio-luxemburg-antennen-abriss.html<\/p>\n","protected":false},"author":1,"featured_media":0,"comment_status":"closed","ping_status":"open","sticky":false,"template":"","format":"standard","meta":{"_jetpack_memberships_contains_paid_content":false,"footnotes":"","jetpack_publicize_message":"","jetpack_publicize_feature_enabled":true,"jetpack_social_post_already_shared":true,"jetpack_social_options":{"image_generator_settings":{"template":"highway","default_image_id":0,"font":"","enabled":false},"version":2}},"categories":[1],"tags":[],"class_list":["post-42249","post","type-post","status-publish","format-standard","hentry","category-deutsch"],"jetpack_publicize_connections":[],"jetpack_featured_media_url":"","jetpack_sharing_enabled":true,"jetpack_shortlink":"https:\/\/wp.me\/p5CDmr-aZr","jetpack-related-posts":[{"id":13335,"url":"https:\/\/www.achimbrueckner.de\/dxradio\/php\/wordpress\/?p=13335","url_meta":{"origin":42249,"position":0},"title":"RTL RADIO LUXEMBURG,MARNACH, MITTELWELLE,1440KHZ,BERICHT \u00dcBER DEN ABRISS DER MASTEN IM FEBRUAR 2016","author":"Administrator","date":"June 4, 2017","format":false,"excerpt":"https:\/\/www.youtube.com\/watch?v=I1B2GY5BAfM","rel":"","context":"In &quot;Deutsch&quot;","block_context":{"text":"Deutsch","link":"https:\/\/www.achimbrueckner.de\/dxradio\/php\/wordpress\/?cat=1"},"img":{"alt_text":"","src":"","width":0,"height":0},"classes":[]},{"id":32912,"url":"https:\/\/www.achimbrueckner.de\/dxradio\/php\/wordpress\/?p=32912","url_meta":{"origin":42249,"position":1},"title":"Neues Radio Luxemburg-Buch: Was wurde aus den \u201cVier fr\u00f6hlichen Wellen\u201d?","author":"Administrator","date":"June 21, 2021","format":false,"excerpt":"https:\/\/www.radioszene.de\/155197\/radio-luxemburg-buch-katja-berg.html","rel":"","context":"In &quot;Deutsch&quot;","block_context":{"text":"Deutsch","link":"https:\/\/www.achimbrueckner.de\/dxradio\/php\/wordpress\/?cat=1"},"img":{"alt_text":"","src":"","width":0,"height":0},"classes":[]},{"id":44309,"url":"https:\/\/www.achimbrueckner.de\/dxradio\/php\/wordpress\/?p=44309","url_meta":{"origin":42249,"position":2},"title":"Radio-K\u00f6pfe | Honey Bee Benson (Radio Luxemburg \/ hr3)","author":"Administrator","date":"November 17, 2025","format":false,"excerpt":"https:\/\/www.radioszene.de\/207922\/honey-bee-benson-radio-koepfe.html","rel":"","context":"In &quot;Deutsch&quot;","block_context":{"text":"Deutsch","link":"https:\/\/www.achimbrueckner.de\/dxradio\/php\/wordpress\/?cat=1"},"img":{"alt_text":"","src":"","width":0,"height":0},"classes":[]},{"id":41516,"url":"https:\/\/www.achimbrueckner.de\/dxradio\/php\/wordpress\/?p=41516","url_meta":{"origin":42249,"position":3},"title":"Radio-K\u00f6pfe | Iff Bennett (73): \u201eRadio Luxemburg hatte ein politisches Frequenzproblem\u201c","author":"Administrator","date":"July 26, 2024","format":false,"excerpt":"https:\/\/www.radioszene.de\/189524\/radio-koepfe-iff-bennett.html","rel":"","context":"In &quot;Deutsch&quot;","block_context":{"text":"Deutsch","link":"https:\/\/www.achimbrueckner.de\/dxradio\/php\/wordpress\/?cat=1"},"img":{"alt_text":"","src":"","width":0,"height":0},"classes":[]},{"id":2069,"url":"https:\/\/www.achimbrueckner.de\/dxradio\/php\/wordpress\/?p=2069","url_meta":{"origin":42249,"position":4},"title":"Rainer Holbe: \u00e2\u20ac\u017eDas Radio Luxemburg von damals h\u00e4tte heute keine Chance\u00e2\u20ac\u0153","author":"Administrator","date":"December 29, 2011","format":false,"excerpt":"Rainer Holbe: \u00e2\u20ac\u017eDas Radio Luxemburg von damals h\u00e4tte heute keine Chance\u00e2\u20ac\u0153 http:\/\/www.radioszene.de\/32990\/rainer-holbe-das-radio-luxemburg-von-damals-haette-heute-keine-chance.html","rel":"","context":"In &quot;Deutsch&quot;","block_context":{"text":"Deutsch","link":"https:\/\/www.achimbrueckner.de\/dxradio\/php\/wordpress\/?cat=1"},"img":{"alt_text":"","src":"","width":0,"height":0},"classes":[]},{"id":13675,"url":"https:\/\/www.achimbrueckner.de\/dxradio\/php\/wordpress\/?p=13675","url_meta":{"origin":42249,"position":5},"title":"60 Jahre Radio Luxemburg: Eine Legende kehrt f\u00fcr ein Wochenende zur\u00fcck","author":"Administrator","date":"July 9, 2017","format":false,"excerpt":"http:\/\/www.radioszene.de\/108073\/rtl-radio-luxemburg-60jahre.html","rel":"","context":"In &quot;Deutsch&quot;","block_context":{"text":"Deutsch","link":"https:\/\/www.achimbrueckner.de\/dxradio\/php\/wordpress\/?cat=1"},"img":{"alt_text":"","src":"","width":0,"height":0},"classes":[]}],"_links":{"self":[{"href":"https:\/\/www.achimbrueckner.de\/dxradio\/php\/wordpress\/index.php?rest_route=\/wp\/v2\/posts\/42249","targetHints":{"allow":["GET"]}}],"collection":[{"href":"https:\/\/www.achimbrueckner.de\/dxradio\/php\/wordpress\/index.php?rest_route=\/wp\/v2\/posts"}],"about":[{"href":"https:\/\/www.achimbrueckner.de\/dxradio\/php\/wordpress\/index.php?rest_route=\/wp\/v2\/types\/post"}],"author":[{"embeddable":true,"href":"https:\/\/www.achimbrueckner.de\/dxradio\/php\/wordpress\/index.php?rest_route=\/wp\/v2\/users\/1"}],"replies":[{"embeddable":true,"href":"https:\/\/www.achimbrueckner.de\/dxradio\/php\/wordpress\/index.php?rest_route=%2Fwp%2Fv2%2Fcomments&post=42249"}],"version-history":[{"count":0,"href":"https:\/\/www.achimbrueckner.de\/dxradio\/php\/wordpress\/index.php?rest_route=\/wp\/v2\/posts\/42249\/revisions"}],"wp:attachment":[{"href":"https:\/\/www.achimbrueckner.de\/dxradio\/php\/wordpress\/index.php?rest_route=%2Fwp%2Fv2%2Fmedia&parent=42249"}],"wp:term":[{"taxonomy":"category","embeddable":true,"href":"https:\/\/www.achimbrueckner.de\/dxradio\/php\/wordpress\/index.php?rest_route=%2Fwp%2Fv2%2Fcategories&post=42249"},{"taxonomy":"post_tag","embeddable":true,"href":"https:\/\/www.achimbrueckner.de\/dxradio\/php\/wordpress\/index.php?rest_route=%2Fwp%2Fv2%2Ftags&post=42249"}],"curies":[{"name":"wp","href":"https:\/\/api.w.org\/{rel}","templated":true}]}}