{"id":42269,"date":"2025-02-27T15:05:59","date_gmt":"2025-02-27T15:05:59","guid":{"rendered":"https:\/\/www.achimbrueckner.de\/dxradio\/php\/wordpress\/?p=42269"},"modified":"2025-02-27T15:05:59","modified_gmt":"2025-02-27T15:05:59","slug":"nmo-streaming-audio-standaard-npo-radio-2-blijft-marktleider","status":"publish","type":"post","link":"https:\/\/www.achimbrueckner.de\/dxradio\/php\/wordpress\/?p=42269","title":{"rendered":"NMO Streaming Audio Standaard: NPO Radio 2 blijft marktleider"},"content":{"rendered":"<p><a href=\"https:\/\/www.radiotrefpunt.nl\/entry\/8196-nmo-streaming-audio-standaard-npo-radio-2-blijft-marktleider\/\" target=\"_blank\">https:\/\/www.radiotrefpunt.nl\/entry\/8196-nmo-streaming-audio-standaard-npo-radio-2-blijft-marktleider\/<\/a><\/p>\n","protected":false},"excerpt":{"rendered":"<p>https:\/\/www.radiotrefpunt.nl\/entry\/8196-nmo-streaming-audio-standaard-npo-radio-2-blijft-marktleider\/<\/p>\n","protected":false},"author":1,"featured_media":0,"comment_status":"closed","ping_status":"open","sticky":false,"template":"","format":"standard","meta":{"_jetpack_memberships_contains_paid_content":false,"footnotes":"","jetpack_publicize_message":"","jetpack_publicize_feature_enabled":true,"jetpack_social_post_already_shared":true,"jetpack_social_options":{"image_generator_settings":{"template":"highway","default_image_id":0,"font":"","enabled":false},"version":2}},"categories":[1],"tags":[],"class_list":["post-42269","post","type-post","status-publish","format-standard","hentry","category-deutsch"],"jetpack_publicize_connections":[],"jetpack_featured_media_url":"","jetpack_sharing_enabled":true,"jetpack_shortlink":"https:\/\/wp.me\/p5CDmr-aZL","jetpack-related-posts":[{"id":1491,"url":"https:\/\/www.achimbrueckner.de\/dxradio\/php\/wordpress\/?p=1491","url_meta":{"origin":42269,"position":0},"title":"H\u00f6rerzahlen in Holland","author":"Administrator","date":"April 21, 2011","format":false,"excerpt":"H\u00f6rerzahlen in Holland: Radio 1 \u00fcberholt Sky Radio und 3FM \u00fcberholt Radio 2. Radio 538 bleibt Marktf\u00fchrer: http:\/\/www.radiofreak.nl\/nieuws\/10455\/Luistercijfers-februari-maart:-Kleine-verschuivingen-538-blijft-marktleider\/ Info via Radioszene","rel":"","context":"In &quot;Deutsch&quot;","block_context":{"text":"Deutsch","link":"https:\/\/www.achimbrueckner.de\/dxradio\/php\/wordpress\/?cat=1"},"img":{"alt_text":"","src":"","width":0,"height":0},"classes":[]},{"id":38542,"url":"https:\/\/www.achimbrueckner.de\/dxradio\/php\/wordpress\/?p=38542","url_meta":{"origin":42269,"position":1},"title":"Aus NPO Radio 4 wurde NPO Klassiek","author":"Administrator","date":"January 10, 2023","format":false,"excerpt":"https:\/\/www.radioblog.eu\/2023\/01\/09\/aus-npo-radio-4-wurde-npo-klassiek\/","rel":"","context":"In &quot;Deutsch&quot;","block_context":{"text":"Deutsch","link":"https:\/\/www.achimbrueckner.de\/dxradio\/php\/wordpress\/?cat=1"},"img":{"alt_text":"","src":"","width":0,"height":0},"classes":[]},{"id":5768,"url":"https:\/\/www.achimbrueckner.de\/dxradio\/php\/wordpress\/?p=5768","url_meta":{"origin":42269,"position":2},"title":"Radio Paradijs verwelkomt de AM luisteraars van NPO Radio 5","author":"Administrator","date":"September 1, 2015","format":false,"excerpt":"http:\/\/radiotrefpunt.nl\/2015\/08\/30\/radio-paradijs-verwelkomt-de-am-luisteraars-van-npo-radio-5\/","rel":"","context":"In &quot;Deutsch&quot;","block_context":{"text":"Deutsch","link":"https:\/\/www.achimbrueckner.de\/dxradio\/php\/wordpress\/?cat=1"},"img":{"alt_text":"","src":"","width":0,"height":0},"classes":[]},{"id":5545,"url":"https:\/\/www.achimbrueckner.de\/dxradio\/php\/wordpress\/?p=5545","url_meta":{"origin":42269,"position":3},"title":"NPO Radio 5 neemt afscheid van de middengolf","author":"Administrator","date":"August 13, 2015","format":false,"excerpt":"http:\/\/radiotrefpunt.nl\/2015\/08\/13\/npo-radio-5-neemt-afscheid-van-de-middengolf\/","rel":"","context":"In &quot;Deutsch&quot;","block_context":{"text":"Deutsch","link":"https:\/\/www.achimbrueckner.de\/dxradio\/php\/wordpress\/?cat=1"},"img":{"alt_text":"","src":"","width":0,"height":0},"classes":[]},{"id":5612,"url":"https:\/\/www.achimbrueckner.de\/dxradio\/php\/wordpress\/?p=5612","url_meta":{"origin":42269,"position":4},"title":"NL: NPO Radio 5 verl\u00e4sst Mittelwelle zum 01.09.2015","author":"Administrator","date":"August 18, 2015","format":false,"excerpt":"https:\/\/ukwdx.wordpress.com\/2015\/08\/18\/nl-npo-radio-5-verlaesst-mittelwelle\/","rel":"","context":"In &quot;Deutsch&quot;","block_context":{"text":"Deutsch","link":"https:\/\/www.achimbrueckner.de\/dxradio\/php\/wordpress\/?cat=1"},"img":{"alt_text":"","src":"","width":0,"height":0},"classes":[]},{"id":40775,"url":"https:\/\/www.achimbrueckner.de\/dxradio\/php\/wordpress\/?p=40775","url_meta":{"origin":42269,"position":5},"title":"NPO-radio noemt 2023 succesvol jaar, Qmusic spreekt van een recordjaar","author":"Administrator","date":"January 6, 2024","format":false,"excerpt":"https:\/\/www.radiofreak.nl\/npo-radio-noemt-2023-succesvol-jaar-qmusic-spreekt-van-een-recordjaar\/","rel":"","context":"In &quot;Deutsch&quot;","block_context":{"text":"Deutsch","link":"https:\/\/www.achimbrueckner.de\/dxradio\/php\/wordpress\/?cat=1"},"img":{"alt_text":"","src":"","width":0,"height":0},"classes":[]}],"_links":{"self":[{"href":"https:\/\/www.achimbrueckner.de\/dxradio\/php\/wordpress\/index.php?rest_route=\/wp\/v2\/posts\/42269","targetHints":{"allow":["GET"]}}],"collection":[{"href":"https:\/\/www.achimbrueckner.de\/dxradio\/php\/wordpress\/index.php?rest_route=\/wp\/v2\/posts"}],"about":[{"href":"https:\/\/www.achimbrueckner.de\/dxradio\/php\/wordpress\/index.php?rest_route=\/wp\/v2\/types\/post"}],"author":[{"embeddable":true,"href":"https:\/\/www.achimbrueckner.de\/dxradio\/php\/wordpress\/index.php?rest_route=\/wp\/v2\/users\/1"}],"replies":[{"embeddable":true,"href":"https:\/\/www.achimbrueckner.de\/dxradio\/php\/wordpress\/index.php?rest_route=%2Fwp%2Fv2%2Fcomments&post=42269"}],"version-history":[{"count":0,"href":"https:\/\/www.achimbrueckner.de\/dxradio\/php\/wordpress\/index.php?rest_route=\/wp\/v2\/posts\/42269\/revisions"}],"wp:attachment":[{"href":"https:\/\/www.achimbrueckner.de\/dxradio\/php\/wordpress\/index.php?rest_route=%2Fwp%2Fv2%2Fmedia&parent=42269"}],"wp:term":[{"taxonomy":"category","embeddable":true,"href":"https:\/\/www.achimbrueckner.de\/dxradio\/php\/wordpress\/index.php?rest_route=%2Fwp%2Fv2%2Fcategories&post=42269"},{"taxonomy":"post_tag","embeddable":true,"href":"https:\/\/www.achimbrueckner.de\/dxradio\/php\/wordpress\/index.php?rest_route=%2Fwp%2Fv2%2Ftags&post=42269"}],"curies":[{"name":"wp","href":"https:\/\/api.w.org\/{rel}","templated":true}]}}