{"id":42275,"date":"2025-02-27T18:23:25","date_gmt":"2025-02-27T18:23:25","guid":{"rendered":"https:\/\/www.achimbrueckner.de\/dxradio\/php\/wordpress\/?p=42275"},"modified":"2025-02-27T18:23:25","modified_gmt":"2025-02-27T18:23:25","slug":"reuter-rsr200-sdr","status":"publish","type":"post","link":"https:\/\/www.achimbrueckner.de\/dxradio\/php\/wordpress\/?p=42275","title":{"rendered":"Reuter RSR200 SDR"},"content":{"rendered":"<p>Heute ist das erste Exemplar des Reuter RSR200 bei einem Hobbyfreund gelandet.<\/p>\n<p>Das Handbuch zum RSR200 ist ab sofort zum Download bereit:<br \/>\n<a href=\"https:\/\/www.reuter-elektronik.de\/RSR200_BA_V100.pdf\" target=\"_blank\">https:\/\/www.reuter-elektronik.de\/RSR200_BA_V100.pdf<\/a><\/p>\n<p>Info via <a href=\"https:\/\/www.ratzer.at\" target=\"_blank\">A-DX<\/a><\/p>\n","protected":false},"excerpt":{"rendered":"<p>Heute ist das erste Exemplar des Reuter RSR200 bei einem Hobbyfreund gelandet. Das Handbuch zum RSR200 ist ab sofort zum Download bereit: https:\/\/www.reuter-elektronik.de\/RSR200_BA_V100.pdf Info via A-DX<\/p>\n","protected":false},"author":1,"featured_media":0,"comment_status":"closed","ping_status":"open","sticky":false,"template":"","format":"standard","meta":{"_jetpack_memberships_contains_paid_content":false,"footnotes":"","jetpack_publicize_message":"","jetpack_publicize_feature_enabled":true,"jetpack_social_post_already_shared":true,"jetpack_social_options":{"image_generator_settings":{"template":"highway","default_image_id":0,"font":"","enabled":false},"version":2}},"categories":[1],"tags":[],"class_list":["post-42275","post","type-post","status-publish","format-standard","hentry","category-deutsch"],"jetpack_publicize_connections":[],"jetpack_featured_media_url":"","jetpack_sharing_enabled":true,"jetpack_shortlink":"https:\/\/wp.me\/p5CDmr-aZR","jetpack-related-posts":[{"id":17678,"url":"https:\/\/www.achimbrueckner.de\/dxradio\/php\/wordpress\/?p=17678","url_meta":{"origin":42275,"position":0},"title":"Reuter Pocket: Das ist die eierlegende Wollmilchsau unter den Weltempf\u00e4ngern","author":"Administrator","date":"May 9, 2018","format":false,"excerpt":"https:\/\/www.smartphonefan.de\/2018\/05\/08\/reuter-pocket-das-ist-die-eierlegende-wollmilchsau-unter-den-weltempfaengern\/","rel":"","context":"In &quot;Deutsch&quot;","block_context":{"text":"Deutsch","link":"https:\/\/www.achimbrueckner.de\/dxradio\/php\/wordpress\/?cat=1"},"img":{"alt_text":"","src":"","width":0,"height":0},"classes":[]},{"id":2375,"url":"https:\/\/www.achimbrueckner.de\/dxradio\/php\/wordpress\/?p=2375","url_meta":{"origin":42275,"position":1},"title":"6. bis zum 10. M\u00e4rz 2013 Wintercamp der RADIOFREUNDE NRW","author":"Administrator","date":"January 26, 2013","format":false,"excerpt":"Hallo liebe YL und OM, vom 6. bis zum 10. M\u00e4rz findet das Wintercamp der RADIOFREUNDE NRW im Naturfreundehaus Holzerbachtal in Solingen, Ortsteil Solingen-Wald statt. Dort treffen sich bis zu 10 DXer zum H\u00f6ren, Fachsimpeln und gem\u00fctlichen Beisammensein. Die 10 Pl\u00e4tze waren diesmal in einer guten Woche ausgebucht. Tagesbesucher sind\u2026","rel":"","context":"In &quot;camps&quot;","block_context":{"text":"camps","link":"https:\/\/www.achimbrueckner.de\/dxradio\/php\/wordpress\/?cat=5"},"img":{"alt_text":"","src":"","width":0,"height":0},"classes":[]},{"id":26453,"url":"https:\/\/www.achimbrueckner.de\/dxradio\/php\/wordpress\/?p=26453","url_meta":{"origin":42275,"position":2},"title":"Radiofreunde Wintercamp 2020 Besuchertag","author":"Administrator","date":"December 30, 2019","format":false,"excerpt":"Die Radiofreunde NRW laden w\u00e4hrend ihres Wintercamps 2020 wieder zum traditionellen Besuchertag ein am Samstag, den 18. Januar 2020 ab 13:30 Uhr im Naturfreundehaus Holzerbachtal, Eipa\u00dfstr. 25 b in 42719 Solingen. Rundfunkfreunde, SWL, Funkamateure und Technikinteressierte treffen sich zu Gespr\u00e4ch & Austausch rund um die HF-Technik. Der neue HF-Signalverteiler \u201eJK-1000\u201c\u2026","rel":"","context":"In &quot;camps&quot;","block_context":{"text":"camps","link":"https:\/\/www.achimbrueckner.de\/dxradio\/php\/wordpress\/?cat=5"},"img":{"alt_text":"","src":"","width":0,"height":0},"classes":[]},{"id":31628,"url":"https:\/\/www.achimbrueckner.de\/dxradio\/php\/wordpress\/?p=31628","url_meta":{"origin":42275,"position":3},"title":"DAB+ DX: Reuter Pocket vs. Sony XDR-P1DBP","author":"Administrator","date":"January 12, 2021","format":false,"excerpt":"https:\/\/www.smartphonefan.de\/2021\/01\/12\/dab-dx-reuter-pocket-vs-sony-xdr-p1dbp\/","rel":"","context":"In &quot;Deutsch&quot;","block_context":{"text":"Deutsch","link":"https:\/\/www.achimbrueckner.de\/dxradio\/php\/wordpress\/?cat=1"},"img":{"alt_text":"","src":"","width":0,"height":0},"classes":[]},{"id":17957,"url":"https:\/\/www.achimbrueckner.de\/dxradio\/php\/wordpress\/?p=17957","url_meta":{"origin":42275,"position":4},"title":"Rundfunkfernempfang: Die ersten Wochen mit dem Reuter Pocket","author":"Administrator","date":"May 28, 2018","format":false,"excerpt":"https:\/\/www.smartphonefan.de\/2018\/05\/26\/rundfunkfernempfang-die-ersten-wochen-mit-dem-reuter-pocket\/","rel":"","context":"In &quot;Deutsch&quot;","block_context":{"text":"Deutsch","link":"https:\/\/www.achimbrueckner.de\/dxradio\/php\/wordpress\/?cat=1"},"img":{"alt_text":"","src":"","width":0,"height":0},"classes":[]},{"id":1800,"url":"https:\/\/www.achimbrueckner.de\/dxradio\/php\/wordpress\/?p=1800","url_meta":{"origin":42275,"position":5},"title":"RMRC Herbst DX-Camp in Langenselbold 3.-9.10.2011","author":"Administrator","date":"September 19, 2011","format":false,"excerpt":"Der Rhein-Main-Radio-Club l\u00e4d ein zum **Herbst DX-Camp in Langenselbold 3.-9.10.2011** Die ersten Tage und N\u00e4chte Mo-Mi. wie immer zum intensiveren H\u00f6ren bei Kaffee, Bier oder Rotwein. Wir werden auf dem DX-Camp die neueste mpf\u00e4ngerentwicklung der Fa. Reuter zum testen und ausprobieren haben und aller Voraussicht nach wird uns Fr. oder\u2026","rel":"","context":"In &quot;camps&quot;","block_context":{"text":"camps","link":"https:\/\/www.achimbrueckner.de\/dxradio\/php\/wordpress\/?cat=5"},"img":{"alt_text":"","src":"","width":0,"height":0},"classes":[]}],"_links":{"self":[{"href":"https:\/\/www.achimbrueckner.de\/dxradio\/php\/wordpress\/index.php?rest_route=\/wp\/v2\/posts\/42275","targetHints":{"allow":["GET"]}}],"collection":[{"href":"https:\/\/www.achimbrueckner.de\/dxradio\/php\/wordpress\/index.php?rest_route=\/wp\/v2\/posts"}],"about":[{"href":"https:\/\/www.achimbrueckner.de\/dxradio\/php\/wordpress\/index.php?rest_route=\/wp\/v2\/types\/post"}],"author":[{"embeddable":true,"href":"https:\/\/www.achimbrueckner.de\/dxradio\/php\/wordpress\/index.php?rest_route=\/wp\/v2\/users\/1"}],"replies":[{"embeddable":true,"href":"https:\/\/www.achimbrueckner.de\/dxradio\/php\/wordpress\/index.php?rest_route=%2Fwp%2Fv2%2Fcomments&post=42275"}],"version-history":[{"count":0,"href":"https:\/\/www.achimbrueckner.de\/dxradio\/php\/wordpress\/index.php?rest_route=\/wp\/v2\/posts\/42275\/revisions"}],"wp:attachment":[{"href":"https:\/\/www.achimbrueckner.de\/dxradio\/php\/wordpress\/index.php?rest_route=%2Fwp%2Fv2%2Fmedia&parent=42275"}],"wp:term":[{"taxonomy":"category","embeddable":true,"href":"https:\/\/www.achimbrueckner.de\/dxradio\/php\/wordpress\/index.php?rest_route=%2Fwp%2Fv2%2Fcategories&post=42275"},{"taxonomy":"post_tag","embeddable":true,"href":"https:\/\/www.achimbrueckner.de\/dxradio\/php\/wordpress\/index.php?rest_route=%2Fwp%2Fv2%2Ftags&post=42275"}],"curies":[{"name":"wp","href":"https:\/\/api.w.org\/{rel}","templated":true}]}}