{"id":42379,"date":"2025-03-17T18:02:57","date_gmt":"2025-03-17T18:02:57","guid":{"rendered":"https:\/\/www.achimbrueckner.de\/dxradio\/php\/wordpress\/?p=42379"},"modified":"2025-03-17T18:02:57","modified_gmt":"2025-03-17T18:02:57","slug":"italien-free-dab-startet-neuen-dab-mux-in-kampanien","status":"publish","type":"post","link":"https:\/\/www.achimbrueckner.de\/dxradio\/php\/wordpress\/?p=42379","title":{"rendered":"Italien: Free DAB startet neuen DAB+ Mux in Kampanien"},"content":{"rendered":"<p><a href=\"https:\/\/www.radioblog.eu\/2025\/03\/17\/italien-free-dab-startet-neuen-dab-mux-in-kampanien\/\" target=\"_blank\">https:\/\/www.radioblog.eu\/2025\/03\/17\/italien-free-dab-startet-neuen-dab-mux-in-kampanien\/<\/a><\/p>\n","protected":false},"excerpt":{"rendered":"<p>https:\/\/www.radioblog.eu\/2025\/03\/17\/italien-free-dab-startet-neuen-dab-mux-in-kampanien\/<\/p>\n","protected":false},"author":1,"featured_media":0,"comment_status":"closed","ping_status":"open","sticky":false,"template":"","format":"standard","meta":{"_jetpack_memberships_contains_paid_content":false,"footnotes":"","jetpack_publicize_message":"","jetpack_publicize_feature_enabled":true,"jetpack_social_post_already_shared":true,"jetpack_social_options":{"image_generator_settings":{"template":"highway","default_image_id":0,"font":"","enabled":false},"version":2}},"categories":[1],"tags":[],"class_list":["post-42379","post","type-post","status-publish","format-standard","hentry","category-deutsch"],"jetpack_publicize_connections":[],"jetpack_featured_media_url":"","jetpack_sharing_enabled":true,"jetpack_shortlink":"https:\/\/wp.me\/p5CDmr-b1x","jetpack-related-posts":[{"id":23586,"url":"https:\/\/www.achimbrueckner.de\/dxradio\/php\/wordpress\/?p=23586","url_meta":{"origin":42379,"position":0},"title":"DAB+ in Europa: Privatradio-Mux in Schweden startet im Sommer, DAB+ kommt nach Nantes","author":"Administrator","date":"July 2, 2019","format":false,"excerpt":"http:\/\/www.radiowoche.de\/dab-in-europa-privatradio-mux-in-schweden-startet-im-sommer-dab-kommt-nach-nantes\/","rel":"","context":"In &quot;Deutsch&quot;","block_context":{"text":"Deutsch","link":"https:\/\/www.achimbrueckner.de\/dxradio\/php\/wordpress\/?cat=1"},"img":{"alt_text":"","src":"","width":0,"height":0},"classes":[]},{"id":44745,"url":"https:\/\/www.achimbrueckner.de\/dxradio\/php\/wordpress\/?p=44745","url_meta":{"origin":42379,"position":1},"title":"Gro\u00dfbritannien: U.DAB startet gr\u00f6\u00dften DAB+ Small Scale Mux im Vereinigten K\u00f6nigreich","author":"Administrator","date":"January 7, 2026","format":false,"excerpt":"https:\/\/www.radioblog.eu\/2026\/01\/06\/grossbritannien-u-dab-startet-groessten-dab-small-scale-mux-im-vereinigten-koenigreich\/","rel":"","context":"In &quot;Deutsch&quot;","block_context":{"text":"Deutsch","link":"https:\/\/www.achimbrueckner.de\/dxradio\/php\/wordpress\/?cat=1"},"img":{"alt_text":"","src":"","width":0,"height":0},"classes":[]},{"id":33921,"url":"https:\/\/www.achimbrueckner.de\/dxradio\/php\/wordpress\/?p=33921","url_meta":{"origin":42379,"position":2},"title":"DAB+ in Th\u00fcringen: Privatfunk-Mux startet auf Sparflamme","author":"Administrator","date":"October 30, 2021","format":false,"excerpt":"https:\/\/www.smartphonefan.de\/2021\/10\/30\/dab-in-thueringen-privatfunk-mux-startet-auf-sparflamme\/","rel":"","context":"In &quot;Deutsch&quot;","block_context":{"text":"Deutsch","link":"https:\/\/www.achimbrueckner.de\/dxradio\/php\/wordpress\/?cat=1"},"img":{"alt_text":"","src":"","width":0,"height":0},"classes":[]},{"id":43472,"url":"https:\/\/www.achimbrueckner.de\/dxradio\/php\/wordpress\/?p=43472","url_meta":{"origin":42379,"position":3},"title":"Niederlande: Radio Continu startet im DAB+ Mux MTVNL","author":"Administrator","date":"August 2, 2025","format":false,"excerpt":"https:\/\/www.radioblog.eu\/2025\/08\/02\/niederlande-radio-continu-startet-im-dab-mux-mtvnl\/","rel":"","context":"In &quot;Deutsch&quot;","block_context":{"text":"Deutsch","link":"https:\/\/www.achimbrueckner.de\/dxradio\/php\/wordpress\/?cat=1"},"img":{"alt_text":"","src":"","width":0,"height":0},"classes":[]},{"id":35753,"url":"https:\/\/www.achimbrueckner.de\/dxradio\/php\/wordpress\/?p=35753","url_meta":{"origin":42379,"position":4},"title":"Farbenhersteller Brillux startet Radioprogramm im 2. DAB+-Bundesmux \u2013 Femotion Radio wechselt in NRW-Mux","author":"Administrator","date":"April 14, 2022","format":false,"excerpt":"https:\/\/www.radiowoche.de\/farbenhersteller-brillux-startet-radioprogramm-im-2-dab-bundesmux-femotion-radio-wechselt-in-den-nrw-mux\/","rel":"","context":"In &quot;Deutsch&quot;","block_context":{"text":"Deutsch","link":"https:\/\/www.achimbrueckner.de\/dxradio\/php\/wordpress\/?cat=1"},"img":{"alt_text":"","src":"","width":0,"height":0},"classes":[]},{"id":32835,"url":"https:\/\/www.achimbrueckner.de\/dxradio\/php\/wordpress\/?p=32835","url_meta":{"origin":42379,"position":5},"title":"DAB+ in Baden-W\u00fcrttemberg: Privatradio-Mux sendet von zwei neuen Standorten","author":"Administrator","date":"June 7, 2021","format":false,"excerpt":"https:\/\/www.radiowoche.de\/dab-in-baden-wuerttemberg-privatradio-mux-von-zwei-neuen-standorten\/","rel":"","context":"In &quot;Deutsch&quot;","block_context":{"text":"Deutsch","link":"https:\/\/www.achimbrueckner.de\/dxradio\/php\/wordpress\/?cat=1"},"img":{"alt_text":"","src":"","width":0,"height":0},"classes":[]}],"_links":{"self":[{"href":"https:\/\/www.achimbrueckner.de\/dxradio\/php\/wordpress\/index.php?rest_route=\/wp\/v2\/posts\/42379","targetHints":{"allow":["GET"]}}],"collection":[{"href":"https:\/\/www.achimbrueckner.de\/dxradio\/php\/wordpress\/index.php?rest_route=\/wp\/v2\/posts"}],"about":[{"href":"https:\/\/www.achimbrueckner.de\/dxradio\/php\/wordpress\/index.php?rest_route=\/wp\/v2\/types\/post"}],"author":[{"embeddable":true,"href":"https:\/\/www.achimbrueckner.de\/dxradio\/php\/wordpress\/index.php?rest_route=\/wp\/v2\/users\/1"}],"replies":[{"embeddable":true,"href":"https:\/\/www.achimbrueckner.de\/dxradio\/php\/wordpress\/index.php?rest_route=%2Fwp%2Fv2%2Fcomments&post=42379"}],"version-history":[{"count":0,"href":"https:\/\/www.achimbrueckner.de\/dxradio\/php\/wordpress\/index.php?rest_route=\/wp\/v2\/posts\/42379\/revisions"}],"wp:attachment":[{"href":"https:\/\/www.achimbrueckner.de\/dxradio\/php\/wordpress\/index.php?rest_route=%2Fwp%2Fv2%2Fmedia&parent=42379"}],"wp:term":[{"taxonomy":"category","embeddable":true,"href":"https:\/\/www.achimbrueckner.de\/dxradio\/php\/wordpress\/index.php?rest_route=%2Fwp%2Fv2%2Fcategories&post=42379"},{"taxonomy":"post_tag","embeddable":true,"href":"https:\/\/www.achimbrueckner.de\/dxradio\/php\/wordpress\/index.php?rest_route=%2Fwp%2Fv2%2Ftags&post=42379"}],"curies":[{"name":"wp","href":"https:\/\/api.w.org\/{rel}","templated":true}]}}